{"id":303,"count":28,"description":"<span style=\"font-weight: 400;\">Confira aqui conte\u00fados, artigos e materiais sobre os beb\u00eas, faixa et\u00e1ria de 0-3 anos do Col\u00e9gio Floren\u00e7a.<\/span>\r\n\r\n&nbsp;\r\n\r\n<span style=\"font-weight: 400;\">A Pedagogia Floren\u00e7a para a faixa et\u00e1ria dos beb\u00eas tem como foco essencial o respeito pelo ritmo de desenvolvimento desse per\u00edodo bem como gerar condi\u00e7\u00f5es para a estrutura\u00e7\u00e3o das bases da intelig\u00eancia da crian\u00e7a.<\/span>\r\n\r\n<span style=\"font-weight: 400;\">Atualmente o modelo educativo do Col\u00e9gio Acad\u00eamico Floren\u00e7a \u00e9 uma refer\u00eancia consolidada e a escola recebe anualmente dezenas de educadores que buscam inspira\u00e7\u00e3o em sua diferenciada metodologia, que segue sendo desenvolvida com intenso trabalho de estudos e pesquisas.<\/span>\r\n\r\n<b>Quais os benef\u00edcios de um trabalho adequado com os beb\u00eas?<\/b>\r\n<ul>\r\n \t<li style=\"font-weight: 400;\"><span style=\"font-weight: 400;\">O beb\u00ea fica mais resistente a doen\u00e7as e a acidentes pois tem \u00f3tima postura, equil\u00edbrio e no\u00e7\u00e3o espacial.<\/span><\/li>\r\n \t<li style=\"font-weight: 400;\"><span style=\"font-weight: 400;\">O beb\u00ea fica mais seguro, mais tranquilo, desenvolve uma boa rela\u00e7\u00e3o com os pais, professores, colegas e amigos.<\/span><\/li>\r\n \t<li style=\"font-weight: 400;\"><span style=\"font-weight: 400;\">O beb\u00ea sente-se capaz de fazer as coisas por ele mesmo, sente autoconfian\u00e7a, desenvolve a intelig\u00eancia e a capacidade de aprender.<\/span><\/li>\r\n \t<li style=\"font-weight: 400;\"><span style=\"font-weight: 400;\">Adapta-se \u00e0 escola de forma mais tranquila, o que gera tranquilidade para os seus pais, uma vez que esse modo de trabalhar facilita os v\u00ednculos afetivos.<\/span><\/li>\r\n<\/ul>","link":"https:\/\/www.colegioflorenca.com.br\/blog\/categoria\/0-3-anos\/bebes\/","name":"Beb\u00eas","slug":"bebes","taxonomy":"category","parent":8,"meta":[],"yoast_head":"<!-- This site is optimized with the Yoast SEO plugin v17.1 - https:\/\/yoast.com\/wordpress\/plugins\/seo\/ -->\n<title>Artigos sobre Beb\u00eas - Blog do Col\u00e9gio Acad\u00eamico Floren\u00e7a<\/title>\n<meta name=\"description\" content=\"Confira aqui conte\u00fados, artigos e materiais sobre beb\u00eas, faixa et\u00e1ria correspondente aos 0-3 anos no Col\u00e9gio Acad\u00eamico Floren\u00e7a.\" \/>\n<meta name=\"robots\" content=\"index, follow, max-snippet:-1, max-image-preview:large, max-video-preview:-1\" \/>\n<link rel=\"canonical\" href=\"https:\/\/www.colegioflorenca.com.br\/blog\/categoria\/0-3-anos\/bebes\/\" \/>\n<meta property=\"og:locale\" content=\"pt_BR\" \/>\n<meta property=\"og:type\" content=\"article\" \/>\n<meta property=\"og:title\" content=\"Artigos sobre Beb\u00eas - Blog do Col\u00e9gio Acad\u00eamico Floren\u00e7a\" \/>\n<meta property=\"og:description\" content=\"Confira aqui conte\u00fados, artigos e materiais sobre beb\u00eas, faixa et\u00e1ria correspondente aos 0-3 anos no Col\u00e9gio Acad\u00eamico Floren\u00e7a.\" \/>\n<meta property=\"og:url\" content=\"https:\/\/www.colegioflorenca.com.br\/blog\/categoria\/0-3-anos\/bebes\/\" \/>\n<meta property=\"og:site_name\" content=\"Blog do Col\u00e9gio Acad\u00eamico Floren\u00e7a\" \/>\n<meta name=\"twitter:card\" content=\"summary_large_image\" \/>\n<script type=\"application\/ld+json\" class=\"yoast-schema-graph\">{\"@context\":\"https:\/\/schema.org\",\"@graph\":[{\"@type\":\"WebSite\",\"@id\":\"https:\/\/www.colegioflorenca.com.br\/blog\/#website\",\"url\":\"https:\/\/www.colegioflorenca.com.br\/blog\/\",\"name\":\"Col\\u00e9gio Acad\\u00eamico Floren\\u00e7a\",\"description\":\"Col\\u00e9gio Floren\\u00e7a - Escola Infantil em Florian\\u00f3polis\",\"potentialAction\":[{\"@type\":\"SearchAction\",\"target\":{\"@type\":\"EntryPoint\",\"urlTemplate\":\"https:\/\/www.colegioflorenca.com.br\/blog\/?s={search_term_string}\"},\"query-input\":\"required name=search_term_string\"}],\"inLanguage\":\"pt-BR\"},{\"@type\":\"CollectionPage\",\"@id\":\"https:\/\/www.colegioflorenca.com.br\/blog\/categoria\/0-3-anos\/bebes\/#webpage\",\"url\":\"https:\/\/www.colegioflorenca.com.br\/blog\/categoria\/0-3-anos\/bebes\/\",\"name\":\"Artigos sobre Beb\\u00eas - Blog do Col\\u00e9gio Acad\\u00eamico Floren\\u00e7a\",\"isPartOf\":{\"@id\":\"https:\/\/www.colegioflorenca.com.br\/blog\/#website\"},\"description\":\"Confira aqui conte\\u00fados, artigos e materiais sobre beb\\u00eas, faixa et\\u00e1ria correspondente aos 0-3 anos no Col\\u00e9gio Acad\\u00eamico Floren\\u00e7a.\",\"breadcrumb\":{\"@id\":\"https:\/\/www.colegioflorenca.com.br\/blog\/categoria\/0-3-anos\/bebes\/#breadcrumb\"},\"inLanguage\":\"pt-BR\",\"potentialAction\":[{\"@type\":\"ReadAction\",\"target\":[\"https:\/\/www.colegioflorenca.com.br\/blog\/categoria\/0-3-anos\/bebes\/\"]}]},{\"@type\":\"BreadcrumbList\",\"@id\":\"https:\/\/www.colegioflorenca.com.br\/blog\/categoria\/0-3-anos\/bebes\/#breadcrumb\",\"itemListElement\":[{\"@type\":\"ListItem\",\"position\":1,\"name\":\"In\\u00edcio\",\"item\":\"https:\/\/www.colegioflorenca.com.br\/blog\/\"},{\"@type\":\"ListItem\",\"position\":2,\"name\":\"0-3 anos\",\"item\":\"https:\/\/www.colegioflorenca.com.br\/blog\/categoria\/0-3-anos\/\"},{\"@type\":\"ListItem\",\"position\":3,\"name\":\"Beb\\u00eas\"}]}]}<\/script>\n<!-- \/ Yoast SEO plugin. -->","yoast_head_json":{"title":"Artigos sobre Beb\u00eas - Blog do Col\u00e9gio Acad\u00eamico Floren\u00e7a","description":"Confira aqui conte\u00fados, artigos e materiais sobre beb\u00eas, faixa et\u00e1ria correspondente aos 0-3 anos no Col\u00e9gio Acad\u00eamico Floren\u00e7a.","robots":{"index":"index","follow":"follow","max-snippet":"max-snippet:-1","max-image-preview":"max-image-preview:large","max-video-preview":"max-video-preview:-1"},"canonical":"https:\/\/www.colegioflorenca.com.br\/blog\/categoria\/0-3-anos\/bebes\/","og_locale":"pt_BR","og_type":"article","og_title":"Artigos sobre Beb\u00eas - Blog do Col\u00e9gio Acad\u00eamico Floren\u00e7a","og_description":"Confira aqui conte\u00fados, artigos e materiais sobre beb\u00eas, faixa et\u00e1ria correspondente aos 0-3 anos no Col\u00e9gio Acad\u00eamico Floren\u00e7a.","og_url":"https:\/\/www.colegioflorenca.com.br\/blog\/categoria\/0-3-anos\/bebes\/","og_site_name":"Blog do Col\u00e9gio Acad\u00eamico Floren\u00e7a","twitter_card":"summary_large_image","schema":{"@context":"https:\/\/schema.org","@graph":[{"@type":"WebSite","@id":"https:\/\/www.colegioflorenca.com.br\/blog\/#website","url":"https:\/\/www.colegioflorenca.com.br\/blog\/","name":"Col\u00e9gio Acad\u00eamico Floren\u00e7a","description":"Col\u00e9gio Floren\u00e7a - Escola Infantil em Florian\u00f3polis","potentialAction":[{"@type":"SearchAction","target":{"@type":"EntryPoint","urlTemplate":"https:\/\/www.colegioflorenca.com.br\/blog\/?s={search_term_string}"},"query-input":"required name=search_term_string"}],"inLanguage":"pt-BR"},{"@type":"CollectionPage","@id":"https:\/\/www.colegioflorenca.com.br\/blog\/categoria\/0-3-anos\/bebes\/#webpage","url":"https:\/\/www.colegioflorenca.com.br\/blog\/categoria\/0-3-anos\/bebes\/","name":"Artigos sobre Beb\u00eas - Blog do Col\u00e9gio Acad\u00eamico Floren\u00e7a","isPartOf":{"@id":"https:\/\/www.colegioflorenca.com.br\/blog\/#website"},"description":"Confira aqui conte\u00fados, artigos e materiais sobre beb\u00eas, faixa et\u00e1ria correspondente aos 0-3 anos no Col\u00e9gio Acad\u00eamico Floren\u00e7a.","breadcrumb":{"@id":"https:\/\/www.colegioflorenca.com.br\/blog\/categoria\/0-3-anos\/bebes\/#breadcrumb"},"inLanguage":"pt-BR","potentialAction":[{"@type":"ReadAction","target":["https:\/\/www.colegioflorenca.com.br\/blog\/categoria\/0-3-anos\/bebes\/"]}]},{"@type":"BreadcrumbList","@id":"https:\/\/www.colegioflorenca.com.br\/blog\/categoria\/0-3-anos\/bebes\/#breadcrumb","itemListElement":[{"@type":"ListItem","position":1,"name":"In\u00edcio","item":"https:\/\/www.colegioflorenca.com.br\/blog\/"},{"@type":"ListItem","position":2,"name":"0-3 anos","item":"https:\/\/www.colegioflorenca.com.br\/blog\/categoria\/0-3-anos\/"},{"@type":"ListItem","position":3,"name":"Beb\u00eas"}]}]}},"_links":{"self":[{"href":"https:\/\/www.colegioflorenca.com.br\/blog\/wp-json\/wp\/v2\/categories\/303","targetHints":{"allow":["GET"]}}],"collection":[{"href":"https:\/\/www.colegioflorenca.com.br\/blog\/wp-json\/wp\/v2\/categories"}],"about":[{"href":"https:\/\/www.colegioflorenca.com.br\/blog\/wp-json\/wp\/v2\/taxonomies\/category"}],"up":[{"embeddable":true,"href":"https:\/\/www.colegioflorenca.com.br\/blog\/wp-json\/wp\/v2\/categories\/8"}],"wp:post_type":[{"href":"https:\/\/www.colegioflorenca.com.br\/blog\/wp-json\/wp\/v2\/posts?categories=303"}],"curies":[{"name":"wp","href":"https:\/\/api.w.org\/{rel}","templated":true}]}}