{"id":8,"count":41,"description":"Confira aqui conte\u00fados, artigos e materiais sobre a faixa-et\u00e1ria 0-3 anos, etapa correspondente ao Grupo Beb\u00ea do Col\u00e9gio Floren\u00e7a.\r\n\r\nA Pedagogia Floren\u00e7a para esta faixa et\u00e1ria tem como foco essencial o respeito pelo ritmo de desenvolvimento dessa fundamental etapa bem como gerar condi\u00e7\u00f5es para a estrutura\u00e7\u00e3o das bases da intelig\u00eancia da crian\u00e7a.\r\n\r\nAtualmente o modelo educacional do Col\u00e9gio Floren\u00e7a \u00e9 uma refer\u00eancia consolidada e a escola recebe anualmente dezenas de educadores que buscam inspira\u00e7\u00e3o em sua destacada Pedagogia, que segue sendo desenvolvida com intenso trabalho de estudos e pesquisas.\r\n\r\n<strong>Quais os benef\u00edcios de um trabalho adequado com a faixa et\u00e1ria dos 0-3 anos?<\/strong>\r\n<div>\r\n<ul>\r\n \t<li>A crian\u00e7a fica mais resistente a doen\u00e7as e a acidentes pois tem \u00f3tima postura, equil\u00edbrio e no\u00e7\u00e3o espacial.<\/li>\r\n \t<li>Fica mais segura, mais tranquila, desenvolve uma boa rela\u00e7\u00e3o com os pais, professores, colegas e amigos.<\/li>\r\n \t<li>A crian\u00e7a sente-se capaz de fazer as coisas por ela mesma, sente autoconfian\u00e7a, desenvolve a intelig\u00eancia e a capacidade de aprender.<\/li>\r\n \t<li>Adapta-se ao Col\u00e9gio de forma mais tranquila, o que gera tranquilidade para os seus pais, uma vez que esse modo de trabalhar facilita os v\u00ednculos.<\/li>\r\n<\/ul>\r\n<\/div>","link":"https:\/\/www.colegioflorenca.com.br\/blog\/categoria\/0-3-anos\/","name":"0-3 anos","slug":"0-3-anos","taxonomy":"category","parent":0,"meta":[],"yoast_head":"<!-- This site is optimized with the Yoast SEO plugin v17.1 - https:\/\/yoast.com\/wordpress\/plugins\/seo\/ -->\n<title>Categoria - 0-3 anos - Blog do Col\u00e9gio Acad\u00eamico Floren\u00e7a<\/title>\n<meta name=\"description\" content=\"Conte\u00fados, artigos e materiais sobre a faixa-et\u00e1ria 0-3 anos, etapa correspondente ao Grupo Beb\u00ea do Col\u00e9gio Acad\u00eamico Floren\u00e7a.\" \/>\n<meta name=\"robots\" content=\"index, follow, max-snippet:-1, max-image-preview:large, max-video-preview:-1\" \/>\n<link rel=\"canonical\" href=\"https:\/\/www.colegioflorenca.com.br\/blog\/categoria\/0-3-anos\/\" \/>\n<meta property=\"og:locale\" content=\"pt_BR\" \/>\n<meta property=\"og:type\" content=\"article\" \/>\n<meta property=\"og:title\" content=\"Categoria - 0-3 anos - Blog do Col\u00e9gio Acad\u00eamico Floren\u00e7a\" \/>\n<meta property=\"og:description\" content=\"Conte\u00fados, artigos e materiais sobre a faixa-et\u00e1ria 0-3 anos, etapa correspondente ao Grupo Beb\u00ea do Col\u00e9gio Acad\u00eamico Floren\u00e7a.\" \/>\n<meta property=\"og:url\" content=\"https:\/\/www.colegioflorenca.com.br\/blog\/categoria\/0-3-anos\/\" \/>\n<meta property=\"og:site_name\" content=\"Blog do Col\u00e9gio Acad\u00eamico Floren\u00e7a\" \/>\n<meta name=\"twitter:card\" content=\"summary_large_image\" \/>\n<script type=\"application\/ld+json\" class=\"yoast-schema-graph\">{\"@context\":\"https:\/\/schema.org\",\"@graph\":[{\"@type\":\"WebSite\",\"@id\":\"https:\/\/www.colegioflorenca.com.br\/blog\/#website\",\"url\":\"https:\/\/www.colegioflorenca.com.br\/blog\/\",\"name\":\"Col\\u00e9gio Acad\\u00eamico Floren\\u00e7a\",\"description\":\"Col\\u00e9gio Floren\\u00e7a - Escola Infantil em Florian\\u00f3polis\",\"potentialAction\":[{\"@type\":\"SearchAction\",\"target\":{\"@type\":\"EntryPoint\",\"urlTemplate\":\"https:\/\/www.colegioflorenca.com.br\/blog\/?s={search_term_string}\"},\"query-input\":\"required name=search_term_string\"}],\"inLanguage\":\"pt-BR\"},{\"@type\":\"CollectionPage\",\"@id\":\"https:\/\/www.colegioflorenca.com.br\/blog\/categoria\/0-3-anos\/#webpage\",\"url\":\"https:\/\/www.colegioflorenca.com.br\/blog\/categoria\/0-3-anos\/\",\"name\":\"Categoria - 0-3 anos - Blog do Col\\u00e9gio Acad\\u00eamico Floren\\u00e7a\",\"isPartOf\":{\"@id\":\"https:\/\/www.colegioflorenca.com.br\/blog\/#website\"},\"description\":\"Conte\\u00fados, artigos e materiais sobre a faixa-et\\u00e1ria 0-3 anos, etapa correspondente ao Grupo Beb\\u00ea do Col\\u00e9gio Acad\\u00eamico Floren\\u00e7a.\",\"breadcrumb\":{\"@id\":\"https:\/\/www.colegioflorenca.com.br\/blog\/categoria\/0-3-anos\/#breadcrumb\"},\"inLanguage\":\"pt-BR\",\"potentialAction\":[{\"@type\":\"ReadAction\",\"target\":[\"https:\/\/www.colegioflorenca.com.br\/blog\/categoria\/0-3-anos\/\"]}]},{\"@type\":\"BreadcrumbList\",\"@id\":\"https:\/\/www.colegioflorenca.com.br\/blog\/categoria\/0-3-anos\/#breadcrumb\",\"itemListElement\":[{\"@type\":\"ListItem\",\"position\":1,\"name\":\"In\\u00edcio\",\"item\":\"https:\/\/www.colegioflorenca.com.br\/blog\/\"},{\"@type\":\"ListItem\",\"position\":2,\"name\":\"0-3 anos\"}]}]}<\/script>\n<!-- \/ Yoast SEO plugin. -->","yoast_head_json":{"title":"Categoria - 0-3 anos - Blog do Col\u00e9gio Acad\u00eamico Floren\u00e7a","description":"Conte\u00fados, artigos e materiais sobre a faixa-et\u00e1ria 0-3 anos, etapa correspondente ao Grupo Beb\u00ea do Col\u00e9gio Acad\u00eamico Floren\u00e7a.","robots":{"index":"index","follow":"follow","max-snippet":"max-snippet:-1","max-image-preview":"max-image-preview:large","max-video-preview":"max-video-preview:-1"},"canonical":"https:\/\/www.colegioflorenca.com.br\/blog\/categoria\/0-3-anos\/","og_locale":"pt_BR","og_type":"article","og_title":"Categoria - 0-3 anos - Blog do Col\u00e9gio Acad\u00eamico Floren\u00e7a","og_description":"Conte\u00fados, artigos e materiais sobre a faixa-et\u00e1ria 0-3 anos, etapa correspondente ao Grupo Beb\u00ea do Col\u00e9gio Acad\u00eamico Floren\u00e7a.","og_url":"https:\/\/www.colegioflorenca.com.br\/blog\/categoria\/0-3-anos\/","og_site_name":"Blog do Col\u00e9gio Acad\u00eamico Floren\u00e7a","twitter_card":"summary_large_image","schema":{"@context":"https:\/\/schema.org","@graph":[{"@type":"WebSite","@id":"https:\/\/www.colegioflorenca.com.br\/blog\/#website","url":"https:\/\/www.colegioflorenca.com.br\/blog\/","name":"Col\u00e9gio Acad\u00eamico Floren\u00e7a","description":"Col\u00e9gio Floren\u00e7a - Escola Infantil em Florian\u00f3polis","potentialAction":[{"@type":"SearchAction","target":{"@type":"EntryPoint","urlTemplate":"https:\/\/www.colegioflorenca.com.br\/blog\/?s={search_term_string}"},"query-input":"required name=search_term_string"}],"inLanguage":"pt-BR"},{"@type":"CollectionPage","@id":"https:\/\/www.colegioflorenca.com.br\/blog\/categoria\/0-3-anos\/#webpage","url":"https:\/\/www.colegioflorenca.com.br\/blog\/categoria\/0-3-anos\/","name":"Categoria - 0-3 anos - Blog do Col\u00e9gio Acad\u00eamico Floren\u00e7a","isPartOf":{"@id":"https:\/\/www.colegioflorenca.com.br\/blog\/#website"},"description":"Conte\u00fados, artigos e materiais sobre a faixa-et\u00e1ria 0-3 anos, etapa correspondente ao Grupo Beb\u00ea do Col\u00e9gio Acad\u00eamico Floren\u00e7a.","breadcrumb":{"@id":"https:\/\/www.colegioflorenca.com.br\/blog\/categoria\/0-3-anos\/#breadcrumb"},"inLanguage":"pt-BR","potentialAction":[{"@type":"ReadAction","target":["https:\/\/www.colegioflorenca.com.br\/blog\/categoria\/0-3-anos\/"]}]},{"@type":"BreadcrumbList","@id":"https:\/\/www.colegioflorenca.com.br\/blog\/categoria\/0-3-anos\/#breadcrumb","itemListElement":[{"@type":"ListItem","position":1,"name":"In\u00edcio","item":"https:\/\/www.colegioflorenca.com.br\/blog\/"},{"@type":"ListItem","position":2,"name":"0-3 anos"}]}]}},"_links":{"self":[{"href":"https:\/\/www.colegioflorenca.com.br\/blog\/wp-json\/wp\/v2\/categories\/8","targetHints":{"allow":["GET"]}}],"collection":[{"href":"https:\/\/www.colegioflorenca.com.br\/blog\/wp-json\/wp\/v2\/categories"}],"about":[{"href":"https:\/\/www.colegioflorenca.com.br\/blog\/wp-json\/wp\/v2\/taxonomies\/category"}],"wp:post_type":[{"href":"https:\/\/www.colegioflorenca.com.br\/blog\/wp-json\/wp\/v2\/posts?categories=8"}],"curies":[{"name":"wp","href":"https:\/\/api.w.org\/{rel}","templated":true}]}}