{"id":1197,"date":"2018-07-25T16:50:59","date_gmt":"2018-07-25T19:50:59","guid":{"rendered":"https:\/\/www.colegioflorenca.com.br\/blog\/?p=1197"},"modified":"2019-09-27T11:57:38","modified_gmt":"2019-09-27T14:57:38","slug":"festa-pijama-encerra-semestre-florenca","status":"publish","type":"post","link":"https:\/\/www.colegioflorenca.com.br\/blog\/festa-pijama-encerra-semestre-florenca\/","title":{"rendered":"Festa do Pijama encerra o semestre no Floren\u00e7a"},"content":{"rendered":"<p><span style=\"font-weight: 400;\">O primeiro semestre de 2018 contou com um arremate especial: a Festa do Pijama do Col\u00e9gio Floren\u00e7a, realizada na noite de sexta-feira (13\/7) para s\u00e1bado (14\/7). <\/span><\/p>\n<p><span style=\"font-weight: 400;\">A brincadeira contou com a participa\u00e7\u00e3o dos alunos dos Pr\u00e9s I, II e III, que s\u00e3o as turmas de 3 a 6 anos da Escola Infantil em Florian\u00f3polis e que por meio de atividades l\u00fadicas experimentam seus primeiros &#8220;desafios&#8221; fora de casa.<\/span><\/p>\n<p><span style=\"font-weight: 400;\">A festa do Pijama, que trabalho o tema Desbravando Outros Continentes, levou as crian\u00e7as a uma viagem para outros &#8220;cantos geogr\u00e1ficos&#8221; da escola. As crian\u00e7as iniciaram a brincadeira explorando os diversos espa\u00e7os, t\u00e3o bem conhecidos durante o dia, mas que ganham outros aspectos durante \u00e0 noite.<\/span><\/p>\n<p><span style=\"font-weight: 400;\">A brincadeira iniciou com a roda de musicaliza\u00e7\u00e3o, seguido pelo lanche coletivo e ent\u00e3o o grande desafio da noite: a &#8220;Ca\u00e7a ao Tesouro&#8221;. Ap\u00f3s a aventura, as atra\u00e7\u00f5es prosseguiram com o desfile do pijama, a Roda de Conto e o cinema especial encerrando a noite dos pequenos.<\/span><\/p>\n<p><span style=\"font-weight: 400;\">Segundo a Coordena\u00e7\u00e3o Pedag\u00f3gica, a Festa do Pijama \u00e9 uma atividade muito rica para a Educa\u00e7\u00e3o Infantil, pois permite de forma l\u00fadica trabalhar aspectos importantes do universo da inf\u00e2ncia. A partir desta faixa-et\u00e1ria, as crian\u00e7as come\u00e7am a inserir alguns elementos de aventura em seu processo de desenvolvimento e a brincadeira vai ao encontro desses aspectos.<\/span><\/p>\n<p><span style=\"font-weight: 400;\">Al\u00e9m de os alunos participarem de uma aventura em um ambiente seguro, s\u00e3o trabalhados aspectos imaginativos, que t\u00eam grande import\u00e2ncia na primeira inf\u00e2ncia. Ao mesmo tempo em que \u00e9 prazerosa, a imagina\u00e7\u00e3o \u00e9 a principal capacidade humana a ser desenvolvida nessa etapa da inf\u00e2ncia, pois forma a base da intelig\u00eancia da crian\u00e7a.<\/span><span style=\"font-weight: 400;\">\u00a0<\/span><\/p>\n<p><span style=\"font-weight: 400;\">A intera\u00e7\u00e3o com a turma e com os colegas das demais turmas tamb\u00e9m permite um importante processo de socializa\u00e7\u00e3o e de troca de experi\u00eancias entre os amigos. S\u00e3o lembran\u00e7as que perduram a vida inteira, registradas nos cora\u00e7\u00f5es dos pequenos.<\/span><\/p>\n","protected":false},"excerpt":{"rendered":"<p>O primeiro semestre de 2018 contou com um arremate especial: a Festa do Pijama do Col\u00e9gio Floren\u00e7a, realizada na noite de sexta-feira (13\/7) para s\u00e1bado (14\/7). A brincadeira contou com a participa\u00e7\u00e3o dos alunos dos Pr\u00e9s I, II e III, que s\u00e3o as turmas de 3 a 6 anos da Escola Infantil em Florian\u00f3polis e [&hellip;]<\/p>\n","protected":false},"author":2,"featured_media":1199,"comment_status":"open","ping_status":"open","sticky":false,"template":"","format":"standard","meta":{"footnotes":""},"categories":[278],"tags":[],"class_list":["post-1197","post","type-post","status-publish","format-standard","has-post-thumbnail","hentry","category-noticias"],"yoast_head":"<!-- This site is optimized with the Yoast SEO plugin v17.1 - https:\/\/yoast.com\/wordpress\/plugins\/seo\/ -->\n<title>Festa do Pijama encerra o Semestre - Not\u00edcias do Col\u00e9gio Floren\u00e7a<\/title>\n<meta name=\"description\" content=\"A Festa do Pijama, realizada em julho, contou com a participa\u00e7\u00e3o dos alunos dos Pr\u00e9s. Os integrantes experimentam seus primeiros &quot;desafios&quot; fora de casa.\" \/>\n<meta name=\"robots\" content=\"index, follow, max-snippet:-1, max-image-preview:large, max-video-preview:-1\" \/>\n<link rel=\"canonical\" href=\"https:\/\/www.colegioflorenca.com.br\/blog\/festa-pijama-encerra-semestre-florenca\/\" \/>\n<meta property=\"og:locale\" content=\"pt_BR\" \/>\n<meta property=\"og:type\" content=\"article\" \/>\n<meta property=\"og:title\" content=\"Festa do Pijama encerra o Semestre - Not\u00edcias do Col\u00e9gio Floren\u00e7a\" \/>\n<meta property=\"og:description\" content=\"A Festa do Pijama, realizada em julho, contou com a participa\u00e7\u00e3o dos alunos dos Pr\u00e9s. Os integrantes experimentam seus primeiros &quot;desafios&quot; fora de casa.\" \/>\n<meta property=\"og:url\" content=\"https:\/\/www.colegioflorenca.com.br\/blog\/festa-pijama-encerra-semestre-florenca\/\" \/>\n<meta property=\"og:site_name\" content=\"Blog do Col\u00e9gio Acad\u00eamico Floren\u00e7a\" \/>\n<meta property=\"article:publisher\" content=\"https:\/\/www.facebook.com\/colegioflorenca\" \/>\n<meta property=\"article:published_time\" content=\"2018-07-25T19:50:59+00:00\" \/>\n<meta property=\"article:modified_time\" content=\"2019-09-27T14:57:38+00:00\" \/>\n<meta property=\"og:image\" content=\"https:\/\/www.colegioflorenca.com.br\/blog\/wp-content\/uploads\/2018\/07\/festa-pijama-colegio-florenca.png\" \/>\n\t<meta property=\"og:image:width\" content=\"800\" \/>\n\t<meta property=\"og:image:height\" content=\"533\" \/>\n<meta name=\"twitter:card\" content=\"summary_large_image\" \/>\n<meta name=\"twitter:label1\" content=\"Escrito por\" \/>\n\t<meta name=\"twitter:data1\" content=\"Col\u00e9gio Acad\u00eamico Floren\u00e7a\" \/>\n\t<meta name=\"twitter:label2\" content=\"Est. tempo de leitura\" \/>\n\t<meta name=\"twitter:data2\" content=\"2 minutos\" \/>\n<script type=\"application\/ld+json\" class=\"yoast-schema-graph\">{\"@context\":\"https:\/\/schema.org\",\"@graph\":[{\"@type\":\"WebSite\",\"@id\":\"https:\/\/www.colegioflorenca.com.br\/blog\/#website\",\"url\":\"https:\/\/www.colegioflorenca.com.br\/blog\/\",\"name\":\"Col\\u00e9gio Acad\\u00eamico Floren\\u00e7a\",\"description\":\"Col\\u00e9gio Floren\\u00e7a - Escola Infantil em Florian\\u00f3polis\",\"potentialAction\":[{\"@type\":\"SearchAction\",\"target\":{\"@type\":\"EntryPoint\",\"urlTemplate\":\"https:\/\/www.colegioflorenca.com.br\/blog\/?s={search_term_string}\"},\"query-input\":\"required name=search_term_string\"}],\"inLanguage\":\"pt-BR\"},{\"@type\":\"ImageObject\",\"@id\":\"https:\/\/www.colegioflorenca.com.br\/blog\/festa-pijama-encerra-semestre-florenca\/#primaryimage\",\"inLanguage\":\"pt-BR\",\"url\":\"https:\/\/www.colegioflorenca.com.br\/blog\/wp-content\/uploads\/2018\/07\/festa-pijama-colegio-florenca.png\",\"contentUrl\":\"https:\/\/www.colegioflorenca.com.br\/blog\/wp-content\/uploads\/2018\/07\/festa-pijama-colegio-florenca.png\",\"width\":800,\"height\":533,\"caption\":\"Festa do Pijama: Crian\\u00e7as brincando nos espa\\u00e7os do Col\\u00e9gio Floren\\u00e7a\"},{\"@type\":\"WebPage\",\"@id\":\"https:\/\/www.colegioflorenca.com.br\/blog\/festa-pijama-encerra-semestre-florenca\/#webpage\",\"url\":\"https:\/\/www.colegioflorenca.com.br\/blog\/festa-pijama-encerra-semestre-florenca\/\",\"name\":\"Festa do Pijama encerra o Semestre - Not\\u00edcias do Col\\u00e9gio Floren\\u00e7a\",\"isPartOf\":{\"@id\":\"https:\/\/www.colegioflorenca.com.br\/blog\/#website\"},\"primaryImageOfPage\":{\"@id\":\"https:\/\/www.colegioflorenca.com.br\/blog\/festa-pijama-encerra-semestre-florenca\/#primaryimage\"},\"datePublished\":\"2018-07-25T19:50:59+00:00\",\"dateModified\":\"2019-09-27T14:57:38+00:00\",\"author\":{\"@id\":\"https:\/\/www.colegioflorenca.com.br\/blog\/#\/schema\/person\/2458374c87be479da20878054a258042\"},\"description\":\"A Festa do Pijama, realizada em julho, contou com a participa\\u00e7\\u00e3o dos alunos dos Pr\\u00e9s. Os integrantes experimentam seus primeiros \\\"desafios\\\" fora de casa.\",\"breadcrumb\":{\"@id\":\"https:\/\/www.colegioflorenca.com.br\/blog\/festa-pijama-encerra-semestre-florenca\/#breadcrumb\"},\"inLanguage\":\"pt-BR\",\"potentialAction\":[{\"@type\":\"ReadAction\",\"target\":[\"https:\/\/www.colegioflorenca.com.br\/blog\/festa-pijama-encerra-semestre-florenca\/\"]}]},{\"@type\":\"BreadcrumbList\",\"@id\":\"https:\/\/www.colegioflorenca.com.br\/blog\/festa-pijama-encerra-semestre-florenca\/#breadcrumb\",\"itemListElement\":[{\"@type\":\"ListItem\",\"position\":1,\"name\":\"In\\u00edcio\",\"item\":\"https:\/\/www.colegioflorenca.com.br\/blog\/\"},{\"@type\":\"ListItem\",\"position\":2,\"name\":\"Festa do Pijama encerra o semestre no Floren\\u00e7a\"}]},{\"@type\":\"Person\",\"@id\":\"https:\/\/www.colegioflorenca.com.br\/blog\/#\/schema\/person\/2458374c87be479da20878054a258042\",\"name\":\"Col\\u00e9gio Acad\\u00eamico Floren\\u00e7a\",\"image\":{\"@type\":\"ImageObject\",\"@id\":\"https:\/\/www.colegioflorenca.com.br\/blog\/#personlogo\",\"inLanguage\":\"pt-BR\",\"url\":\"https:\/\/secure.gravatar.com\/avatar\/b6800a4c0c783df797cbd25f80a6cd87233b286b7490112863c0b4e8f2fcc995?s=96&d=mm&r=g\",\"contentUrl\":\"https:\/\/secure.gravatar.com\/avatar\/b6800a4c0c783df797cbd25f80a6cd87233b286b7490112863c0b4e8f2fcc995?s=96&d=mm&r=g\",\"caption\":\"Col\\u00e9gio Acad\\u00eamico Floren\\u00e7a\"},\"description\":\"O Col\\u00e9gio Floren\\u00e7a \\u00e9 uma escola infantil de refer\\u00eancia em Florian\\u00f3polis-SC, cuja pedagogia atrai pais que buscam um trabalho educativo de excel\\u00eancia. Atrav\\u00e9s de anos de pesquisa e de aplica\\u00e7\\u00e3o pr\\u00e1tica desenvolvemos uma metodologia pr\\u00f3pria, aliada \\u00e0s abordagens e estudos de grandes pedagogos do mundo inteiro.\"}]}<\/script>\n<!-- \/ Yoast SEO plugin. -->","yoast_head_json":{"title":"Festa do Pijama encerra o Semestre - Not\u00edcias do Col\u00e9gio Floren\u00e7a","description":"A Festa do Pijama, realizada em julho, contou com a participa\u00e7\u00e3o dos alunos dos Pr\u00e9s. Os integrantes experimentam seus primeiros \"desafios\" fora de casa.","robots":{"index":"index","follow":"follow","max-snippet":"max-snippet:-1","max-image-preview":"max-image-preview:large","max-video-preview":"max-video-preview:-1"},"canonical":"https:\/\/www.colegioflorenca.com.br\/blog\/festa-pijama-encerra-semestre-florenca\/","og_locale":"pt_BR","og_type":"article","og_title":"Festa do Pijama encerra o Semestre - Not\u00edcias do Col\u00e9gio Floren\u00e7a","og_description":"A Festa do Pijama, realizada em julho, contou com a participa\u00e7\u00e3o dos alunos dos Pr\u00e9s. Os integrantes experimentam seus primeiros \"desafios\" fora de casa.","og_url":"https:\/\/www.colegioflorenca.com.br\/blog\/festa-pijama-encerra-semestre-florenca\/","og_site_name":"Blog do Col\u00e9gio Acad\u00eamico Floren\u00e7a","article_publisher":"https:\/\/www.facebook.com\/colegioflorenca","article_published_time":"2018-07-25T19:50:59+00:00","article_modified_time":"2019-09-27T14:57:38+00:00","og_image":[{"width":800,"height":533,"url":"https:\/\/www.colegioflorenca.com.br\/blog\/wp-content\/uploads\/2018\/07\/festa-pijama-colegio-florenca.png","path":"\/home\/u505644395\/domains\/colegioflorenca.com.br\/public_html\/blog\/wp-content\/uploads\/2018\/07\/festa-pijama-colegio-florenca.png","size":"full","id":1199,"alt":"Festa do Pijama: Crian\u00e7as brincando nos espa\u00e7os do Col\u00e9gio Floren\u00e7a","pixels":426400,"type":"image\/png"}],"twitter_card":"summary_large_image","twitter_misc":{"Escrito por":"Col\u00e9gio Acad\u00eamico Floren\u00e7a","Est. tempo de leitura":"2 minutos"},"schema":{"@context":"https:\/\/schema.org","@graph":[{"@type":"WebSite","@id":"https:\/\/www.colegioflorenca.com.br\/blog\/#website","url":"https:\/\/www.colegioflorenca.com.br\/blog\/","name":"Col\u00e9gio Acad\u00eamico Floren\u00e7a","description":"Col\u00e9gio Floren\u00e7a - Escola Infantil em Florian\u00f3polis","potentialAction":[{"@type":"SearchAction","target":{"@type":"EntryPoint","urlTemplate":"https:\/\/www.colegioflorenca.com.br\/blog\/?s={search_term_string}"},"query-input":"required name=search_term_string"}],"inLanguage":"pt-BR"},{"@type":"ImageObject","@id":"https:\/\/www.colegioflorenca.com.br\/blog\/festa-pijama-encerra-semestre-florenca\/#primaryimage","inLanguage":"pt-BR","url":"https:\/\/www.colegioflorenca.com.br\/blog\/wp-content\/uploads\/2018\/07\/festa-pijama-colegio-florenca.png","contentUrl":"https:\/\/www.colegioflorenca.com.br\/blog\/wp-content\/uploads\/2018\/07\/festa-pijama-colegio-florenca.png","width":800,"height":533,"caption":"Festa do Pijama: Crian\u00e7as brincando nos espa\u00e7os do Col\u00e9gio Floren\u00e7a"},{"@type":"WebPage","@id":"https:\/\/www.colegioflorenca.com.br\/blog\/festa-pijama-encerra-semestre-florenca\/#webpage","url":"https:\/\/www.colegioflorenca.com.br\/blog\/festa-pijama-encerra-semestre-florenca\/","name":"Festa do Pijama encerra o Semestre - Not\u00edcias do Col\u00e9gio Floren\u00e7a","isPartOf":{"@id":"https:\/\/www.colegioflorenca.com.br\/blog\/#website"},"primaryImageOfPage":{"@id":"https:\/\/www.colegioflorenca.com.br\/blog\/festa-pijama-encerra-semestre-florenca\/#primaryimage"},"datePublished":"2018-07-25T19:50:59+00:00","dateModified":"2019-09-27T14:57:38+00:00","author":{"@id":"https:\/\/www.colegioflorenca.com.br\/blog\/#\/schema\/person\/2458374c87be479da20878054a258042"},"description":"A Festa do Pijama, realizada em julho, contou com a participa\u00e7\u00e3o dos alunos dos Pr\u00e9s. Os integrantes experimentam seus primeiros \"desafios\" fora de casa.","breadcrumb":{"@id":"https:\/\/www.colegioflorenca.com.br\/blog\/festa-pijama-encerra-semestre-florenca\/#breadcrumb"},"inLanguage":"pt-BR","potentialAction":[{"@type":"ReadAction","target":["https:\/\/www.colegioflorenca.com.br\/blog\/festa-pijama-encerra-semestre-florenca\/"]}]},{"@type":"BreadcrumbList","@id":"https:\/\/www.colegioflorenca.com.br\/blog\/festa-pijama-encerra-semestre-florenca\/#breadcrumb","itemListElement":[{"@type":"ListItem","position":1,"name":"In\u00edcio","item":"https:\/\/www.colegioflorenca.com.br\/blog\/"},{"@type":"ListItem","position":2,"name":"Festa do Pijama encerra o semestre no Floren\u00e7a"}]},{"@type":"Person","@id":"https:\/\/www.colegioflorenca.com.br\/blog\/#\/schema\/person\/2458374c87be479da20878054a258042","name":"Col\u00e9gio Acad\u00eamico Floren\u00e7a","image":{"@type":"ImageObject","@id":"https:\/\/www.colegioflorenca.com.br\/blog\/#personlogo","inLanguage":"pt-BR","url":"https:\/\/secure.gravatar.com\/avatar\/b6800a4c0c783df797cbd25f80a6cd87233b286b7490112863c0b4e8f2fcc995?s=96&d=mm&r=g","contentUrl":"https:\/\/secure.gravatar.com\/avatar\/b6800a4c0c783df797cbd25f80a6cd87233b286b7490112863c0b4e8f2fcc995?s=96&d=mm&r=g","caption":"Col\u00e9gio Acad\u00eamico Floren\u00e7a"},"description":"O Col\u00e9gio Floren\u00e7a \u00e9 uma escola infantil de refer\u00eancia em Florian\u00f3polis-SC, cuja pedagogia atrai pais que buscam um trabalho educativo de excel\u00eancia. Atrav\u00e9s de anos de pesquisa e de aplica\u00e7\u00e3o pr\u00e1tica desenvolvemos uma metodologia pr\u00f3pria, aliada \u00e0s abordagens e estudos de grandes pedagogos do mundo inteiro."}]}},"_links":{"self":[{"href":"https:\/\/www.colegioflorenca.com.br\/blog\/wp-json\/wp\/v2\/posts\/1197","targetHints":{"allow":["GET"]}}],"collection":[{"href":"https:\/\/www.colegioflorenca.com.br\/blog\/wp-json\/wp\/v2\/posts"}],"about":[{"href":"https:\/\/www.colegioflorenca.com.br\/blog\/wp-json\/wp\/v2\/types\/post"}],"author":[{"embeddable":true,"href":"https:\/\/www.colegioflorenca.com.br\/blog\/wp-json\/wp\/v2\/users\/2"}],"replies":[{"embeddable":true,"href":"https:\/\/www.colegioflorenca.com.br\/blog\/wp-json\/wp\/v2\/comments?post=1197"}],"version-history":[{"count":5,"href":"https:\/\/www.colegioflorenca.com.br\/blog\/wp-json\/wp\/v2\/posts\/1197\/revisions"}],"predecessor-version":[{"id":1710,"href":"https:\/\/www.colegioflorenca.com.br\/blog\/wp-json\/wp\/v2\/posts\/1197\/revisions\/1710"}],"wp:featuredmedia":[{"embeddable":true,"href":"https:\/\/www.colegioflorenca.com.br\/blog\/wp-json\/wp\/v2\/media\/1199"}],"wp:attachment":[{"href":"https:\/\/www.colegioflorenca.com.br\/blog\/wp-json\/wp\/v2\/media?parent=1197"}],"wp:term":[{"taxonomy":"category","embeddable":true,"href":"https:\/\/www.colegioflorenca.com.br\/blog\/wp-json\/wp\/v2\/categories?post=1197"},{"taxonomy":"post_tag","embeddable":true,"href":"https:\/\/www.colegioflorenca.com.br\/blog\/wp-json\/wp\/v2\/tags?post=1197"}],"curies":[{"name":"wp","href":"https:\/\/api.w.org\/{rel}","templated":true}]}}