{"id":1213,"date":"2018-05-07T11:26:41","date_gmt":"2018-05-07T14:26:41","guid":{"rendered":"https:\/\/www.colegioflorenca.com.br\/blog\/?p=1213"},"modified":"2019-09-27T11:58:22","modified_gmt":"2019-09-27T14:58:22","slug":"educadores-vem-florianopolis-conhecer-colegio-florenca","status":"publish","type":"post","link":"https:\/\/www.colegioflorenca.com.br\/blog\/educadores-vem-florianopolis-conhecer-colegio-florenca\/","title":{"rendered":"Educadores v\u00eam a Florian\u00f3polis conhecer o Col\u00e9gio Floren\u00e7a"},"content":{"rendered":"<p>No in\u00edcio de maio o Col\u00e9gio Floren\u00e7a, escola infantil em Florian\u00f3polis, recebeu educadores de todo o Brasil com o objetivo de conhecerem a estrutura f\u00edsica e pedagogia da Escola. O encontro foi promovido a partir do curso\u00a0<i>Educa\u00e7\u00e3o Infantil \u2013 a Pedagogia Floren\u00e7a de 0 a 3 anos<\/i>, que \u00e9 oferecido pelo pr\u00f3prio Col\u00e9gio e tem como objetivo disseminar os estudos desenvolvidos ao longo de quase 15 anos, aliados \u00e0 experi\u00eancia pr\u00e1tica da escola na aplica\u00e7\u00e3o dessa metodologia.<\/p>\n<p>Nathalia Nascimento, diretora da escola Vila Sofia e participante de Curitiba-PR, disse que\u00a0<i>\u201c\u00e9 muito bom ver que realmente funciona e que \u00f3timos frutos s\u00e3o colhidos atrav\u00e9s desse olhar diferente e afetuoso para a crian\u00e7a.\u00a0<\/i>E finalizou agradecendo pela oportunidade:<i>Parab\u00e9ns pela equipe que conseguiram formar, de profissionais que realmente fazem a diferen\u00e7a, pois esse \u00e9 um dos maiores desafios.<\/i><\/p>\n<p>Andrea Passos, pedagoga da prefeitura do Rio de Janeiro afirmou em sua visita perceber que o trabalho \u00e9\u00a0<i>fundamentado, libertador de correntes<\/i>\u00a0e que essa experi\u00eancia a ajudou\u00a0<i>a se conectar com uma dimens\u00e3o da educa\u00e7\u00e3o atrav\u00e9s do amor.<\/i><\/p>\n<p>Estiveram tamb\u00e9m presentes profissionais de \u00e1reas da educa\u00e7\u00e3o de Minas Gerais, S\u00e3o Paulo, Distrito Federal, Rio Grande do Sul e de Santa Catarina. O Col\u00e9gio receber\u00e1 mais educadores interessados em conhecer a Pedagogia Floren\u00e7a nos dias 8, 9 e 10 de junho.<\/p>\n","protected":false},"excerpt":{"rendered":"<p>No in\u00edcio de maio o Col\u00e9gio Floren\u00e7a, escola infantil em Florian\u00f3polis, recebeu educadores de todo o Brasil com o objetivo de conhecerem a estrutura f\u00edsica e pedagogia da Escola. O encontro foi promovido a partir do curso\u00a0Educa\u00e7\u00e3o Infantil \u2013 a Pedagogia Floren\u00e7a de 0 a 3 anos, que \u00e9 oferecido pelo pr\u00f3prio Col\u00e9gio e tem [&hellip;]<\/p>\n","protected":false},"author":2,"featured_media":1214,"comment_status":"open","ping_status":"open","sticky":false,"template":"","format":"standard","meta":{"footnotes":""},"categories":[278],"tags":[],"class_list":["post-1213","post","type-post","status-publish","format-standard","has-post-thumbnail","hentry","category-noticias"],"yoast_head":"<!-- This site is optimized with the Yoast SEO plugin v17.1 - https:\/\/yoast.com\/wordpress\/plugins\/seo\/ -->\n<title>Educadores v\u00eam a Florian\u00f3polis conhecer o Col\u00e9gio Floren\u00e7a - Blog do Col\u00e9gio Acad\u00eamico Floren\u00e7a<\/title>\n<meta name=\"robots\" content=\"index, follow, max-snippet:-1, max-image-preview:large, max-video-preview:-1\" \/>\n<link rel=\"canonical\" href=\"https:\/\/www.colegioflorenca.com.br\/blog\/educadores-vem-florianopolis-conhecer-colegio-florenca\/\" \/>\n<meta property=\"og:locale\" content=\"pt_BR\" \/>\n<meta property=\"og:type\" content=\"article\" \/>\n<meta property=\"og:title\" content=\"Educadores v\u00eam a Florian\u00f3polis conhecer o Col\u00e9gio Floren\u00e7a - Blog do Col\u00e9gio Acad\u00eamico Floren\u00e7a\" \/>\n<meta property=\"og:description\" content=\"No in\u00edcio de maio o Col\u00e9gio Floren\u00e7a, escola infantil em Florian\u00f3polis, recebeu educadores de todo o Brasil com o objetivo de conhecerem a estrutura f\u00edsica e pedagogia da Escola. O encontro foi promovido a partir do curso\u00a0Educa\u00e7\u00e3o Infantil \u2013 a Pedagogia Floren\u00e7a de 0 a 3 anos, que \u00e9 oferecido pelo pr\u00f3prio Col\u00e9gio e tem [&hellip;]\" \/>\n<meta property=\"og:url\" content=\"https:\/\/www.colegioflorenca.com.br\/blog\/educadores-vem-florianopolis-conhecer-colegio-florenca\/\" \/>\n<meta property=\"og:site_name\" content=\"Blog do Col\u00e9gio Acad\u00eamico Floren\u00e7a\" \/>\n<meta property=\"article:publisher\" content=\"https:\/\/www.facebook.com\/colegioflorenca\" \/>\n<meta property=\"article:published_time\" content=\"2018-05-07T14:26:41+00:00\" \/>\n<meta property=\"article:modified_time\" content=\"2019-09-27T14:58:22+00:00\" \/>\n<meta property=\"og:image\" content=\"https:\/\/www.colegioflorenca.com.br\/blog\/wp-content\/uploads\/2018\/07\/visitacao-educadores-colegio-florenca.jpg\" \/>\n\t<meta property=\"og:image:width\" content=\"960\" \/>\n\t<meta property=\"og:image:height\" content=\"720\" \/>\n<meta name=\"twitter:card\" content=\"summary_large_image\" \/>\n<meta name=\"twitter:label1\" content=\"Escrito por\" \/>\n\t<meta name=\"twitter:data1\" content=\"Col\u00e9gio Acad\u00eamico Floren\u00e7a\" \/>\n\t<meta name=\"twitter:label2\" content=\"Est. tempo de leitura\" \/>\n\t<meta name=\"twitter:data2\" content=\"1 minuto\" \/>\n<script type=\"application\/ld+json\" class=\"yoast-schema-graph\">{\"@context\":\"https:\/\/schema.org\",\"@graph\":[{\"@type\":\"WebSite\",\"@id\":\"https:\/\/www.colegioflorenca.com.br\/blog\/#website\",\"url\":\"https:\/\/www.colegioflorenca.com.br\/blog\/\",\"name\":\"Col\\u00e9gio Acad\\u00eamico Floren\\u00e7a\",\"description\":\"Col\\u00e9gio Floren\\u00e7a - Escola Infantil em Florian\\u00f3polis\",\"potentialAction\":[{\"@type\":\"SearchAction\",\"target\":{\"@type\":\"EntryPoint\",\"urlTemplate\":\"https:\/\/www.colegioflorenca.com.br\/blog\/?s={search_term_string}\"},\"query-input\":\"required name=search_term_string\"}],\"inLanguage\":\"pt-BR\"},{\"@type\":\"ImageObject\",\"@id\":\"https:\/\/www.colegioflorenca.com.br\/blog\/educadores-vem-florianopolis-conhecer-colegio-florenca\/#primaryimage\",\"inLanguage\":\"pt-BR\",\"url\":\"https:\/\/www.colegioflorenca.com.br\/blog\/wp-content\/uploads\/2018\/07\/visitacao-educadores-colegio-florenca.jpg\",\"contentUrl\":\"https:\/\/www.colegioflorenca.com.br\/blog\/wp-content\/uploads\/2018\/07\/visitacao-educadores-colegio-florenca.jpg\",\"width\":960,\"height\":720,\"caption\":\"Visita\\u00e7\\u00e3o de Educadores no Col\\u00e9gio Floren\\u00e7a\"},{\"@type\":\"WebPage\",\"@id\":\"https:\/\/www.colegioflorenca.com.br\/blog\/educadores-vem-florianopolis-conhecer-colegio-florenca\/#webpage\",\"url\":\"https:\/\/www.colegioflorenca.com.br\/blog\/educadores-vem-florianopolis-conhecer-colegio-florenca\/\",\"name\":\"Educadores v\\u00eam a Florian\\u00f3polis conhecer o Col\\u00e9gio Floren\\u00e7a - Blog do Col\\u00e9gio Acad\\u00eamico Floren\\u00e7a\",\"isPartOf\":{\"@id\":\"https:\/\/www.colegioflorenca.com.br\/blog\/#website\"},\"primaryImageOfPage\":{\"@id\":\"https:\/\/www.colegioflorenca.com.br\/blog\/educadores-vem-florianopolis-conhecer-colegio-florenca\/#primaryimage\"},\"datePublished\":\"2018-05-07T14:26:41+00:00\",\"dateModified\":\"2019-09-27T14:58:22+00:00\",\"author\":{\"@id\":\"https:\/\/www.colegioflorenca.com.br\/blog\/#\/schema\/person\/2458374c87be479da20878054a258042\"},\"breadcrumb\":{\"@id\":\"https:\/\/www.colegioflorenca.com.br\/blog\/educadores-vem-florianopolis-conhecer-colegio-florenca\/#breadcrumb\"},\"inLanguage\":\"pt-BR\",\"potentialAction\":[{\"@type\":\"ReadAction\",\"target\":[\"https:\/\/www.colegioflorenca.com.br\/blog\/educadores-vem-florianopolis-conhecer-colegio-florenca\/\"]}]},{\"@type\":\"BreadcrumbList\",\"@id\":\"https:\/\/www.colegioflorenca.com.br\/blog\/educadores-vem-florianopolis-conhecer-colegio-florenca\/#breadcrumb\",\"itemListElement\":[{\"@type\":\"ListItem\",\"position\":1,\"name\":\"In\\u00edcio\",\"item\":\"https:\/\/www.colegioflorenca.com.br\/blog\/\"},{\"@type\":\"ListItem\",\"position\":2,\"name\":\"Educadores v\\u00eam a Florian\\u00f3polis conhecer o Col\\u00e9gio Floren\\u00e7a\"}]},{\"@type\":\"Person\",\"@id\":\"https:\/\/www.colegioflorenca.com.br\/blog\/#\/schema\/person\/2458374c87be479da20878054a258042\",\"name\":\"Col\\u00e9gio Acad\\u00eamico Floren\\u00e7a\",\"image\":{\"@type\":\"ImageObject\",\"@id\":\"https:\/\/www.colegioflorenca.com.br\/blog\/#personlogo\",\"inLanguage\":\"pt-BR\",\"url\":\"https:\/\/secure.gravatar.com\/avatar\/b6800a4c0c783df797cbd25f80a6cd87233b286b7490112863c0b4e8f2fcc995?s=96&d=mm&r=g\",\"contentUrl\":\"https:\/\/secure.gravatar.com\/avatar\/b6800a4c0c783df797cbd25f80a6cd87233b286b7490112863c0b4e8f2fcc995?s=96&d=mm&r=g\",\"caption\":\"Col\\u00e9gio Acad\\u00eamico Floren\\u00e7a\"},\"description\":\"O Col\\u00e9gio Floren\\u00e7a \\u00e9 uma escola infantil de refer\\u00eancia em Florian\\u00f3polis-SC, cuja pedagogia atrai pais que buscam um trabalho educativo de excel\\u00eancia. Atrav\\u00e9s de anos de pesquisa e de aplica\\u00e7\\u00e3o pr\\u00e1tica desenvolvemos uma metodologia pr\\u00f3pria, aliada \\u00e0s abordagens e estudos de grandes pedagogos do mundo inteiro.\"}]}<\/script>\n<!-- \/ Yoast SEO plugin. -->","yoast_head_json":{"title":"Educadores v\u00eam a Florian\u00f3polis conhecer o Col\u00e9gio Floren\u00e7a - Blog do Col\u00e9gio Acad\u00eamico Floren\u00e7a","robots":{"index":"index","follow":"follow","max-snippet":"max-snippet:-1","max-image-preview":"max-image-preview:large","max-video-preview":"max-video-preview:-1"},"canonical":"https:\/\/www.colegioflorenca.com.br\/blog\/educadores-vem-florianopolis-conhecer-colegio-florenca\/","og_locale":"pt_BR","og_type":"article","og_title":"Educadores v\u00eam a Florian\u00f3polis conhecer o Col\u00e9gio Floren\u00e7a - Blog do Col\u00e9gio Acad\u00eamico Floren\u00e7a","og_description":"No in\u00edcio de maio o Col\u00e9gio Floren\u00e7a, escola infantil em Florian\u00f3polis, recebeu educadores de todo o Brasil com o objetivo de conhecerem a estrutura f\u00edsica e pedagogia da Escola. O encontro foi promovido a partir do curso\u00a0Educa\u00e7\u00e3o Infantil \u2013 a Pedagogia Floren\u00e7a de 0 a 3 anos, que \u00e9 oferecido pelo pr\u00f3prio Col\u00e9gio e tem [&hellip;]","og_url":"https:\/\/www.colegioflorenca.com.br\/blog\/educadores-vem-florianopolis-conhecer-colegio-florenca\/","og_site_name":"Blog do Col\u00e9gio Acad\u00eamico Floren\u00e7a","article_publisher":"https:\/\/www.facebook.com\/colegioflorenca","article_published_time":"2018-05-07T14:26:41+00:00","article_modified_time":"2019-09-27T14:58:22+00:00","og_image":[{"width":960,"height":720,"url":"https:\/\/www.colegioflorenca.com.br\/blog\/wp-content\/uploads\/2018\/07\/visitacao-educadores-colegio-florenca.jpg","path":"\/home\/u505644395\/domains\/colegioflorenca.com.br\/public_html\/blog\/wp-content\/uploads\/2018\/07\/visitacao-educadores-colegio-florenca.jpg","size":"full","id":1214,"alt":"Visita\u00e7\u00e3o de Educadores no Col\u00e9gio Floren\u00e7a","pixels":691200,"type":"image\/jpeg"}],"twitter_card":"summary_large_image","twitter_misc":{"Escrito por":"Col\u00e9gio Acad\u00eamico Floren\u00e7a","Est. tempo de leitura":"1 minuto"},"schema":{"@context":"https:\/\/schema.org","@graph":[{"@type":"WebSite","@id":"https:\/\/www.colegioflorenca.com.br\/blog\/#website","url":"https:\/\/www.colegioflorenca.com.br\/blog\/","name":"Col\u00e9gio Acad\u00eamico Floren\u00e7a","description":"Col\u00e9gio Floren\u00e7a - Escola Infantil em Florian\u00f3polis","potentialAction":[{"@type":"SearchAction","target":{"@type":"EntryPoint","urlTemplate":"https:\/\/www.colegioflorenca.com.br\/blog\/?s={search_term_string}"},"query-input":"required name=search_term_string"}],"inLanguage":"pt-BR"},{"@type":"ImageObject","@id":"https:\/\/www.colegioflorenca.com.br\/blog\/educadores-vem-florianopolis-conhecer-colegio-florenca\/#primaryimage","inLanguage":"pt-BR","url":"https:\/\/www.colegioflorenca.com.br\/blog\/wp-content\/uploads\/2018\/07\/visitacao-educadores-colegio-florenca.jpg","contentUrl":"https:\/\/www.colegioflorenca.com.br\/blog\/wp-content\/uploads\/2018\/07\/visitacao-educadores-colegio-florenca.jpg","width":960,"height":720,"caption":"Visita\u00e7\u00e3o de Educadores no Col\u00e9gio Floren\u00e7a"},{"@type":"WebPage","@id":"https:\/\/www.colegioflorenca.com.br\/blog\/educadores-vem-florianopolis-conhecer-colegio-florenca\/#webpage","url":"https:\/\/www.colegioflorenca.com.br\/blog\/educadores-vem-florianopolis-conhecer-colegio-florenca\/","name":"Educadores v\u00eam a Florian\u00f3polis conhecer o Col\u00e9gio Floren\u00e7a - Blog do Col\u00e9gio Acad\u00eamico Floren\u00e7a","isPartOf":{"@id":"https:\/\/www.colegioflorenca.com.br\/blog\/#website"},"primaryImageOfPage":{"@id":"https:\/\/www.colegioflorenca.com.br\/blog\/educadores-vem-florianopolis-conhecer-colegio-florenca\/#primaryimage"},"datePublished":"2018-05-07T14:26:41+00:00","dateModified":"2019-09-27T14:58:22+00:00","author":{"@id":"https:\/\/www.colegioflorenca.com.br\/blog\/#\/schema\/person\/2458374c87be479da20878054a258042"},"breadcrumb":{"@id":"https:\/\/www.colegioflorenca.com.br\/blog\/educadores-vem-florianopolis-conhecer-colegio-florenca\/#breadcrumb"},"inLanguage":"pt-BR","potentialAction":[{"@type":"ReadAction","target":["https:\/\/www.colegioflorenca.com.br\/blog\/educadores-vem-florianopolis-conhecer-colegio-florenca\/"]}]},{"@type":"BreadcrumbList","@id":"https:\/\/www.colegioflorenca.com.br\/blog\/educadores-vem-florianopolis-conhecer-colegio-florenca\/#breadcrumb","itemListElement":[{"@type":"ListItem","position":1,"name":"In\u00edcio","item":"https:\/\/www.colegioflorenca.com.br\/blog\/"},{"@type":"ListItem","position":2,"name":"Educadores v\u00eam a Florian\u00f3polis conhecer o Col\u00e9gio Floren\u00e7a"}]},{"@type":"Person","@id":"https:\/\/www.colegioflorenca.com.br\/blog\/#\/schema\/person\/2458374c87be479da20878054a258042","name":"Col\u00e9gio Acad\u00eamico Floren\u00e7a","image":{"@type":"ImageObject","@id":"https:\/\/www.colegioflorenca.com.br\/blog\/#personlogo","inLanguage":"pt-BR","url":"https:\/\/secure.gravatar.com\/avatar\/b6800a4c0c783df797cbd25f80a6cd87233b286b7490112863c0b4e8f2fcc995?s=96&d=mm&r=g","contentUrl":"https:\/\/secure.gravatar.com\/avatar\/b6800a4c0c783df797cbd25f80a6cd87233b286b7490112863c0b4e8f2fcc995?s=96&d=mm&r=g","caption":"Col\u00e9gio Acad\u00eamico Floren\u00e7a"},"description":"O Col\u00e9gio Floren\u00e7a \u00e9 uma escola infantil de refer\u00eancia em Florian\u00f3polis-SC, cuja pedagogia atrai pais que buscam um trabalho educativo de excel\u00eancia. Atrav\u00e9s de anos de pesquisa e de aplica\u00e7\u00e3o pr\u00e1tica desenvolvemos uma metodologia pr\u00f3pria, aliada \u00e0s abordagens e estudos de grandes pedagogos do mundo inteiro."}]}},"_links":{"self":[{"href":"https:\/\/www.colegioflorenca.com.br\/blog\/wp-json\/wp\/v2\/posts\/1213","targetHints":{"allow":["GET"]}}],"collection":[{"href":"https:\/\/www.colegioflorenca.com.br\/blog\/wp-json\/wp\/v2\/posts"}],"about":[{"href":"https:\/\/www.colegioflorenca.com.br\/blog\/wp-json\/wp\/v2\/types\/post"}],"author":[{"embeddable":true,"href":"https:\/\/www.colegioflorenca.com.br\/blog\/wp-json\/wp\/v2\/users\/2"}],"replies":[{"embeddable":true,"href":"https:\/\/www.colegioflorenca.com.br\/blog\/wp-json\/wp\/v2\/comments?post=1213"}],"version-history":[{"count":2,"href":"https:\/\/www.colegioflorenca.com.br\/blog\/wp-json\/wp\/v2\/posts\/1213\/revisions"}],"predecessor-version":[{"id":1712,"href":"https:\/\/www.colegioflorenca.com.br\/blog\/wp-json\/wp\/v2\/posts\/1213\/revisions\/1712"}],"wp:featuredmedia":[{"embeddable":true,"href":"https:\/\/www.colegioflorenca.com.br\/blog\/wp-json\/wp\/v2\/media\/1214"}],"wp:attachment":[{"href":"https:\/\/www.colegioflorenca.com.br\/blog\/wp-json\/wp\/v2\/media?parent=1213"}],"wp:term":[{"taxonomy":"category","embeddable":true,"href":"https:\/\/www.colegioflorenca.com.br\/blog\/wp-json\/wp\/v2\/categories?post=1213"},{"taxonomy":"post_tag","embeddable":true,"href":"https:\/\/www.colegioflorenca.com.br\/blog\/wp-json\/wp\/v2\/tags?post=1213"}],"curies":[{"name":"wp","href":"https:\/\/api.w.org\/{rel}","templated":true}]}}