{"id":1261,"date":"2018-09-07T20:05:46","date_gmt":"2018-09-07T23:05:46","guid":{"rendered":"https:\/\/www.colegioflorenca.com.br\/blog\/?p=1261"},"modified":"2019-01-14T17:02:52","modified_gmt":"2019-01-14T19:02:52","slug":"limites-infancia-porque-dificil-trabalhar","status":"publish","type":"post","link":"https:\/\/www.colegioflorenca.com.br\/blog\/limites-infancia-porque-dificil-trabalhar\/","title":{"rendered":"Limites na inf\u00e2ncia: por que \u00e9 t\u00e3o dif\u00edcil trabalhar?"},"content":{"rendered":"<p><iframe loading=\"lazy\" src=\"https:\/\/www.youtube.com\/embed\/dlivl8qPNJY\" width=\"560\" height=\"315\" frameborder=\"0\" allowfullscreen=\"allowfullscreen\"><span data-mce-type=\"bookmark\" style=\"display: inline-block; width: 0px; overflow: hidden; line-height: 0;\" class=\"mce_SELRES_start\">\ufeff<\/span><\/iframe><\/p>\n<p><span style=\"font-weight: 400;\">O que eu poderia dizer como introdu\u00e7\u00e3o dessa tem\u00e1tica \u00e9 que o tema dos limites talvez seja um dos que mais inquieta pais e m\u00e3es em todos os lugares.<\/span><\/p>\n<blockquote><p><b><i>Uma crian\u00e7a, ela tem um caudal de energia. E que energia \u00e9 essa? \u00c9 a energia da sua vida.<\/i><\/b><\/p><\/blockquote>\n<p><span style=\"font-weight: 400;\">Trabalho com cursos e palestras h\u00e1 muitos anos e por mais que a gente costume variar dos mais diversos temas da inf\u00e2ncia e das crian\u00e7as de uma forma geral, raramente eu ministro uma palestra ou algum curso em que as pessoas n\u00e3o fa\u00e7am pelo menos uma pergunta ou outra sobre a tem\u00e1tica dos limites. Ent\u00e3o, \u00e9 um tema que realmente ele inquieta, ele causa d\u00favidas, ele perturba um pouco, porque n\u00e3o \u00e9 um tema t\u00e3o simples.<\/span><\/p>\n<p><span style=\"font-weight: 400;\">E \u00e9 um tema que eu diria que n\u00e3o \u00e9 somente inquietante (porque \u00e0s vezes n\u00f3s nos inquietamos com coisas que n\u00e3o t\u00eam l\u00e1 tanta import\u00e2ncia assim &#8211; isso tamb\u00e9m acontece). Mas o tema dos limites \u00e9 um tema com o qual vale a pena n\u00f3s nos inquietarmos, porque de fato \u00e9 um tema muito importante para a educa\u00e7\u00e3o infantil e para o desenvolvimento de um ser humano de forma geral.<\/span><\/p>\n<h1>A energia de vida de uma crian\u00e7a<\/h1>\n<p><span style=\"font-weight: 400;\">Ent\u00e3o por onde eu gostaria de come\u00e7ar a abordar esse tema dos limites afora essa introdu\u00e7\u00e3o que j\u00e1 fizemos: em primeiro lugar gostaria que voc\u00eas tomassem em conta que uma crian\u00e7a, ela tem um caudal de energia. E que energia \u00e9 essa? \u00c9 a energia da sua vida. <\/span><b>E essa crian\u00e7a, ela precisa canalizar, direcionar essa energia.<\/b><\/p>\n<p><span style=\"font-weight: 400;\">Voc\u00eas podem criar uma imagem de uma casa, ou, j\u00e1 que eu estou aqui numa numa escola, imaginem que a gente precise ter \u00e1gua para abastecer os banheiros, as pias, os bebedouros\u2026 Mas eu n\u00e3o posso chegar e soltar um caminh\u00e3o de \u00e1gua aqui pela escola e falar &#8220;Olha, tem \u00e1gua sobrando aqui&#8221;. Eu preciso canalizar essa \u00e1gua. Armazen\u00e1-la bem em caixas de \u00e1gua e como diz a pr\u00f3pria palavra canalizar: estabelecer tubula\u00e7\u00f5es, conex\u00f5es, canos que distribuam essa \u00e1gua em dosagens adequadas, para que ela possa ser bem utilizada e assim se torne melhor aproveitada.<\/span><\/p>\n<blockquote><p><b><i>A crian\u00e7a n\u00e3o consegue ainda organizar e regular a distribui\u00e7\u00e3o dessa energia, o que na pr\u00e1tica significa que ela n\u00e3o tem ainda bem desenvolvido um controle sobre si mesmo.<\/i><\/b><span style=\"font-weight: 400;\"><br \/>\n<\/span><\/p><\/blockquote>\n<p><span style=\"font-weight: 400;\">Da mesma forma com a energia de um ser humano e no caso de uma crian\u00e7a, ela tem um um imenso caudal de energia. S\u00f3 que essa energia n\u00e3o tem uma ordem, uma estrutura, de forma que ela n\u00e3o consegue trabalhar bem com a sua energia. <\/span><\/p>\n<p><span style=\"font-weight: 400;\">E por isso para n\u00f3s adultos \u00e9 t\u00e3o engra\u00e7ado ver as crian\u00e7as pulando, saltitando&#8230; e a gente diz &#8220;Olha, ele n\u00e3o para, ele vai para l\u00e1, vai para c\u00e1&#8230;&#8221; Qual o sentido disso? O sentido \u00e9 que \u00e9 energia que sai com todos os lados, falando de uma forma brincalhona, mas o fato \u00e9 que a crian\u00e7a n\u00e3o consegue ainda organizar e regular a distribui\u00e7\u00e3o dessa energia, o que na pr\u00e1tica significa que <\/span><b>ela n\u00e3o tem ainda bem desenvolvido um controle sobre si mesmo.<\/b><\/p>\n<p><span style=\"font-weight: 400;\">Ent\u00e3o, ela precisa desenvolver em primeiro lugar essa capacidade de seguir as ordens que ela d\u00e1 a si mesma e isso \u00e9 um processo muito dif\u00edcil para uma crian\u00e7a. Porque isso na pr\u00e1tica significa aprender a canalizar essa imensa energia de vida que uma crian\u00e7a tem.<\/span><\/p>\n<blockquote><p><b><i>A disciplina \u00e9 justamente essa capacidade de um ser humano de obedecer a si mesmo.<\/i><\/b><\/p><\/blockquote>\n<p><span style=\"font-weight: 400;\">E tudo isso \u00e9 o que chamamos de desenvolver uma palavra que ganhou m\u00e1 fama nas \u00faltimas d\u00e9cadas, mas que ainda \u00e9, e acredito que sempre ser\u00e1 muito importante, que \u00e9 desenvolver a disciplina.<\/span><\/p>\n<h1>Limites e disciplina<\/h1>\n<p><span style=\"font-weight: 400;\">A disciplina \u00e9 justamente essa capacidade de um ser humano de obedecer a si mesmo. E quando n\u00f3s falamos de uma capacidade de canalizar a energia das nossas vidas, justamente disso que se trata a palavra disciplina. Ela \u00e9 essa tubula\u00e7\u00e3o, ela n\u00e3o \u00e9 a energia, <\/span><b>\u00e9 a tubula\u00e7\u00e3o que permite canalizar a nossa energia de vida. <\/b><\/p>\n<p><span style=\"font-weight: 400;\">Voc\u00eas podem estar pensando assim, &#8220;Poxa, Roger, mas eu vim na verdade para ouvir uma exposi\u00e7\u00e3o sobre o tema dos limites\u2026 \u00c9 sobre disciplina, ent\u00e3o, que voc\u00ea vai falar?&#8221; Bom, \u00e9 sobre limites, mas o fato \u00e9 que a disciplina, que \u00e9 algo t\u00e3o importante assim, <\/span><b>ela se estrutura com base em limites e regras.<\/b><\/p>\n<p><span style=\"font-weight: 400;\">A\u00ed n\u00f3s come\u00e7amos a entender ent\u00e3o qual a import\u00e2ncia do tema dos limites aqui para n\u00f3s hoje. Porque se a disciplina \u00e9 essa capacidade de canalizar a energia de vida de uma crian\u00e7a, \u00e9 claro que isso \u00e9 fundamental.<\/span><\/p>\n<blockquote><p><b><i>Se n\u00f3s n\u00e3o ajudamos uma crian\u00e7a a desenvolver a disciplina na sua inf\u00e2ncia, ela ter\u00e1 ser\u00edssimos problemas nas etapas subsequentes.<\/i><\/b><\/p><\/blockquote>\n<p><span style=\"font-weight: 400;\">Para voc\u00eas terem uma ideia um grande fil\u00f3sofo chamado Immanuel Kant conhecido por muitos, o grande fil\u00f3sofo alem\u00e3o, costumava dizer algo muito importante, ele falava assim: <\/span><\/p>\n<p><span style=\"font-weight: 400;\">&#8220;Olha, h\u00e1 alguns problemas que se voc\u00ea n\u00e3o trata, n\u00e3o corrige, n\u00e3o educa em uma crian\u00e7a, voc\u00ea pode san\u00e1-los mais tarde, at\u00e9 mesmo na vida adulta&#8230; Mas esse n\u00e3o \u00e9 o caso do tema da disciplina. <\/span><b>Se n\u00f3s n\u00e3o ajudamos uma crian\u00e7a a desenvolver a disciplina na sua inf\u00e2ncia, ela ter\u00e1 ser\u00edssimos problemas nas etapas subsequentes <\/b><span style=\"font-weight: 400;\">at\u00e9 a vida adulta e muito dificilmente n\u00f3s poderemos lidar bem com esses problemas e ajud\u00e1-la a sanar esses problemas de falta de disciplina&#8221;.<\/span><\/p>\n<p>Quer mais sobre o tema dos limites? Clique e baixe o e-book gratuito: <a href=\"https:\/\/educativo.colegioflorenca.com.br\/como-trabalhar-os-limites-em-cada-etapa-da-infancia\">Como trabalhar os limites em cada etapa da inf\u00e2ncia<\/a><\/p>\n","protected":false},"excerpt":{"rendered":"<p>\ufeff O que eu poderia dizer como introdu\u00e7\u00e3o dessa tem\u00e1tica \u00e9 que o tema dos limites talvez seja um dos que mais inquieta pais e m\u00e3es em todos os lugares. Uma crian\u00e7a, ela tem um caudal de energia. E que energia \u00e9 essa? \u00c9 a energia da sua vida. Trabalho com cursos e palestras h\u00e1 [&hellip;]<\/p>\n","protected":false},"author":2,"featured_media":1264,"comment_status":"open","ping_status":"open","sticky":false,"template":"","format":"standard","meta":{"footnotes":""},"categories":[279],"tags":[],"class_list":["post-1261","post","type-post","status-publish","format-standard","has-post-thumbnail","hentry","category-pedagogia"],"yoast_head":"<!-- This site is optimized with the Yoast SEO plugin v17.1 - https:\/\/yoast.com\/wordpress\/plugins\/seo\/ -->\n<title>Limites na inf\u00e2ncia: por que \u00e9 t\u00e3o dif\u00edcil trabalhar?<\/title>\n<meta name=\"description\" content=\"O tema dos limites talvez seja um dos temas que mais inquieta pais e m\u00e3es. De fato \u00e9 um tema importante para a educa\u00e7\u00e3o infantil e o ser humano em geral.\" \/>\n<meta name=\"robots\" content=\"index, follow, max-snippet:-1, max-image-preview:large, max-video-preview:-1\" \/>\n<link rel=\"canonical\" href=\"https:\/\/www.colegioflorenca.com.br\/blog\/limites-infancia-porque-dificil-trabalhar\/\" \/>\n<meta property=\"og:locale\" content=\"pt_BR\" \/>\n<meta property=\"og:type\" content=\"article\" \/>\n<meta property=\"og:title\" content=\"Limites na inf\u00e2ncia: por que \u00e9 t\u00e3o dif\u00edcil trabalhar?\" \/>\n<meta property=\"og:description\" content=\"O tema dos limites talvez seja um dos temas que mais inquieta pais e m\u00e3es. De fato \u00e9 um tema importante para a educa\u00e7\u00e3o infantil e o ser humano em geral.\" \/>\n<meta property=\"og:url\" content=\"https:\/\/www.colegioflorenca.com.br\/blog\/limites-infancia-porque-dificil-trabalhar\/\" \/>\n<meta property=\"og:site_name\" content=\"Blog do Col\u00e9gio Acad\u00eamico Floren\u00e7a\" \/>\n<meta property=\"article:publisher\" content=\"https:\/\/www.facebook.com\/colegioflorenca\" \/>\n<meta property=\"article:published_time\" content=\"2018-09-07T23:05:46+00:00\" \/>\n<meta property=\"article:modified_time\" content=\"2019-01-14T19:02:52+00:00\" \/>\n<meta property=\"og:image\" content=\"https:\/\/www.colegioflorenca.com.br\/blog\/wp-content\/uploads\/2018\/09\/limites-infancia-porque-dificil-trabalhar.jpg\" \/>\n\t<meta property=\"og:image:width\" content=\"800\" \/>\n\t<meta property=\"og:image:height\" content=\"533\" \/>\n<meta name=\"twitter:card\" content=\"summary_large_image\" \/>\n<meta name=\"twitter:label1\" content=\"Escrito por\" \/>\n\t<meta name=\"twitter:data1\" content=\"Col\u00e9gio Acad\u00eamico Floren\u00e7a\" \/>\n\t<meta name=\"twitter:label2\" content=\"Est. tempo de leitura\" \/>\n\t<meta name=\"twitter:data2\" content=\"5 minutos\" \/>\n<script type=\"application\/ld+json\" class=\"yoast-schema-graph\">{\"@context\":\"https:\/\/schema.org\",\"@graph\":[{\"@type\":\"WebSite\",\"@id\":\"https:\/\/www.colegioflorenca.com.br\/blog\/#website\",\"url\":\"https:\/\/www.colegioflorenca.com.br\/blog\/\",\"name\":\"Col\\u00e9gio Acad\\u00eamico Floren\\u00e7a\",\"description\":\"Col\\u00e9gio Floren\\u00e7a - Escola Infantil em Florian\\u00f3polis\",\"potentialAction\":[{\"@type\":\"SearchAction\",\"target\":{\"@type\":\"EntryPoint\",\"urlTemplate\":\"https:\/\/www.colegioflorenca.com.br\/blog\/?s={search_term_string}\"},\"query-input\":\"required name=search_term_string\"}],\"inLanguage\":\"pt-BR\"},{\"@type\":\"ImageObject\",\"@id\":\"https:\/\/www.colegioflorenca.com.br\/blog\/limites-infancia-porque-dificil-trabalhar\/#primaryimage\",\"inLanguage\":\"pt-BR\",\"url\":\"https:\/\/www.colegioflorenca.com.br\/blog\/wp-content\/uploads\/2018\/09\/limites-infancia-porque-dificil-trabalhar.jpg\",\"contentUrl\":\"https:\/\/www.colegioflorenca.com.br\/blog\/wp-content\/uploads\/2018\/09\/limites-infancia-porque-dificil-trabalhar.jpg\",\"width\":800,\"height\":533,\"caption\":\"M\\u00e3e trabalhando limites com a filha\"},{\"@type\":\"WebPage\",\"@id\":\"https:\/\/www.colegioflorenca.com.br\/blog\/limites-infancia-porque-dificil-trabalhar\/#webpage\",\"url\":\"https:\/\/www.colegioflorenca.com.br\/blog\/limites-infancia-porque-dificil-trabalhar\/\",\"name\":\"Limites na inf\\u00e2ncia: por que \\u00e9 t\\u00e3o dif\\u00edcil trabalhar?\",\"isPartOf\":{\"@id\":\"https:\/\/www.colegioflorenca.com.br\/blog\/#website\"},\"primaryImageOfPage\":{\"@id\":\"https:\/\/www.colegioflorenca.com.br\/blog\/limites-infancia-porque-dificil-trabalhar\/#primaryimage\"},\"datePublished\":\"2018-09-07T23:05:46+00:00\",\"dateModified\":\"2019-01-14T19:02:52+00:00\",\"author\":{\"@id\":\"https:\/\/www.colegioflorenca.com.br\/blog\/#\/schema\/person\/2458374c87be479da20878054a258042\"},\"description\":\"O tema dos limites talvez seja um dos temas que mais inquieta pais e m\\u00e3es. De fato \\u00e9 um tema importante para a educa\\u00e7\\u00e3o infantil e o ser humano em geral.\",\"breadcrumb\":{\"@id\":\"https:\/\/www.colegioflorenca.com.br\/blog\/limites-infancia-porque-dificil-trabalhar\/#breadcrumb\"},\"inLanguage\":\"pt-BR\",\"potentialAction\":[{\"@type\":\"ReadAction\",\"target\":[\"https:\/\/www.colegioflorenca.com.br\/blog\/limites-infancia-porque-dificil-trabalhar\/\"]}]},{\"@type\":\"BreadcrumbList\",\"@id\":\"https:\/\/www.colegioflorenca.com.br\/blog\/limites-infancia-porque-dificil-trabalhar\/#breadcrumb\",\"itemListElement\":[{\"@type\":\"ListItem\",\"position\":1,\"name\":\"In\\u00edcio\",\"item\":\"https:\/\/www.colegioflorenca.com.br\/blog\/\"},{\"@type\":\"ListItem\",\"position\":2,\"name\":\"Limites na inf\\u00e2ncia: por que \\u00e9 t\\u00e3o dif\\u00edcil trabalhar?\"}]},{\"@type\":\"Person\",\"@id\":\"https:\/\/www.colegioflorenca.com.br\/blog\/#\/schema\/person\/2458374c87be479da20878054a258042\",\"name\":\"Col\\u00e9gio Acad\\u00eamico Floren\\u00e7a\",\"image\":{\"@type\":\"ImageObject\",\"@id\":\"https:\/\/www.colegioflorenca.com.br\/blog\/#personlogo\",\"inLanguage\":\"pt-BR\",\"url\":\"https:\/\/secure.gravatar.com\/avatar\/b6800a4c0c783df797cbd25f80a6cd87233b286b7490112863c0b4e8f2fcc995?s=96&d=mm&r=g\",\"contentUrl\":\"https:\/\/secure.gravatar.com\/avatar\/b6800a4c0c783df797cbd25f80a6cd87233b286b7490112863c0b4e8f2fcc995?s=96&d=mm&r=g\",\"caption\":\"Col\\u00e9gio Acad\\u00eamico Floren\\u00e7a\"},\"description\":\"O Col\\u00e9gio Floren\\u00e7a \\u00e9 uma escola infantil de refer\\u00eancia em Florian\\u00f3polis-SC, cuja pedagogia atrai pais que buscam um trabalho educativo de excel\\u00eancia. Atrav\\u00e9s de anos de pesquisa e de aplica\\u00e7\\u00e3o pr\\u00e1tica desenvolvemos uma metodologia pr\\u00f3pria, aliada \\u00e0s abordagens e estudos de grandes pedagogos do mundo inteiro.\"}]}<\/script>\n<!-- \/ Yoast SEO plugin. -->","yoast_head_json":{"title":"Limites na inf\u00e2ncia: por que \u00e9 t\u00e3o dif\u00edcil trabalhar?","description":"O tema dos limites talvez seja um dos temas que mais inquieta pais e m\u00e3es. De fato \u00e9 um tema importante para a educa\u00e7\u00e3o infantil e o ser humano em geral.","robots":{"index":"index","follow":"follow","max-snippet":"max-snippet:-1","max-image-preview":"max-image-preview:large","max-video-preview":"max-video-preview:-1"},"canonical":"https:\/\/www.colegioflorenca.com.br\/blog\/limites-infancia-porque-dificil-trabalhar\/","og_locale":"pt_BR","og_type":"article","og_title":"Limites na inf\u00e2ncia: por que \u00e9 t\u00e3o dif\u00edcil trabalhar?","og_description":"O tema dos limites talvez seja um dos temas que mais inquieta pais e m\u00e3es. De fato \u00e9 um tema importante para a educa\u00e7\u00e3o infantil e o ser humano em geral.","og_url":"https:\/\/www.colegioflorenca.com.br\/blog\/limites-infancia-porque-dificil-trabalhar\/","og_site_name":"Blog do Col\u00e9gio Acad\u00eamico Floren\u00e7a","article_publisher":"https:\/\/www.facebook.com\/colegioflorenca","article_published_time":"2018-09-07T23:05:46+00:00","article_modified_time":"2019-01-14T19:02:52+00:00","og_image":[{"width":800,"height":533,"url":"https:\/\/www.colegioflorenca.com.br\/blog\/wp-content\/uploads\/2018\/09\/limites-infancia-porque-dificil-trabalhar.jpg","path":"\/home\/u505644395\/domains\/colegioflorenca.com.br\/public_html\/blog\/wp-content\/uploads\/2018\/09\/limites-infancia-porque-dificil-trabalhar.jpg","size":"full","id":1264,"alt":"M\u00e3e trabalhando limites com a filha","pixels":426400,"type":"image\/jpeg"}],"twitter_card":"summary_large_image","twitter_misc":{"Escrito por":"Col\u00e9gio Acad\u00eamico Floren\u00e7a","Est. tempo de leitura":"5 minutos"},"schema":{"@context":"https:\/\/schema.org","@graph":[{"@type":"WebSite","@id":"https:\/\/www.colegioflorenca.com.br\/blog\/#website","url":"https:\/\/www.colegioflorenca.com.br\/blog\/","name":"Col\u00e9gio Acad\u00eamico Floren\u00e7a","description":"Col\u00e9gio Floren\u00e7a - Escola Infantil em Florian\u00f3polis","potentialAction":[{"@type":"SearchAction","target":{"@type":"EntryPoint","urlTemplate":"https:\/\/www.colegioflorenca.com.br\/blog\/?s={search_term_string}"},"query-input":"required name=search_term_string"}],"inLanguage":"pt-BR"},{"@type":"ImageObject","@id":"https:\/\/www.colegioflorenca.com.br\/blog\/limites-infancia-porque-dificil-trabalhar\/#primaryimage","inLanguage":"pt-BR","url":"https:\/\/www.colegioflorenca.com.br\/blog\/wp-content\/uploads\/2018\/09\/limites-infancia-porque-dificil-trabalhar.jpg","contentUrl":"https:\/\/www.colegioflorenca.com.br\/blog\/wp-content\/uploads\/2018\/09\/limites-infancia-porque-dificil-trabalhar.jpg","width":800,"height":533,"caption":"M\u00e3e trabalhando limites com a filha"},{"@type":"WebPage","@id":"https:\/\/www.colegioflorenca.com.br\/blog\/limites-infancia-porque-dificil-trabalhar\/#webpage","url":"https:\/\/www.colegioflorenca.com.br\/blog\/limites-infancia-porque-dificil-trabalhar\/","name":"Limites na inf\u00e2ncia: por que \u00e9 t\u00e3o dif\u00edcil trabalhar?","isPartOf":{"@id":"https:\/\/www.colegioflorenca.com.br\/blog\/#website"},"primaryImageOfPage":{"@id":"https:\/\/www.colegioflorenca.com.br\/blog\/limites-infancia-porque-dificil-trabalhar\/#primaryimage"},"datePublished":"2018-09-07T23:05:46+00:00","dateModified":"2019-01-14T19:02:52+00:00","author":{"@id":"https:\/\/www.colegioflorenca.com.br\/blog\/#\/schema\/person\/2458374c87be479da20878054a258042"},"description":"O tema dos limites talvez seja um dos temas que mais inquieta pais e m\u00e3es. De fato \u00e9 um tema importante para a educa\u00e7\u00e3o infantil e o ser humano em geral.","breadcrumb":{"@id":"https:\/\/www.colegioflorenca.com.br\/blog\/limites-infancia-porque-dificil-trabalhar\/#breadcrumb"},"inLanguage":"pt-BR","potentialAction":[{"@type":"ReadAction","target":["https:\/\/www.colegioflorenca.com.br\/blog\/limites-infancia-porque-dificil-trabalhar\/"]}]},{"@type":"BreadcrumbList","@id":"https:\/\/www.colegioflorenca.com.br\/blog\/limites-infancia-porque-dificil-trabalhar\/#breadcrumb","itemListElement":[{"@type":"ListItem","position":1,"name":"In\u00edcio","item":"https:\/\/www.colegioflorenca.com.br\/blog\/"},{"@type":"ListItem","position":2,"name":"Limites na inf\u00e2ncia: por que \u00e9 t\u00e3o dif\u00edcil trabalhar?"}]},{"@type":"Person","@id":"https:\/\/www.colegioflorenca.com.br\/blog\/#\/schema\/person\/2458374c87be479da20878054a258042","name":"Col\u00e9gio Acad\u00eamico Floren\u00e7a","image":{"@type":"ImageObject","@id":"https:\/\/www.colegioflorenca.com.br\/blog\/#personlogo","inLanguage":"pt-BR","url":"https:\/\/secure.gravatar.com\/avatar\/b6800a4c0c783df797cbd25f80a6cd87233b286b7490112863c0b4e8f2fcc995?s=96&d=mm&r=g","contentUrl":"https:\/\/secure.gravatar.com\/avatar\/b6800a4c0c783df797cbd25f80a6cd87233b286b7490112863c0b4e8f2fcc995?s=96&d=mm&r=g","caption":"Col\u00e9gio Acad\u00eamico Floren\u00e7a"},"description":"O Col\u00e9gio Floren\u00e7a \u00e9 uma escola infantil de refer\u00eancia em Florian\u00f3polis-SC, cuja pedagogia atrai pais que buscam um trabalho educativo de excel\u00eancia. Atrav\u00e9s de anos de pesquisa e de aplica\u00e7\u00e3o pr\u00e1tica desenvolvemos uma metodologia pr\u00f3pria, aliada \u00e0s abordagens e estudos de grandes pedagogos do mundo inteiro."}]}},"_links":{"self":[{"href":"https:\/\/www.colegioflorenca.com.br\/blog\/wp-json\/wp\/v2\/posts\/1261","targetHints":{"allow":["GET"]}}],"collection":[{"href":"https:\/\/www.colegioflorenca.com.br\/blog\/wp-json\/wp\/v2\/posts"}],"about":[{"href":"https:\/\/www.colegioflorenca.com.br\/blog\/wp-json\/wp\/v2\/types\/post"}],"author":[{"embeddable":true,"href":"https:\/\/www.colegioflorenca.com.br\/blog\/wp-json\/wp\/v2\/users\/2"}],"replies":[{"embeddable":true,"href":"https:\/\/www.colegioflorenca.com.br\/blog\/wp-json\/wp\/v2\/comments?post=1261"}],"version-history":[{"count":7,"href":"https:\/\/www.colegioflorenca.com.br\/blog\/wp-json\/wp\/v2\/posts\/1261\/revisions"}],"predecessor-version":[{"id":1273,"href":"https:\/\/www.colegioflorenca.com.br\/blog\/wp-json\/wp\/v2\/posts\/1261\/revisions\/1273"}],"wp:featuredmedia":[{"embeddable":true,"href":"https:\/\/www.colegioflorenca.com.br\/blog\/wp-json\/wp\/v2\/media\/1264"}],"wp:attachment":[{"href":"https:\/\/www.colegioflorenca.com.br\/blog\/wp-json\/wp\/v2\/media?parent=1261"}],"wp:term":[{"taxonomy":"category","embeddable":true,"href":"https:\/\/www.colegioflorenca.com.br\/blog\/wp-json\/wp\/v2\/categories?post=1261"},{"taxonomy":"post_tag","embeddable":true,"href":"https:\/\/www.colegioflorenca.com.br\/blog\/wp-json\/wp\/v2\/tags?post=1261"}],"curies":[{"name":"wp","href":"https:\/\/api.w.org\/{rel}","templated":true}]}}