{"id":1440,"date":"2019-01-16T12:51:18","date_gmt":"2019-01-16T14:51:18","guid":{"rendered":"https:\/\/www.colegioflorenca.com.br\/blog\/?p=1440"},"modified":"2019-09-27T11:50:06","modified_gmt":"2019-09-27T14:50:06","slug":"colegio-florenca-novidades-2019","status":"publish","type":"post","link":"https:\/\/www.colegioflorenca.com.br\/blog\/colegio-florenca-novidades-2019\/","title":{"rendered":"2019 inicia com novidades no Col\u00e9gio Floren\u00e7a"},"content":{"rendered":"<p><span style=\"font-weight: 400;\">2019 demarca um per\u00edodo especial para o Col\u00e9gio Floren\u00e7a. A escola infantil no bairro Santa M\u00f4nica, que iniciou seus trabalhos em 2004, completa este ano 15 anos de atividades em Florian\u00f3polis. Em um ciclo comemorativo e fase de matura\u00e7\u00e3o do seu projeto, o Col\u00e9gio traz uma s\u00e9rie de aprimoramentos relacionados \u00e0 sua estrutura f\u00edsica e pedag\u00f3gica.<\/span><\/p>\n<h2><b>Novidades na \u00e1rea pedag\u00f3gica da Escola<\/b><\/h2>\n<p><span style=\"font-weight: 400;\">Na \u00e1rea pedag\u00f3gica, o grande marco \u00e9 o conjunto de novos projetos desenvolvidos a partir de pesquisas pedag\u00f3gicas feitas ao longo dos \u00faltimos anos. Benedita Martim, vice-diretora da escola afirma:<\/span><\/p>\n<p><span style=\"font-weight: 400;\">&#8220;Como sempre ressaltamos, a <strong>educa\u00e7\u00e3o infantil<\/strong> \u00e9 a etapa mais significativa de desenvolvimento da crian\u00e7a nos seus v\u00e1rios aspectos, f\u00edsicos, psicol\u00f3gicos, emocionais e sociais e isso demanda uma aten\u00e7\u00e3o muito especializada por parte dos educadores.&#8221;<\/span><\/p>\n<p><span style=\"font-weight: 400;\">No Grupo Beb\u00ea, dedicado ao trabalho com as crian\u00e7as de 0 a 3 anos, a nova abordagem, centrada na intera\u00e7\u00e3o dos adultos com os beb\u00eas \u00e9 o grande destaque pedag\u00f3gico para esta faixa et\u00e1ria.<\/span><\/p>\n<p><span style=\"font-weight: 400;\">Estudos internos iniciados em 2017 demonstraram que a comunica\u00e7\u00e3o dos adultos com as crian\u00e7as t\u00eam um papel insuspeitado na inf\u00e2ncia, levando a um desenvolvimento \u00edmpar da intelig\u00eancia e com reflexos permanentes para toda a vida da crian\u00e7a. <\/span><\/p>\n<p><span style=\"font-weight: 400;\">&#8220;O efeito que tem a comunica\u00e7\u00e3o do adulto com os beb\u00eas, tanto no sentido da qualidade, como mesmo na quantidade, tem um resultado que nos leva a perceber elementos impressionantes do universo dos pequenos. Possivelmente, <a href=\"https:\/\/www.colegioflorenca.com.br\/blog\/novidades-para-2019\/\">\u00e9 uma das maiores descobertas que j\u00e1 fizemos at\u00e9 ent\u00e3o<\/a>&#8220;, afirma Roger Hansen. A ideia, segundo o diretor da escola infantil e pesquisador da inf\u00e2ncia, \u00e9 que os resultados dos estudos sejam aplicados no cotidiano das turmas e incorporados nos Princ\u00edpios da Pedagogia Floren\u00e7a ao longo deste e dos pr\u00f3ximos anos. <\/span><\/p>\n<p><span style=\"font-weight: 400;\">Para o Grupo Infantil, as novidades s\u00e3o bastante amplas. 2019 ser\u00e1 o ano de lan\u00e7amento de dois livros voltados ao trabalho com a faixa-et\u00e1ria dos 3 a 6 anos e tamb\u00e9m da implementa\u00e7\u00e3o de novas abordagens dentro dos eixos de Atividades de Movimento e de Atividades Manuais.<\/span><\/p>\n<p><span style=\"font-weight: 400;\">O lan\u00e7amento do primeiro volume da Cole\u00e7\u00e3o O Belo Reino trar\u00e1 sua contribui\u00e7\u00e3o ao eixo de Contos e Linguagem, com hist\u00f3rias desenvolvidas dentro da Escola. O lan\u00e7amento do livro Pedagogia Floren\u00e7a II, ser\u00e1 a coroa\u00e7\u00e3o da fundamenta\u00e7\u00e3o do trabalho voltado aos 3 a 6 anos, dando continuidade ao primeiro livro, voltado \u00e0 faixa et\u00e1ria de 0 a 3 anos, lan\u00e7ado em 2017.<\/span><\/p>\n<p>&nbsp;<\/p>\n<h2><b>Estrutura f\u00edsica<\/b><\/h2>\n<p><span style=\"font-weight: 400;\">A estrutura f\u00edsica traz tamb\u00e9m muitos avan\u00e7os neste ano comemorativo. Al\u00e9m da pintura, embelezamento e melhorias estruturais em todos os ambientes da escola, destaca-se a da adequa\u00e7\u00e3o dos espa\u00e7os para atender adultos e crian\u00e7as com necessidades especiais (PNE).<\/span><\/p>\n<p><span style=\"font-weight: 400;\">O Col\u00e9gio Floren\u00e7a, cujo prop\u00f3sito fundamental est\u00e1 centrado no estudo, pesquisa e dedica\u00e7\u00e3o \u00e0 educa\u00e7\u00e3o infantil, fica contente em poder apresentar tantas novidades em seus 15 anos de trabalho, que consolidam a Pedagogia Floren\u00e7a no meio educativo brasileiro.<\/span><\/p>\n<p>&nbsp;<\/p>\n<hr \/>\n<p><a href=\"https:\/\/www.colegioflorenca.com.br\/escola\/\">Clique aqui<\/a> e conhe\u00e7a o Col\u00e9gio Floren\u00e7a. Escola Particular Infantil no Santa M\u00f4nica, pr\u00f3xima ao Itacorubi, em Florian\u00f3polis, com Ber\u00e7\u00e1rio e especializa\u00e7\u00e3o na Educa\u00e7\u00e3o Infantil 0 a 6 anos.<\/p>\n","protected":false},"excerpt":{"rendered":"<p>2019 demarca um per\u00edodo especial para o Col\u00e9gio Floren\u00e7a. A escola infantil no bairro Santa M\u00f4nica, que iniciou seus trabalhos em 2004, completa este ano 15 anos de atividades em Florian\u00f3polis. Em um ciclo comemorativo e fase de matura\u00e7\u00e3o do seu projeto, o Col\u00e9gio traz uma s\u00e9rie de aprimoramentos relacionados \u00e0 sua estrutura f\u00edsica e [&hellip;]<\/p>\n","protected":false},"author":2,"featured_media":1441,"comment_status":"open","ping_status":"open","sticky":false,"template":"","format":"standard","meta":{"footnotes":""},"categories":[278],"tags":[318,296,287,294,319,285],"class_list":["post-1440","post","type-post","status-publish","format-standard","has-post-thumbnail","hentry","category-noticias","tag-318","tag-colegio-florenca","tag-educacao-infantil","tag-escola-infantil","tag-melhorias","tag-noticias"],"yoast_head":"<!-- This site is optimized with the Yoast SEO plugin v17.1 - https:\/\/yoast.com\/wordpress\/plugins\/seo\/ -->\n<title>2019 inicia com novidades no Col\u00e9gio Floren\u00e7a - Blog do Col\u00e9gio Acad\u00eamico Floren\u00e7a<\/title>\n<meta name=\"description\" content=\"2019 demarca um per\u00edodo especial para o Col\u00e9gio Floren\u00e7a, ano em que a escola completa os seus 15 anos de atividades em Florian\u00f3polis.\" \/>\n<meta name=\"robots\" content=\"index, follow, max-snippet:-1, max-image-preview:large, max-video-preview:-1\" \/>\n<link rel=\"canonical\" href=\"https:\/\/www.colegioflorenca.com.br\/blog\/colegio-florenca-novidades-2019\/\" \/>\n<meta property=\"og:locale\" content=\"pt_BR\" \/>\n<meta property=\"og:type\" content=\"article\" \/>\n<meta property=\"og:title\" content=\"2019 inicia com novidades no Col\u00e9gio Floren\u00e7a - Blog do Col\u00e9gio Acad\u00eamico Floren\u00e7a\" \/>\n<meta property=\"og:description\" content=\"2019 demarca um per\u00edodo especial para o Col\u00e9gio Floren\u00e7a, ano em que a escola completa os seus 15 anos de atividades em Florian\u00f3polis.\" \/>\n<meta property=\"og:url\" content=\"https:\/\/www.colegioflorenca.com.br\/blog\/colegio-florenca-novidades-2019\/\" \/>\n<meta property=\"og:site_name\" content=\"Blog do Col\u00e9gio Acad\u00eamico Floren\u00e7a\" \/>\n<meta property=\"article:publisher\" content=\"https:\/\/www.facebook.com\/colegioflorenca\" \/>\n<meta property=\"article:published_time\" content=\"2019-01-16T14:51:18+00:00\" \/>\n<meta property=\"article:modified_time\" content=\"2019-09-27T14:50:06+00:00\" \/>\n<meta property=\"og:image\" content=\"https:\/\/www.colegioflorenca.com.br\/blog\/wp-content\/uploads\/2019\/01\/fachada-colegio-florenca-escola-infantil-florianopolis.jpg\" \/>\n\t<meta property=\"og:image:width\" content=\"1280\" \/>\n\t<meta property=\"og:image:height\" content=\"960\" \/>\n<meta name=\"twitter:card\" content=\"summary_large_image\" \/>\n<meta name=\"twitter:label1\" content=\"Escrito por\" \/>\n\t<meta name=\"twitter:data1\" content=\"Col\u00e9gio Acad\u00eamico Floren\u00e7a\" \/>\n\t<meta name=\"twitter:label2\" content=\"Est. tempo de leitura\" \/>\n\t<meta name=\"twitter:data2\" content=\"3 minutos\" \/>\n<script type=\"application\/ld+json\" class=\"yoast-schema-graph\">{\"@context\":\"https:\/\/schema.org\",\"@graph\":[{\"@type\":\"WebSite\",\"@id\":\"https:\/\/www.colegioflorenca.com.br\/blog\/#website\",\"url\":\"https:\/\/www.colegioflorenca.com.br\/blog\/\",\"name\":\"Col\\u00e9gio Acad\\u00eamico Floren\\u00e7a\",\"description\":\"Col\\u00e9gio Floren\\u00e7a - Escola Infantil em Florian\\u00f3polis\",\"potentialAction\":[{\"@type\":\"SearchAction\",\"target\":{\"@type\":\"EntryPoint\",\"urlTemplate\":\"https:\/\/www.colegioflorenca.com.br\/blog\/?s={search_term_string}\"},\"query-input\":\"required name=search_term_string\"}],\"inLanguage\":\"pt-BR\"},{\"@type\":\"ImageObject\",\"@id\":\"https:\/\/www.colegioflorenca.com.br\/blog\/colegio-florenca-novidades-2019\/#primaryimage\",\"inLanguage\":\"pt-BR\",\"url\":\"https:\/\/www.colegioflorenca.com.br\/blog\/wp-content\/uploads\/2019\/01\/fachada-colegio-florenca-escola-infantil-florianopolis.jpg\",\"contentUrl\":\"https:\/\/www.colegioflorenca.com.br\/blog\/wp-content\/uploads\/2019\/01\/fachada-colegio-florenca-escola-infantil-florianopolis.jpg\",\"width\":1280,\"height\":960,\"caption\":\"Fachada do Col\\u00e9gio Floren\\u00e7a - Escola infantil em Florian\\u00f3polis\"},{\"@type\":\"WebPage\",\"@id\":\"https:\/\/www.colegioflorenca.com.br\/blog\/colegio-florenca-novidades-2019\/#webpage\",\"url\":\"https:\/\/www.colegioflorenca.com.br\/blog\/colegio-florenca-novidades-2019\/\",\"name\":\"2019 inicia com novidades no Col\\u00e9gio Floren\\u00e7a - Blog do Col\\u00e9gio Acad\\u00eamico Floren\\u00e7a\",\"isPartOf\":{\"@id\":\"https:\/\/www.colegioflorenca.com.br\/blog\/#website\"},\"primaryImageOfPage\":{\"@id\":\"https:\/\/www.colegioflorenca.com.br\/blog\/colegio-florenca-novidades-2019\/#primaryimage\"},\"datePublished\":\"2019-01-16T14:51:18+00:00\",\"dateModified\":\"2019-09-27T14:50:06+00:00\",\"author\":{\"@id\":\"https:\/\/www.colegioflorenca.com.br\/blog\/#\/schema\/person\/2458374c87be479da20878054a258042\"},\"description\":\"2019 demarca um per\\u00edodo especial para o Col\\u00e9gio Floren\\u00e7a, ano em que a escola completa os seus 15 anos de atividades em Florian\\u00f3polis.\",\"breadcrumb\":{\"@id\":\"https:\/\/www.colegioflorenca.com.br\/blog\/colegio-florenca-novidades-2019\/#breadcrumb\"},\"inLanguage\":\"pt-BR\",\"potentialAction\":[{\"@type\":\"ReadAction\",\"target\":[\"https:\/\/www.colegioflorenca.com.br\/blog\/colegio-florenca-novidades-2019\/\"]}]},{\"@type\":\"BreadcrumbList\",\"@id\":\"https:\/\/www.colegioflorenca.com.br\/blog\/colegio-florenca-novidades-2019\/#breadcrumb\",\"itemListElement\":[{\"@type\":\"ListItem\",\"position\":1,\"name\":\"In\\u00edcio\",\"item\":\"https:\/\/www.colegioflorenca.com.br\/blog\/\"},{\"@type\":\"ListItem\",\"position\":2,\"name\":\"2019 inicia com novidades no Col\\u00e9gio Floren\\u00e7a\"}]},{\"@type\":\"Person\",\"@id\":\"https:\/\/www.colegioflorenca.com.br\/blog\/#\/schema\/person\/2458374c87be479da20878054a258042\",\"name\":\"Col\\u00e9gio Acad\\u00eamico Floren\\u00e7a\",\"image\":{\"@type\":\"ImageObject\",\"@id\":\"https:\/\/www.colegioflorenca.com.br\/blog\/#personlogo\",\"inLanguage\":\"pt-BR\",\"url\":\"https:\/\/secure.gravatar.com\/avatar\/b6800a4c0c783df797cbd25f80a6cd87233b286b7490112863c0b4e8f2fcc995?s=96&d=mm&r=g\",\"contentUrl\":\"https:\/\/secure.gravatar.com\/avatar\/b6800a4c0c783df797cbd25f80a6cd87233b286b7490112863c0b4e8f2fcc995?s=96&d=mm&r=g\",\"caption\":\"Col\\u00e9gio Acad\\u00eamico Floren\\u00e7a\"},\"description\":\"O Col\\u00e9gio Floren\\u00e7a \\u00e9 uma escola infantil de refer\\u00eancia em Florian\\u00f3polis-SC, cuja pedagogia atrai pais que buscam um trabalho educativo de excel\\u00eancia. Atrav\\u00e9s de anos de pesquisa e de aplica\\u00e7\\u00e3o pr\\u00e1tica desenvolvemos uma metodologia pr\\u00f3pria, aliada \\u00e0s abordagens e estudos de grandes pedagogos do mundo inteiro.\"}]}<\/script>\n<!-- \/ Yoast SEO plugin. -->","yoast_head_json":{"title":"2019 inicia com novidades no Col\u00e9gio Floren\u00e7a - Blog do Col\u00e9gio Acad\u00eamico Floren\u00e7a","description":"2019 demarca um per\u00edodo especial para o Col\u00e9gio Floren\u00e7a, ano em que a escola completa os seus 15 anos de atividades em Florian\u00f3polis.","robots":{"index":"index","follow":"follow","max-snippet":"max-snippet:-1","max-image-preview":"max-image-preview:large","max-video-preview":"max-video-preview:-1"},"canonical":"https:\/\/www.colegioflorenca.com.br\/blog\/colegio-florenca-novidades-2019\/","og_locale":"pt_BR","og_type":"article","og_title":"2019 inicia com novidades no Col\u00e9gio Floren\u00e7a - Blog do Col\u00e9gio Acad\u00eamico Floren\u00e7a","og_description":"2019 demarca um per\u00edodo especial para o Col\u00e9gio Floren\u00e7a, ano em que a escola completa os seus 15 anos de atividades em Florian\u00f3polis.","og_url":"https:\/\/www.colegioflorenca.com.br\/blog\/colegio-florenca-novidades-2019\/","og_site_name":"Blog do Col\u00e9gio Acad\u00eamico Floren\u00e7a","article_publisher":"https:\/\/www.facebook.com\/colegioflorenca","article_published_time":"2019-01-16T14:51:18+00:00","article_modified_time":"2019-09-27T14:50:06+00:00","og_image":[{"width":1280,"height":960,"url":"https:\/\/www.colegioflorenca.com.br\/blog\/wp-content\/uploads\/2019\/01\/fachada-colegio-florenca-escola-infantil-florianopolis.jpg","path":"\/home\/u505644395\/domains\/colegioflorenca.com.br\/public_html\/blog\/wp-content\/uploads\/2019\/01\/fachada-colegio-florenca-escola-infantil-florianopolis.jpg","size":"full","id":1441,"alt":"Fachada do Col\u00e9gio Floren\u00e7a - Escola infantil em Florian\u00f3polis","pixels":1228800,"type":"image\/jpeg"}],"twitter_card":"summary_large_image","twitter_misc":{"Escrito por":"Col\u00e9gio Acad\u00eamico Floren\u00e7a","Est. tempo de leitura":"3 minutos"},"schema":{"@context":"https:\/\/schema.org","@graph":[{"@type":"WebSite","@id":"https:\/\/www.colegioflorenca.com.br\/blog\/#website","url":"https:\/\/www.colegioflorenca.com.br\/blog\/","name":"Col\u00e9gio Acad\u00eamico Floren\u00e7a","description":"Col\u00e9gio Floren\u00e7a - Escola Infantil em Florian\u00f3polis","potentialAction":[{"@type":"SearchAction","target":{"@type":"EntryPoint","urlTemplate":"https:\/\/www.colegioflorenca.com.br\/blog\/?s={search_term_string}"},"query-input":"required name=search_term_string"}],"inLanguage":"pt-BR"},{"@type":"ImageObject","@id":"https:\/\/www.colegioflorenca.com.br\/blog\/colegio-florenca-novidades-2019\/#primaryimage","inLanguage":"pt-BR","url":"https:\/\/www.colegioflorenca.com.br\/blog\/wp-content\/uploads\/2019\/01\/fachada-colegio-florenca-escola-infantil-florianopolis.jpg","contentUrl":"https:\/\/www.colegioflorenca.com.br\/blog\/wp-content\/uploads\/2019\/01\/fachada-colegio-florenca-escola-infantil-florianopolis.jpg","width":1280,"height":960,"caption":"Fachada do Col\u00e9gio Floren\u00e7a - Escola infantil em Florian\u00f3polis"},{"@type":"WebPage","@id":"https:\/\/www.colegioflorenca.com.br\/blog\/colegio-florenca-novidades-2019\/#webpage","url":"https:\/\/www.colegioflorenca.com.br\/blog\/colegio-florenca-novidades-2019\/","name":"2019 inicia com novidades no Col\u00e9gio Floren\u00e7a - Blog do Col\u00e9gio Acad\u00eamico Floren\u00e7a","isPartOf":{"@id":"https:\/\/www.colegioflorenca.com.br\/blog\/#website"},"primaryImageOfPage":{"@id":"https:\/\/www.colegioflorenca.com.br\/blog\/colegio-florenca-novidades-2019\/#primaryimage"},"datePublished":"2019-01-16T14:51:18+00:00","dateModified":"2019-09-27T14:50:06+00:00","author":{"@id":"https:\/\/www.colegioflorenca.com.br\/blog\/#\/schema\/person\/2458374c87be479da20878054a258042"},"description":"2019 demarca um per\u00edodo especial para o Col\u00e9gio Floren\u00e7a, ano em que a escola completa os seus 15 anos de atividades em Florian\u00f3polis.","breadcrumb":{"@id":"https:\/\/www.colegioflorenca.com.br\/blog\/colegio-florenca-novidades-2019\/#breadcrumb"},"inLanguage":"pt-BR","potentialAction":[{"@type":"ReadAction","target":["https:\/\/www.colegioflorenca.com.br\/blog\/colegio-florenca-novidades-2019\/"]}]},{"@type":"BreadcrumbList","@id":"https:\/\/www.colegioflorenca.com.br\/blog\/colegio-florenca-novidades-2019\/#breadcrumb","itemListElement":[{"@type":"ListItem","position":1,"name":"In\u00edcio","item":"https:\/\/www.colegioflorenca.com.br\/blog\/"},{"@type":"ListItem","position":2,"name":"2019 inicia com novidades no Col\u00e9gio Floren\u00e7a"}]},{"@type":"Person","@id":"https:\/\/www.colegioflorenca.com.br\/blog\/#\/schema\/person\/2458374c87be479da20878054a258042","name":"Col\u00e9gio Acad\u00eamico Floren\u00e7a","image":{"@type":"ImageObject","@id":"https:\/\/www.colegioflorenca.com.br\/blog\/#personlogo","inLanguage":"pt-BR","url":"https:\/\/secure.gravatar.com\/avatar\/b6800a4c0c783df797cbd25f80a6cd87233b286b7490112863c0b4e8f2fcc995?s=96&d=mm&r=g","contentUrl":"https:\/\/secure.gravatar.com\/avatar\/b6800a4c0c783df797cbd25f80a6cd87233b286b7490112863c0b4e8f2fcc995?s=96&d=mm&r=g","caption":"Col\u00e9gio Acad\u00eamico Floren\u00e7a"},"description":"O Col\u00e9gio Floren\u00e7a \u00e9 uma escola infantil de refer\u00eancia em Florian\u00f3polis-SC, cuja pedagogia atrai pais que buscam um trabalho educativo de excel\u00eancia. Atrav\u00e9s de anos de pesquisa e de aplica\u00e7\u00e3o pr\u00e1tica desenvolvemos uma metodologia pr\u00f3pria, aliada \u00e0s abordagens e estudos de grandes pedagogos do mundo inteiro."}]}},"_links":{"self":[{"href":"https:\/\/www.colegioflorenca.com.br\/blog\/wp-json\/wp\/v2\/posts\/1440","targetHints":{"allow":["GET"]}}],"collection":[{"href":"https:\/\/www.colegioflorenca.com.br\/blog\/wp-json\/wp\/v2\/posts"}],"about":[{"href":"https:\/\/www.colegioflorenca.com.br\/blog\/wp-json\/wp\/v2\/types\/post"}],"author":[{"embeddable":true,"href":"https:\/\/www.colegioflorenca.com.br\/blog\/wp-json\/wp\/v2\/users\/2"}],"replies":[{"embeddable":true,"href":"https:\/\/www.colegioflorenca.com.br\/blog\/wp-json\/wp\/v2\/comments?post=1440"}],"version-history":[{"count":6,"href":"https:\/\/www.colegioflorenca.com.br\/blog\/wp-json\/wp\/v2\/posts\/1440\/revisions"}],"predecessor-version":[{"id":1703,"href":"https:\/\/www.colegioflorenca.com.br\/blog\/wp-json\/wp\/v2\/posts\/1440\/revisions\/1703"}],"wp:featuredmedia":[{"embeddable":true,"href":"https:\/\/www.colegioflorenca.com.br\/blog\/wp-json\/wp\/v2\/media\/1441"}],"wp:attachment":[{"href":"https:\/\/www.colegioflorenca.com.br\/blog\/wp-json\/wp\/v2\/media?parent=1440"}],"wp:term":[{"taxonomy":"category","embeddable":true,"href":"https:\/\/www.colegioflorenca.com.br\/blog\/wp-json\/wp\/v2\/categories?post=1440"},{"taxonomy":"post_tag","embeddable":true,"href":"https:\/\/www.colegioflorenca.com.br\/blog\/wp-json\/wp\/v2\/tags?post=1440"}],"curies":[{"name":"wp","href":"https:\/\/api.w.org\/{rel}","templated":true}]}}