{"id":1502,"date":"2018-05-20T12:37:38","date_gmt":"2018-05-20T15:37:38","guid":{"rendered":"https:\/\/www.colegioflorenca.com.br\/blog\/?p=1502"},"modified":"2019-02-01T12:50:58","modified_gmt":"2019-02-01T14:50:58","slug":"9a-jornadas-pedagogicas-colegio-florenca","status":"publish","type":"post","link":"https:\/\/www.colegioflorenca.com.br\/blog\/9a-jornadas-pedagogicas-colegio-florenca\/","title":{"rendered":"Jornadas Pedag\u00f3gicas: Educadores participam da 9\u00aa Edi\u00e7\u00e3o"},"content":{"rendered":"<p>Como parte do seu <a href=\"https:\/\/www.colegioflorenca.com.br\/blog\/formacao-capacitacao-equipe-demarcam-inicio-2019\/\">cont\u00ednuo processo de qualifica\u00e7\u00e3o<\/a>, o Col\u00e9gio Floren\u00e7a realizou no s\u00e1bado, dia 19\/5, as <strong>Jornadas Pedag\u00f3gicas<\/strong>, no Hotel SESC Cacup\u00e9 em Florian\u00f3polis.<\/p>\n<p>O encontro, que est\u00e1 em sua 9\u00aa edi\u00e7\u00e3o, teve como conte\u00fado central o movimento, um dos Eixos da Pedagogia Floren\u00e7a. Os temas foram trabalhados pela Coordena\u00e7\u00e3o Pedag\u00f3gica e pelo Diretor da Escola, Prof. Dr. Roger Hansen, que alternou momentos de discuss\u00e3o e de atividades pr\u00e1ticas.<\/p>\n<p>Al\u00e9m do foco pedag\u00f3gico, o encontro tamb\u00e9m contou com a presen\u00e7a do pesquisador da sa\u00fade, Prof. Me. Roberto P\u00e9rtile, que trabalhou a rela\u00e7\u00e3o do movimento com a sa\u00fade humana nos \u00e2mbitos f\u00edsico e psicol\u00f3gico. O tema foi direcionado tanto em rela\u00e7\u00e3o ao trabalho com as crian\u00e7as, quanto em rela\u00e7\u00e3o \u00e0 pr\u00f3pria sa\u00fade das professoras.<\/p>\n<p>Outro momento de muita emo\u00e7\u00e3o foi a entrega do G\u00edglio Floren\u00e7a, destinado aos educadores que ao longo de 5 anos se dedicaram a aplicar os princ\u00edpios Pedagogia Floren\u00e7a com amor e comprometimento. Na presente edi\u00e7\u00e3o foram entregues 5 condecora\u00e7\u00f5es.<\/p>\n<p>As professoras disseram estar muito contentes com o encontro, que al\u00e9m de qualificar os profissionais e de refor\u00e7ar os la\u00e7os entre a equipe, permite valorizar os educadores que durante anos se dedicam ao projeto de educa\u00e7\u00e3o humanizada do Col\u00e9gio Floren\u00e7a.<\/p>\n","protected":false},"excerpt":{"rendered":"<p>Como parte do seu cont\u00ednuo processo de qualifica\u00e7\u00e3o, o Col\u00e9gio Floren\u00e7a realizou no s\u00e1bado, dia 19\/5, as Jornadas Pedag\u00f3gicas, no Hotel SESC Cacup\u00e9 em Florian\u00f3polis. O encontro, que est\u00e1 em sua 9\u00aa edi\u00e7\u00e3o, teve como conte\u00fado central o movimento, um dos Eixos da Pedagogia Floren\u00e7a. Os temas foram trabalhados pela Coordena\u00e7\u00e3o Pedag\u00f3gica e pelo Diretor [&hellip;]<\/p>\n","protected":false},"author":2,"featured_media":1503,"comment_status":"open","ping_status":"open","sticky":false,"template":"","format":"standard","meta":{"footnotes":""},"categories":[278],"tags":[324],"class_list":["post-1502","post","type-post","status-publish","format-standard","has-post-thumbnail","hentry","category-noticias","tag-jornadas-pedagogicas"],"yoast_head":"<!-- This site is optimized with the Yoast SEO plugin v17.1 - https:\/\/yoast.com\/wordpress\/plugins\/seo\/ -->\n<title>Jornadas Pedag\u00f3gicas: Educadores participam da 9\u00aa Edi\u00e7\u00e3o<\/title>\n<meta name=\"description\" content=\"Como parte do seu cont\u00ednuo processo de qualifica\u00e7\u00e3o, o Col\u00e9gio Floren\u00e7a realizou em maio, as Jornadas Pedag\u00f3gicas, no Hotel SESC Cacup\u00e9 em Florian\u00f3polis.\" \/>\n<meta name=\"robots\" content=\"index, follow, max-snippet:-1, max-image-preview:large, max-video-preview:-1\" \/>\n<link rel=\"canonical\" href=\"https:\/\/www.colegioflorenca.com.br\/blog\/9a-jornadas-pedagogicas-colegio-florenca\/\" \/>\n<meta property=\"og:locale\" content=\"pt_BR\" \/>\n<meta property=\"og:type\" content=\"article\" \/>\n<meta property=\"og:title\" content=\"Jornadas Pedag\u00f3gicas: Educadores participam da 9\u00aa Edi\u00e7\u00e3o\" \/>\n<meta property=\"og:description\" content=\"Como parte do seu cont\u00ednuo processo de qualifica\u00e7\u00e3o, o Col\u00e9gio Floren\u00e7a realizou em maio, as Jornadas Pedag\u00f3gicas, no Hotel SESC Cacup\u00e9 em Florian\u00f3polis.\" \/>\n<meta property=\"og:url\" content=\"https:\/\/www.colegioflorenca.com.br\/blog\/9a-jornadas-pedagogicas-colegio-florenca\/\" \/>\n<meta property=\"og:site_name\" content=\"Blog do Col\u00e9gio Acad\u00eamico Floren\u00e7a\" \/>\n<meta property=\"article:publisher\" content=\"https:\/\/www.facebook.com\/colegioflorenca\" \/>\n<meta property=\"article:published_time\" content=\"2018-05-20T15:37:38+00:00\" \/>\n<meta property=\"article:modified_time\" content=\"2019-02-01T14:50:58+00:00\" \/>\n<meta property=\"og:image\" content=\"https:\/\/www.colegioflorenca.com.br\/blog\/wp-content\/uploads\/2019\/02\/9-jornadas-pedagogicas-colegio-florenca.jpg\" \/>\n\t<meta property=\"og:image:width\" content=\"800\" \/>\n\t<meta property=\"og:image:height\" content=\"600\" \/>\n<meta name=\"twitter:card\" content=\"summary_large_image\" \/>\n<meta name=\"twitter:label1\" content=\"Escrito por\" \/>\n\t<meta name=\"twitter:data1\" content=\"Col\u00e9gio Acad\u00eamico Floren\u00e7a\" \/>\n\t<meta name=\"twitter:label2\" content=\"Est. tempo de leitura\" \/>\n\t<meta name=\"twitter:data2\" content=\"1 minuto\" \/>\n<script type=\"application\/ld+json\" class=\"yoast-schema-graph\">{\"@context\":\"https:\/\/schema.org\",\"@graph\":[{\"@type\":\"WebSite\",\"@id\":\"https:\/\/www.colegioflorenca.com.br\/blog\/#website\",\"url\":\"https:\/\/www.colegioflorenca.com.br\/blog\/\",\"name\":\"Col\\u00e9gio Acad\\u00eamico Floren\\u00e7a\",\"description\":\"Col\\u00e9gio Floren\\u00e7a - Escola Infantil em Florian\\u00f3polis\",\"potentialAction\":[{\"@type\":\"SearchAction\",\"target\":{\"@type\":\"EntryPoint\",\"urlTemplate\":\"https:\/\/www.colegioflorenca.com.br\/blog\/?s={search_term_string}\"},\"query-input\":\"required name=search_term_string\"}],\"inLanguage\":\"pt-BR\"},{\"@type\":\"ImageObject\",\"@id\":\"https:\/\/www.colegioflorenca.com.br\/blog\/9a-jornadas-pedagogicas-colegio-florenca\/#primaryimage\",\"inLanguage\":\"pt-BR\",\"url\":\"https:\/\/www.colegioflorenca.com.br\/blog\/wp-content\/uploads\/2019\/02\/9-jornadas-pedagogicas-colegio-florenca.jpg\",\"contentUrl\":\"https:\/\/www.colegioflorenca.com.br\/blog\/wp-content\/uploads\/2019\/02\/9-jornadas-pedagogicas-colegio-florenca.jpg\",\"width\":800,\"height\":600,\"caption\":\"9\\u00aa Jornadas Pedag\\u00f3gicas do Col\\u00e9gio Floren\\u00e7a\"},{\"@type\":\"WebPage\",\"@id\":\"https:\/\/www.colegioflorenca.com.br\/blog\/9a-jornadas-pedagogicas-colegio-florenca\/#webpage\",\"url\":\"https:\/\/www.colegioflorenca.com.br\/blog\/9a-jornadas-pedagogicas-colegio-florenca\/\",\"name\":\"Jornadas Pedag\\u00f3gicas: Educadores participam da 9\\u00aa Edi\\u00e7\\u00e3o\",\"isPartOf\":{\"@id\":\"https:\/\/www.colegioflorenca.com.br\/blog\/#website\"},\"primaryImageOfPage\":{\"@id\":\"https:\/\/www.colegioflorenca.com.br\/blog\/9a-jornadas-pedagogicas-colegio-florenca\/#primaryimage\"},\"datePublished\":\"2018-05-20T15:37:38+00:00\",\"dateModified\":\"2019-02-01T14:50:58+00:00\",\"author\":{\"@id\":\"https:\/\/www.colegioflorenca.com.br\/blog\/#\/schema\/person\/2458374c87be479da20878054a258042\"},\"description\":\"Como parte do seu cont\\u00ednuo processo de qualifica\\u00e7\\u00e3o, o Col\\u00e9gio Floren\\u00e7a realizou em maio, as Jornadas Pedag\\u00f3gicas, no Hotel SESC Cacup\\u00e9 em Florian\\u00f3polis.\",\"breadcrumb\":{\"@id\":\"https:\/\/www.colegioflorenca.com.br\/blog\/9a-jornadas-pedagogicas-colegio-florenca\/#breadcrumb\"},\"inLanguage\":\"pt-BR\",\"potentialAction\":[{\"@type\":\"ReadAction\",\"target\":[\"https:\/\/www.colegioflorenca.com.br\/blog\/9a-jornadas-pedagogicas-colegio-florenca\/\"]}]},{\"@type\":\"BreadcrumbList\",\"@id\":\"https:\/\/www.colegioflorenca.com.br\/blog\/9a-jornadas-pedagogicas-colegio-florenca\/#breadcrumb\",\"itemListElement\":[{\"@type\":\"ListItem\",\"position\":1,\"name\":\"In\\u00edcio\",\"item\":\"https:\/\/www.colegioflorenca.com.br\/blog\/\"},{\"@type\":\"ListItem\",\"position\":2,\"name\":\"Jornadas Pedag\\u00f3gicas: Educadores participam da 9\\u00aa Edi\\u00e7\\u00e3o\"}]},{\"@type\":\"Person\",\"@id\":\"https:\/\/www.colegioflorenca.com.br\/blog\/#\/schema\/person\/2458374c87be479da20878054a258042\",\"name\":\"Col\\u00e9gio Acad\\u00eamico Floren\\u00e7a\",\"image\":{\"@type\":\"ImageObject\",\"@id\":\"https:\/\/www.colegioflorenca.com.br\/blog\/#personlogo\",\"inLanguage\":\"pt-BR\",\"url\":\"https:\/\/secure.gravatar.com\/avatar\/b6800a4c0c783df797cbd25f80a6cd87233b286b7490112863c0b4e8f2fcc995?s=96&d=mm&r=g\",\"contentUrl\":\"https:\/\/secure.gravatar.com\/avatar\/b6800a4c0c783df797cbd25f80a6cd87233b286b7490112863c0b4e8f2fcc995?s=96&d=mm&r=g\",\"caption\":\"Col\\u00e9gio Acad\\u00eamico Floren\\u00e7a\"},\"description\":\"O Col\\u00e9gio Floren\\u00e7a \\u00e9 uma escola infantil de refer\\u00eancia em Florian\\u00f3polis-SC, cuja pedagogia atrai pais que buscam um trabalho educativo de excel\\u00eancia. Atrav\\u00e9s de anos de pesquisa e de aplica\\u00e7\\u00e3o pr\\u00e1tica desenvolvemos uma metodologia pr\\u00f3pria, aliada \\u00e0s abordagens e estudos de grandes pedagogos do mundo inteiro.\"}]}<\/script>\n<!-- \/ Yoast SEO plugin. -->","yoast_head_json":{"title":"Jornadas Pedag\u00f3gicas: Educadores participam da 9\u00aa Edi\u00e7\u00e3o","description":"Como parte do seu cont\u00ednuo processo de qualifica\u00e7\u00e3o, o Col\u00e9gio Floren\u00e7a realizou em maio, as Jornadas Pedag\u00f3gicas, no Hotel SESC Cacup\u00e9 em Florian\u00f3polis.","robots":{"index":"index","follow":"follow","max-snippet":"max-snippet:-1","max-image-preview":"max-image-preview:large","max-video-preview":"max-video-preview:-1"},"canonical":"https:\/\/www.colegioflorenca.com.br\/blog\/9a-jornadas-pedagogicas-colegio-florenca\/","og_locale":"pt_BR","og_type":"article","og_title":"Jornadas Pedag\u00f3gicas: Educadores participam da 9\u00aa Edi\u00e7\u00e3o","og_description":"Como parte do seu cont\u00ednuo processo de qualifica\u00e7\u00e3o, o Col\u00e9gio Floren\u00e7a realizou em maio, as Jornadas Pedag\u00f3gicas, no Hotel SESC Cacup\u00e9 em Florian\u00f3polis.","og_url":"https:\/\/www.colegioflorenca.com.br\/blog\/9a-jornadas-pedagogicas-colegio-florenca\/","og_site_name":"Blog do Col\u00e9gio Acad\u00eamico Floren\u00e7a","article_publisher":"https:\/\/www.facebook.com\/colegioflorenca","article_published_time":"2018-05-20T15:37:38+00:00","article_modified_time":"2019-02-01T14:50:58+00:00","og_image":[{"width":800,"height":600,"url":"https:\/\/www.colegioflorenca.com.br\/blog\/wp-content\/uploads\/2019\/02\/9-jornadas-pedagogicas-colegio-florenca.jpg","path":"\/home\/u505644395\/domains\/colegioflorenca.com.br\/public_html\/blog\/wp-content\/uploads\/2019\/02\/9-jornadas-pedagogicas-colegio-florenca.jpg","size":"full","id":1503,"alt":"9\u00aa Jornadas Pedag\u00f3gicas do Col\u00e9gio Floren\u00e7a","pixels":480000,"type":"image\/jpeg"}],"twitter_card":"summary_large_image","twitter_misc":{"Escrito por":"Col\u00e9gio Acad\u00eamico Floren\u00e7a","Est. tempo de leitura":"1 minuto"},"schema":{"@context":"https:\/\/schema.org","@graph":[{"@type":"WebSite","@id":"https:\/\/www.colegioflorenca.com.br\/blog\/#website","url":"https:\/\/www.colegioflorenca.com.br\/blog\/","name":"Col\u00e9gio Acad\u00eamico Floren\u00e7a","description":"Col\u00e9gio Floren\u00e7a - Escola Infantil em Florian\u00f3polis","potentialAction":[{"@type":"SearchAction","target":{"@type":"EntryPoint","urlTemplate":"https:\/\/www.colegioflorenca.com.br\/blog\/?s={search_term_string}"},"query-input":"required name=search_term_string"}],"inLanguage":"pt-BR"},{"@type":"ImageObject","@id":"https:\/\/www.colegioflorenca.com.br\/blog\/9a-jornadas-pedagogicas-colegio-florenca\/#primaryimage","inLanguage":"pt-BR","url":"https:\/\/www.colegioflorenca.com.br\/blog\/wp-content\/uploads\/2019\/02\/9-jornadas-pedagogicas-colegio-florenca.jpg","contentUrl":"https:\/\/www.colegioflorenca.com.br\/blog\/wp-content\/uploads\/2019\/02\/9-jornadas-pedagogicas-colegio-florenca.jpg","width":800,"height":600,"caption":"9\u00aa Jornadas Pedag\u00f3gicas do Col\u00e9gio Floren\u00e7a"},{"@type":"WebPage","@id":"https:\/\/www.colegioflorenca.com.br\/blog\/9a-jornadas-pedagogicas-colegio-florenca\/#webpage","url":"https:\/\/www.colegioflorenca.com.br\/blog\/9a-jornadas-pedagogicas-colegio-florenca\/","name":"Jornadas Pedag\u00f3gicas: Educadores participam da 9\u00aa Edi\u00e7\u00e3o","isPartOf":{"@id":"https:\/\/www.colegioflorenca.com.br\/blog\/#website"},"primaryImageOfPage":{"@id":"https:\/\/www.colegioflorenca.com.br\/blog\/9a-jornadas-pedagogicas-colegio-florenca\/#primaryimage"},"datePublished":"2018-05-20T15:37:38+00:00","dateModified":"2019-02-01T14:50:58+00:00","author":{"@id":"https:\/\/www.colegioflorenca.com.br\/blog\/#\/schema\/person\/2458374c87be479da20878054a258042"},"description":"Como parte do seu cont\u00ednuo processo de qualifica\u00e7\u00e3o, o Col\u00e9gio Floren\u00e7a realizou em maio, as Jornadas Pedag\u00f3gicas, no Hotel SESC Cacup\u00e9 em Florian\u00f3polis.","breadcrumb":{"@id":"https:\/\/www.colegioflorenca.com.br\/blog\/9a-jornadas-pedagogicas-colegio-florenca\/#breadcrumb"},"inLanguage":"pt-BR","potentialAction":[{"@type":"ReadAction","target":["https:\/\/www.colegioflorenca.com.br\/blog\/9a-jornadas-pedagogicas-colegio-florenca\/"]}]},{"@type":"BreadcrumbList","@id":"https:\/\/www.colegioflorenca.com.br\/blog\/9a-jornadas-pedagogicas-colegio-florenca\/#breadcrumb","itemListElement":[{"@type":"ListItem","position":1,"name":"In\u00edcio","item":"https:\/\/www.colegioflorenca.com.br\/blog\/"},{"@type":"ListItem","position":2,"name":"Jornadas Pedag\u00f3gicas: Educadores participam da 9\u00aa Edi\u00e7\u00e3o"}]},{"@type":"Person","@id":"https:\/\/www.colegioflorenca.com.br\/blog\/#\/schema\/person\/2458374c87be479da20878054a258042","name":"Col\u00e9gio Acad\u00eamico Floren\u00e7a","image":{"@type":"ImageObject","@id":"https:\/\/www.colegioflorenca.com.br\/blog\/#personlogo","inLanguage":"pt-BR","url":"https:\/\/secure.gravatar.com\/avatar\/b6800a4c0c783df797cbd25f80a6cd87233b286b7490112863c0b4e8f2fcc995?s=96&d=mm&r=g","contentUrl":"https:\/\/secure.gravatar.com\/avatar\/b6800a4c0c783df797cbd25f80a6cd87233b286b7490112863c0b4e8f2fcc995?s=96&d=mm&r=g","caption":"Col\u00e9gio Acad\u00eamico Floren\u00e7a"},"description":"O Col\u00e9gio Floren\u00e7a \u00e9 uma escola infantil de refer\u00eancia em Florian\u00f3polis-SC, cuja pedagogia atrai pais que buscam um trabalho educativo de excel\u00eancia. Atrav\u00e9s de anos de pesquisa e de aplica\u00e7\u00e3o pr\u00e1tica desenvolvemos uma metodologia pr\u00f3pria, aliada \u00e0s abordagens e estudos de grandes pedagogos do mundo inteiro."}]}},"_links":{"self":[{"href":"https:\/\/www.colegioflorenca.com.br\/blog\/wp-json\/wp\/v2\/posts\/1502","targetHints":{"allow":["GET"]}}],"collection":[{"href":"https:\/\/www.colegioflorenca.com.br\/blog\/wp-json\/wp\/v2\/posts"}],"about":[{"href":"https:\/\/www.colegioflorenca.com.br\/blog\/wp-json\/wp\/v2\/types\/post"}],"author":[{"embeddable":true,"href":"https:\/\/www.colegioflorenca.com.br\/blog\/wp-json\/wp\/v2\/users\/2"}],"replies":[{"embeddable":true,"href":"https:\/\/www.colegioflorenca.com.br\/blog\/wp-json\/wp\/v2\/comments?post=1502"}],"version-history":[{"count":1,"href":"https:\/\/www.colegioflorenca.com.br\/blog\/wp-json\/wp\/v2\/posts\/1502\/revisions"}],"predecessor-version":[{"id":1504,"href":"https:\/\/www.colegioflorenca.com.br\/blog\/wp-json\/wp\/v2\/posts\/1502\/revisions\/1504"}],"wp:featuredmedia":[{"embeddable":true,"href":"https:\/\/www.colegioflorenca.com.br\/blog\/wp-json\/wp\/v2\/media\/1503"}],"wp:attachment":[{"href":"https:\/\/www.colegioflorenca.com.br\/blog\/wp-json\/wp\/v2\/media?parent=1502"}],"wp:term":[{"taxonomy":"category","embeddable":true,"href":"https:\/\/www.colegioflorenca.com.br\/blog\/wp-json\/wp\/v2\/categories?post=1502"},{"taxonomy":"post_tag","embeddable":true,"href":"https:\/\/www.colegioflorenca.com.br\/blog\/wp-json\/wp\/v2\/tags?post=1502"}],"curies":[{"name":"wp","href":"https:\/\/api.w.org\/{rel}","templated":true}]}}