{"id":1527,"date":"2019-03-22T17:38:04","date_gmt":"2019-03-22T20:38:04","guid":{"rendered":"https:\/\/www.colegioflorenca.com.br\/blog\/?p=1527"},"modified":"2019-09-27T11:37:48","modified_gmt":"2019-09-27T14:37:48","slug":"disciplina-positiva-reportagem-no-bom-dia-sc-nsc-tv","status":"publish","type":"post","link":"https:\/\/www.colegioflorenca.com.br\/blog\/disciplina-positiva-reportagem-no-bom-dia-sc-nsc-tv\/","title":{"rendered":"Disciplina Positiva: Reportagem traz vis\u00e3o do Col\u00e9gio Floren\u00e7a sobre o tema"},"content":{"rendered":"<p>Educa\u00e7\u00e3o e Disciplina Positiva: Col\u00e9gio Floren\u00e7a \u00e9 destaque no Programa Bom Dia Santa Catarina, NSC TV.<\/p>\n<p><iframe loading=\"lazy\" src=\"https:\/\/www.youtube.com\/embed\/WHIVBKqYIQk\" width=\"560\" height=\"315\" frameborder=\"0\" allowfullscreen=\"allowfullscreen\"><\/iframe><\/p>\n<p>&nbsp;<\/p>\n<hr \/>\n<p><a href=\"https:\/\/www.colegioflorenca.com.br\/escola\/\">Clique aqui<\/a> e conhe\u00e7a mais sobre o Col\u00e9gio Floren\u00e7a. Escola Particular Infantil no Santa M\u00f4nica, pr\u00f3xima ao Itacorubi, em Florian\u00f3polis, com Ber\u00e7\u00e1rio e especializa\u00e7\u00e3o na Educa\u00e7\u00e3o Infantil 0 a 6 anos.<\/p>\n","protected":false},"excerpt":{"rendered":"<p>Educa\u00e7\u00e3o e Disciplina Positiva: Col\u00e9gio Floren\u00e7a \u00e9 destaque no Programa Bom Dia Santa Catarina, NSC TV. &nbsp; Clique aqui e conhe\u00e7a mais sobre o Col\u00e9gio Floren\u00e7a. Escola Particular Infantil no Santa M\u00f4nica, pr\u00f3xima ao Itacorubi, em Florian\u00f3polis, com Ber\u00e7\u00e1rio e especializa\u00e7\u00e3o na Educa\u00e7\u00e3o Infantil 0 a 6 anos.<\/p>\n","protected":false},"author":2,"featured_media":1532,"comment_status":"open","ping_status":"open","sticky":false,"template":"","format":"standard","meta":{"footnotes":""},"categories":[302],"tags":[],"class_list":["post-1527","post","type-post","status-publish","format-standard","has-post-thumbnail","hentry","category-na-midia"],"yoast_head":"<!-- This site is optimized with the Yoast SEO plugin v17.1 - https:\/\/yoast.com\/wordpress\/plugins\/seo\/ -->\n<title>Disciplina Positiva: Reportagem traz vis\u00e3o do Col\u00e9gio Floren\u00e7a sobre o tema - Blog do Col\u00e9gio Acad\u00eamico Floren\u00e7a<\/title>\n<meta name=\"robots\" content=\"index, follow, max-snippet:-1, max-image-preview:large, max-video-preview:-1\" \/>\n<link rel=\"canonical\" href=\"https:\/\/www.colegioflorenca.com.br\/blog\/disciplina-positiva-reportagem-no-bom-dia-sc-nsc-tv\/\" \/>\n<meta property=\"og:locale\" content=\"pt_BR\" \/>\n<meta property=\"og:type\" content=\"article\" \/>\n<meta property=\"og:title\" content=\"Disciplina Positiva: Reportagem traz vis\u00e3o do Col\u00e9gio Floren\u00e7a sobre o tema - Blog do Col\u00e9gio Acad\u00eamico Floren\u00e7a\" \/>\n<meta property=\"og:description\" content=\"Educa\u00e7\u00e3o e Disciplina Positiva: Col\u00e9gio Floren\u00e7a \u00e9 destaque no Programa Bom Dia Santa Catarina, NSC TV. &nbsp; Clique aqui e conhe\u00e7a mais sobre o Col\u00e9gio Floren\u00e7a. Escola Particular Infantil no Santa M\u00f4nica, pr\u00f3xima ao Itacorubi, em Florian\u00f3polis, com Ber\u00e7\u00e1rio e especializa\u00e7\u00e3o na Educa\u00e7\u00e3o Infantil 0 a 6 anos.\" \/>\n<meta property=\"og:url\" content=\"https:\/\/www.colegioflorenca.com.br\/blog\/disciplina-positiva-reportagem-no-bom-dia-sc-nsc-tv\/\" \/>\n<meta property=\"og:site_name\" content=\"Blog do Col\u00e9gio Acad\u00eamico Floren\u00e7a\" \/>\n<meta property=\"article:publisher\" content=\"https:\/\/www.facebook.com\/colegioflorenca\" \/>\n<meta property=\"article:published_time\" content=\"2019-03-22T20:38:04+00:00\" \/>\n<meta property=\"article:modified_time\" content=\"2019-09-27T14:37:48+00:00\" \/>\n<meta property=\"og:image\" content=\"https:\/\/www.colegioflorenca.com.br\/blog\/wp-content\/uploads\/2019\/03\/disciplina-positiva-reportagem-no-bom-dia-sc-nsc-tv-.png\" \/>\n\t<meta property=\"og:image:width\" content=\"1272\" \/>\n\t<meta property=\"og:image:height\" content=\"692\" \/>\n<meta name=\"twitter:card\" content=\"summary_large_image\" \/>\n<meta name=\"twitter:label1\" content=\"Escrito por\" \/>\n\t<meta name=\"twitter:data1\" content=\"Col\u00e9gio Acad\u00eamico Floren\u00e7a\" \/>\n<script type=\"application\/ld+json\" class=\"yoast-schema-graph\">{\"@context\":\"https:\/\/schema.org\",\"@graph\":[{\"@type\":\"WebSite\",\"@id\":\"https:\/\/www.colegioflorenca.com.br\/blog\/#website\",\"url\":\"https:\/\/www.colegioflorenca.com.br\/blog\/\",\"name\":\"Col\\u00e9gio Acad\\u00eamico Floren\\u00e7a\",\"description\":\"Col\\u00e9gio Floren\\u00e7a - Escola Infantil em Florian\\u00f3polis\",\"potentialAction\":[{\"@type\":\"SearchAction\",\"target\":{\"@type\":\"EntryPoint\",\"urlTemplate\":\"https:\/\/www.colegioflorenca.com.br\/blog\/?s={search_term_string}\"},\"query-input\":\"required name=search_term_string\"}],\"inLanguage\":\"pt-BR\"},{\"@type\":\"ImageObject\",\"@id\":\"https:\/\/www.colegioflorenca.com.br\/blog\/disciplina-positiva-reportagem-no-bom-dia-sc-nsc-tv\/#primaryimage\",\"inLanguage\":\"pt-BR\",\"url\":\"https:\/\/www.colegioflorenca.com.br\/blog\/wp-content\/uploads\/2019\/03\/disciplina-positiva-reportagem-no-bom-dia-sc-nsc-tv-.png\",\"contentUrl\":\"https:\/\/www.colegioflorenca.com.br\/blog\/wp-content\/uploads\/2019\/03\/disciplina-positiva-reportagem-no-bom-dia-sc-nsc-tv-.png\",\"width\":1272,\"height\":692,\"caption\":\"Disciplina positiva - Prof. Roger Hansen trata sobre o tema\"},{\"@type\":\"WebPage\",\"@id\":\"https:\/\/www.colegioflorenca.com.br\/blog\/disciplina-positiva-reportagem-no-bom-dia-sc-nsc-tv\/#webpage\",\"url\":\"https:\/\/www.colegioflorenca.com.br\/blog\/disciplina-positiva-reportagem-no-bom-dia-sc-nsc-tv\/\",\"name\":\"Disciplina Positiva: Reportagem traz vis\\u00e3o do Col\\u00e9gio Floren\\u00e7a sobre o tema - Blog do Col\\u00e9gio Acad\\u00eamico Floren\\u00e7a\",\"isPartOf\":{\"@id\":\"https:\/\/www.colegioflorenca.com.br\/blog\/#website\"},\"primaryImageOfPage\":{\"@id\":\"https:\/\/www.colegioflorenca.com.br\/blog\/disciplina-positiva-reportagem-no-bom-dia-sc-nsc-tv\/#primaryimage\"},\"datePublished\":\"2019-03-22T20:38:04+00:00\",\"dateModified\":\"2019-09-27T14:37:48+00:00\",\"author\":{\"@id\":\"https:\/\/www.colegioflorenca.com.br\/blog\/#\/schema\/person\/2458374c87be479da20878054a258042\"},\"breadcrumb\":{\"@id\":\"https:\/\/www.colegioflorenca.com.br\/blog\/disciplina-positiva-reportagem-no-bom-dia-sc-nsc-tv\/#breadcrumb\"},\"inLanguage\":\"pt-BR\",\"potentialAction\":[{\"@type\":\"ReadAction\",\"target\":[\"https:\/\/www.colegioflorenca.com.br\/blog\/disciplina-positiva-reportagem-no-bom-dia-sc-nsc-tv\/\"]}]},{\"@type\":\"BreadcrumbList\",\"@id\":\"https:\/\/www.colegioflorenca.com.br\/blog\/disciplina-positiva-reportagem-no-bom-dia-sc-nsc-tv\/#breadcrumb\",\"itemListElement\":[{\"@type\":\"ListItem\",\"position\":1,\"name\":\"In\\u00edcio\",\"item\":\"https:\/\/www.colegioflorenca.com.br\/blog\/\"},{\"@type\":\"ListItem\",\"position\":2,\"name\":\"Disciplina Positiva: Reportagem traz vis\\u00e3o do Col\\u00e9gio Floren\\u00e7a sobre o tema\"}]},{\"@type\":\"Person\",\"@id\":\"https:\/\/www.colegioflorenca.com.br\/blog\/#\/schema\/person\/2458374c87be479da20878054a258042\",\"name\":\"Col\\u00e9gio Acad\\u00eamico Floren\\u00e7a\",\"image\":{\"@type\":\"ImageObject\",\"@id\":\"https:\/\/www.colegioflorenca.com.br\/blog\/#personlogo\",\"inLanguage\":\"pt-BR\",\"url\":\"https:\/\/secure.gravatar.com\/avatar\/b6800a4c0c783df797cbd25f80a6cd87233b286b7490112863c0b4e8f2fcc995?s=96&d=mm&r=g\",\"contentUrl\":\"https:\/\/secure.gravatar.com\/avatar\/b6800a4c0c783df797cbd25f80a6cd87233b286b7490112863c0b4e8f2fcc995?s=96&d=mm&r=g\",\"caption\":\"Col\\u00e9gio Acad\\u00eamico Floren\\u00e7a\"},\"description\":\"O Col\\u00e9gio Floren\\u00e7a \\u00e9 uma escola infantil de refer\\u00eancia em Florian\\u00f3polis-SC, cuja pedagogia atrai pais que buscam um trabalho educativo de excel\\u00eancia. Atrav\\u00e9s de anos de pesquisa e de aplica\\u00e7\\u00e3o pr\\u00e1tica desenvolvemos uma metodologia pr\\u00f3pria, aliada \\u00e0s abordagens e estudos de grandes pedagogos do mundo inteiro.\"}]}<\/script>\n<!-- \/ Yoast SEO plugin. -->","yoast_head_json":{"title":"Disciplina Positiva: Reportagem traz vis\u00e3o do Col\u00e9gio Floren\u00e7a sobre o tema - Blog do Col\u00e9gio Acad\u00eamico Floren\u00e7a","robots":{"index":"index","follow":"follow","max-snippet":"max-snippet:-1","max-image-preview":"max-image-preview:large","max-video-preview":"max-video-preview:-1"},"canonical":"https:\/\/www.colegioflorenca.com.br\/blog\/disciplina-positiva-reportagem-no-bom-dia-sc-nsc-tv\/","og_locale":"pt_BR","og_type":"article","og_title":"Disciplina Positiva: Reportagem traz vis\u00e3o do Col\u00e9gio Floren\u00e7a sobre o tema - Blog do Col\u00e9gio Acad\u00eamico Floren\u00e7a","og_description":"Educa\u00e7\u00e3o e Disciplina Positiva: Col\u00e9gio Floren\u00e7a \u00e9 destaque no Programa Bom Dia Santa Catarina, NSC TV. &nbsp; Clique aqui e conhe\u00e7a mais sobre o Col\u00e9gio Floren\u00e7a. Escola Particular Infantil no Santa M\u00f4nica, pr\u00f3xima ao Itacorubi, em Florian\u00f3polis, com Ber\u00e7\u00e1rio e especializa\u00e7\u00e3o na Educa\u00e7\u00e3o Infantil 0 a 6 anos.","og_url":"https:\/\/www.colegioflorenca.com.br\/blog\/disciplina-positiva-reportagem-no-bom-dia-sc-nsc-tv\/","og_site_name":"Blog do Col\u00e9gio Acad\u00eamico Floren\u00e7a","article_publisher":"https:\/\/www.facebook.com\/colegioflorenca","article_published_time":"2019-03-22T20:38:04+00:00","article_modified_time":"2019-09-27T14:37:48+00:00","og_image":[{"width":1272,"height":692,"url":"https:\/\/www.colegioflorenca.com.br\/blog\/wp-content\/uploads\/2019\/03\/disciplina-positiva-reportagem-no-bom-dia-sc-nsc-tv-.png","path":"\/home\/u505644395\/domains\/colegioflorenca.com.br\/public_html\/blog\/wp-content\/uploads\/2019\/03\/disciplina-positiva-reportagem-no-bom-dia-sc-nsc-tv-.png","size":"full","id":1532,"alt":"Disciplina positiva - Prof. Roger Hansen trata sobre o tema","pixels":880224,"type":"image\/png"}],"twitter_card":"summary_large_image","twitter_misc":{"Escrito por":"Col\u00e9gio Acad\u00eamico Floren\u00e7a"},"schema":{"@context":"https:\/\/schema.org","@graph":[{"@type":"WebSite","@id":"https:\/\/www.colegioflorenca.com.br\/blog\/#website","url":"https:\/\/www.colegioflorenca.com.br\/blog\/","name":"Col\u00e9gio Acad\u00eamico Floren\u00e7a","description":"Col\u00e9gio Floren\u00e7a - Escola Infantil em Florian\u00f3polis","potentialAction":[{"@type":"SearchAction","target":{"@type":"EntryPoint","urlTemplate":"https:\/\/www.colegioflorenca.com.br\/blog\/?s={search_term_string}"},"query-input":"required name=search_term_string"}],"inLanguage":"pt-BR"},{"@type":"ImageObject","@id":"https:\/\/www.colegioflorenca.com.br\/blog\/disciplina-positiva-reportagem-no-bom-dia-sc-nsc-tv\/#primaryimage","inLanguage":"pt-BR","url":"https:\/\/www.colegioflorenca.com.br\/blog\/wp-content\/uploads\/2019\/03\/disciplina-positiva-reportagem-no-bom-dia-sc-nsc-tv-.png","contentUrl":"https:\/\/www.colegioflorenca.com.br\/blog\/wp-content\/uploads\/2019\/03\/disciplina-positiva-reportagem-no-bom-dia-sc-nsc-tv-.png","width":1272,"height":692,"caption":"Disciplina positiva - Prof. Roger Hansen trata sobre o tema"},{"@type":"WebPage","@id":"https:\/\/www.colegioflorenca.com.br\/blog\/disciplina-positiva-reportagem-no-bom-dia-sc-nsc-tv\/#webpage","url":"https:\/\/www.colegioflorenca.com.br\/blog\/disciplina-positiva-reportagem-no-bom-dia-sc-nsc-tv\/","name":"Disciplina Positiva: Reportagem traz vis\u00e3o do Col\u00e9gio Floren\u00e7a sobre o tema - Blog do Col\u00e9gio Acad\u00eamico Floren\u00e7a","isPartOf":{"@id":"https:\/\/www.colegioflorenca.com.br\/blog\/#website"},"primaryImageOfPage":{"@id":"https:\/\/www.colegioflorenca.com.br\/blog\/disciplina-positiva-reportagem-no-bom-dia-sc-nsc-tv\/#primaryimage"},"datePublished":"2019-03-22T20:38:04+00:00","dateModified":"2019-09-27T14:37:48+00:00","author":{"@id":"https:\/\/www.colegioflorenca.com.br\/blog\/#\/schema\/person\/2458374c87be479da20878054a258042"},"breadcrumb":{"@id":"https:\/\/www.colegioflorenca.com.br\/blog\/disciplina-positiva-reportagem-no-bom-dia-sc-nsc-tv\/#breadcrumb"},"inLanguage":"pt-BR","potentialAction":[{"@type":"ReadAction","target":["https:\/\/www.colegioflorenca.com.br\/blog\/disciplina-positiva-reportagem-no-bom-dia-sc-nsc-tv\/"]}]},{"@type":"BreadcrumbList","@id":"https:\/\/www.colegioflorenca.com.br\/blog\/disciplina-positiva-reportagem-no-bom-dia-sc-nsc-tv\/#breadcrumb","itemListElement":[{"@type":"ListItem","position":1,"name":"In\u00edcio","item":"https:\/\/www.colegioflorenca.com.br\/blog\/"},{"@type":"ListItem","position":2,"name":"Disciplina Positiva: Reportagem traz vis\u00e3o do Col\u00e9gio Floren\u00e7a sobre o tema"}]},{"@type":"Person","@id":"https:\/\/www.colegioflorenca.com.br\/blog\/#\/schema\/person\/2458374c87be479da20878054a258042","name":"Col\u00e9gio Acad\u00eamico Floren\u00e7a","image":{"@type":"ImageObject","@id":"https:\/\/www.colegioflorenca.com.br\/blog\/#personlogo","inLanguage":"pt-BR","url":"https:\/\/secure.gravatar.com\/avatar\/b6800a4c0c783df797cbd25f80a6cd87233b286b7490112863c0b4e8f2fcc995?s=96&d=mm&r=g","contentUrl":"https:\/\/secure.gravatar.com\/avatar\/b6800a4c0c783df797cbd25f80a6cd87233b286b7490112863c0b4e8f2fcc995?s=96&d=mm&r=g","caption":"Col\u00e9gio Acad\u00eamico Floren\u00e7a"},"description":"O Col\u00e9gio Floren\u00e7a \u00e9 uma escola infantil de refer\u00eancia em Florian\u00f3polis-SC, cuja pedagogia atrai pais que buscam um trabalho educativo de excel\u00eancia. Atrav\u00e9s de anos de pesquisa e de aplica\u00e7\u00e3o pr\u00e1tica desenvolvemos uma metodologia pr\u00f3pria, aliada \u00e0s abordagens e estudos de grandes pedagogos do mundo inteiro."}]}},"_links":{"self":[{"href":"https:\/\/www.colegioflorenca.com.br\/blog\/wp-json\/wp\/v2\/posts\/1527","targetHints":{"allow":["GET"]}}],"collection":[{"href":"https:\/\/www.colegioflorenca.com.br\/blog\/wp-json\/wp\/v2\/posts"}],"about":[{"href":"https:\/\/www.colegioflorenca.com.br\/blog\/wp-json\/wp\/v2\/types\/post"}],"author":[{"embeddable":true,"href":"https:\/\/www.colegioflorenca.com.br\/blog\/wp-json\/wp\/v2\/users\/2"}],"replies":[{"embeddable":true,"href":"https:\/\/www.colegioflorenca.com.br\/blog\/wp-json\/wp\/v2\/comments?post=1527"}],"version-history":[{"count":3,"href":"https:\/\/www.colegioflorenca.com.br\/blog\/wp-json\/wp\/v2\/posts\/1527\/revisions"}],"predecessor-version":[{"id":1683,"href":"https:\/\/www.colegioflorenca.com.br\/blog\/wp-json\/wp\/v2\/posts\/1527\/revisions\/1683"}],"wp:featuredmedia":[{"embeddable":true,"href":"https:\/\/www.colegioflorenca.com.br\/blog\/wp-json\/wp\/v2\/media\/1532"}],"wp:attachment":[{"href":"https:\/\/www.colegioflorenca.com.br\/blog\/wp-json\/wp\/v2\/media?parent=1527"}],"wp:term":[{"taxonomy":"category","embeddable":true,"href":"https:\/\/www.colegioflorenca.com.br\/blog\/wp-json\/wp\/v2\/categories?post=1527"},{"taxonomy":"post_tag","embeddable":true,"href":"https:\/\/www.colegioflorenca.com.br\/blog\/wp-json\/wp\/v2\/tags?post=1527"}],"curies":[{"name":"wp","href":"https:\/\/api.w.org\/{rel}","templated":true}]}}