{"id":1535,"date":"2019-03-28T18:30:17","date_gmt":"2019-03-28T21:30:17","guid":{"rendered":"https:\/\/www.colegioflorenca.com.br\/blog\/?p=1535"},"modified":"2019-09-27T11:37:43","modified_gmt":"2019-09-27T14:37:43","slug":"depoimentos-pais-colegio-florenca","status":"publish","type":"post","link":"https:\/\/www.colegioflorenca.com.br\/blog\/depoimentos-pais-colegio-florenca\/","title":{"rendered":"Depoimentos dos pais do Col\u00e9gio Floren\u00e7a"},"content":{"rendered":"<p>Em nosso anivers\u00e1rio de 15 anos, ficamos muito contentes com todo o reconhecimento e o carinho dedicados ao trabalho da nossa escola. Com a palavra, nossos papais e mam\u00e3es Floren\u00e7a. \u2764<\/p>\n<p><iframe loading=\"lazy\" src=\"https:\/\/www.youtube.com\/embed\/_YoBk0f4Ry8\" width=\"560\" height=\"315\" frameborder=\"0\" allowfullscreen=\"allowfullscreen\"><\/iframe><\/p>\n<p>&nbsp;<\/p>\n<hr \/>\n<p><a href=\"https:\/\/www.colegioflorenca.com.br\/escola\/\">Clique aqui<\/a> e conhe\u00e7a mais sobre o Col\u00e9gio Floren\u00e7a. Escola Particular Infantil no Santa M\u00f4nica, pr\u00f3xima ao Itacorubi, em Florian\u00f3polis, com Ber\u00e7\u00e1rio e especializa\u00e7\u00e3o na Educa\u00e7\u00e3o Infantil 0 a 6 anos.<\/p>\n","protected":false},"excerpt":{"rendered":"<p>Em nosso anivers\u00e1rio de 15 anos, ficamos muito contentes com todo o reconhecimento e o carinho dedicados ao trabalho da nossa escola. Com a palavra, nossos papais e mam\u00e3es Floren\u00e7a. \u2764 &nbsp; Clique aqui e conhe\u00e7a mais sobre o Col\u00e9gio Floren\u00e7a. Escola Particular Infantil no Santa M\u00f4nica, pr\u00f3xima ao Itacorubi, em Florian\u00f3polis, com Ber\u00e7\u00e1rio e [&hellip;]<\/p>\n","protected":false},"author":2,"featured_media":1536,"comment_status":"open","ping_status":"open","sticky":false,"template":"","format":"standard","meta":{"footnotes":""},"categories":[311],"tags":[],"class_list":["post-1535","post","type-post","status-publish","format-standard","has-post-thumbnail","hentry","category-familia"],"yoast_head":"<!-- This site is optimized with the Yoast SEO plugin v17.1 - https:\/\/yoast.com\/wordpress\/plugins\/seo\/ -->\n<title>Depoimentos dos pais do Col\u00e9gio Floren\u00e7a - Blog do Col\u00e9gio Acad\u00eamico Floren\u00e7a<\/title>\n<meta name=\"robots\" content=\"index, follow, max-snippet:-1, max-image-preview:large, max-video-preview:-1\" \/>\n<link rel=\"canonical\" href=\"https:\/\/www.colegioflorenca.com.br\/blog\/depoimentos-pais-colegio-florenca\/\" \/>\n<meta property=\"og:locale\" content=\"pt_BR\" \/>\n<meta property=\"og:type\" content=\"article\" \/>\n<meta property=\"og:title\" content=\"Depoimentos dos pais do Col\u00e9gio Floren\u00e7a - Blog do Col\u00e9gio Acad\u00eamico Floren\u00e7a\" \/>\n<meta property=\"og:description\" content=\"Em nosso anivers\u00e1rio de 15 anos, ficamos muito contentes com todo o reconhecimento e o carinho dedicados ao trabalho da nossa escola. Com a palavra, nossos papais e mam\u00e3es Floren\u00e7a. \u2764 &nbsp; Clique aqui e conhe\u00e7a mais sobre o Col\u00e9gio Floren\u00e7a. Escola Particular Infantil no Santa M\u00f4nica, pr\u00f3xima ao Itacorubi, em Florian\u00f3polis, com Ber\u00e7\u00e1rio e [&hellip;]\" \/>\n<meta property=\"og:url\" content=\"https:\/\/www.colegioflorenca.com.br\/blog\/depoimentos-pais-colegio-florenca\/\" \/>\n<meta property=\"og:site_name\" content=\"Blog do Col\u00e9gio Acad\u00eamico Floren\u00e7a\" \/>\n<meta property=\"article:publisher\" content=\"https:\/\/www.facebook.com\/colegioflorenca\" \/>\n<meta property=\"article:published_time\" content=\"2019-03-28T21:30:17+00:00\" \/>\n<meta property=\"article:modified_time\" content=\"2019-09-27T14:37:43+00:00\" \/>\n<meta property=\"og:image\" content=\"https:\/\/www.colegioflorenca.com.br\/blog\/wp-content\/uploads\/2019\/03\/por-que-amamos-colegio-florenca.jpg\" \/>\n\t<meta property=\"og:image:width\" content=\"800\" \/>\n\t<meta property=\"og:image:height\" content=\"458\" \/>\n<meta name=\"twitter:card\" content=\"summary_large_image\" \/>\n<meta name=\"twitter:label1\" content=\"Escrito por\" \/>\n\t<meta name=\"twitter:data1\" content=\"Col\u00e9gio Acad\u00eamico Floren\u00e7a\" \/>\n<script type=\"application\/ld+json\" class=\"yoast-schema-graph\">{\"@context\":\"https:\/\/schema.org\",\"@graph\":[{\"@type\":\"WebSite\",\"@id\":\"https:\/\/www.colegioflorenca.com.br\/blog\/#website\",\"url\":\"https:\/\/www.colegioflorenca.com.br\/blog\/\",\"name\":\"Col\\u00e9gio Acad\\u00eamico Floren\\u00e7a\",\"description\":\"Col\\u00e9gio Floren\\u00e7a - Escola Infantil em Florian\\u00f3polis\",\"potentialAction\":[{\"@type\":\"SearchAction\",\"target\":{\"@type\":\"EntryPoint\",\"urlTemplate\":\"https:\/\/www.colegioflorenca.com.br\/blog\/?s={search_term_string}\"},\"query-input\":\"required name=search_term_string\"}],\"inLanguage\":\"pt-BR\"},{\"@type\":\"ImageObject\",\"@id\":\"https:\/\/www.colegioflorenca.com.br\/blog\/depoimentos-pais-colegio-florenca\/#primaryimage\",\"inLanguage\":\"pt-BR\",\"url\":\"https:\/\/www.colegioflorenca.com.br\/blog\/wp-content\/uploads\/2019\/03\/por-que-amamos-colegio-florenca.jpg\",\"contentUrl\":\"https:\/\/www.colegioflorenca.com.br\/blog\/wp-content\/uploads\/2019\/03\/por-que-amamos-colegio-florenca.jpg\",\"width\":800,\"height\":458,\"caption\":\"Depoimento dos pais do Col\\u00e9gio Floren\\u00e7a\"},{\"@type\":\"WebPage\",\"@id\":\"https:\/\/www.colegioflorenca.com.br\/blog\/depoimentos-pais-colegio-florenca\/#webpage\",\"url\":\"https:\/\/www.colegioflorenca.com.br\/blog\/depoimentos-pais-colegio-florenca\/\",\"name\":\"Depoimentos dos pais do Col\\u00e9gio Floren\\u00e7a - Blog do Col\\u00e9gio Acad\\u00eamico Floren\\u00e7a\",\"isPartOf\":{\"@id\":\"https:\/\/www.colegioflorenca.com.br\/blog\/#website\"},\"primaryImageOfPage\":{\"@id\":\"https:\/\/www.colegioflorenca.com.br\/blog\/depoimentos-pais-colegio-florenca\/#primaryimage\"},\"datePublished\":\"2019-03-28T21:30:17+00:00\",\"dateModified\":\"2019-09-27T14:37:43+00:00\",\"author\":{\"@id\":\"https:\/\/www.colegioflorenca.com.br\/blog\/#\/schema\/person\/2458374c87be479da20878054a258042\"},\"breadcrumb\":{\"@id\":\"https:\/\/www.colegioflorenca.com.br\/blog\/depoimentos-pais-colegio-florenca\/#breadcrumb\"},\"inLanguage\":\"pt-BR\",\"potentialAction\":[{\"@type\":\"ReadAction\",\"target\":[\"https:\/\/www.colegioflorenca.com.br\/blog\/depoimentos-pais-colegio-florenca\/\"]}]},{\"@type\":\"BreadcrumbList\",\"@id\":\"https:\/\/www.colegioflorenca.com.br\/blog\/depoimentos-pais-colegio-florenca\/#breadcrumb\",\"itemListElement\":[{\"@type\":\"ListItem\",\"position\":1,\"name\":\"In\\u00edcio\",\"item\":\"https:\/\/www.colegioflorenca.com.br\/blog\/\"},{\"@type\":\"ListItem\",\"position\":2,\"name\":\"Depoimentos dos pais do Col\\u00e9gio Floren\\u00e7a\"}]},{\"@type\":\"Person\",\"@id\":\"https:\/\/www.colegioflorenca.com.br\/blog\/#\/schema\/person\/2458374c87be479da20878054a258042\",\"name\":\"Col\\u00e9gio Acad\\u00eamico Floren\\u00e7a\",\"image\":{\"@type\":\"ImageObject\",\"@id\":\"https:\/\/www.colegioflorenca.com.br\/blog\/#personlogo\",\"inLanguage\":\"pt-BR\",\"url\":\"https:\/\/secure.gravatar.com\/avatar\/b6800a4c0c783df797cbd25f80a6cd87233b286b7490112863c0b4e8f2fcc995?s=96&d=mm&r=g\",\"contentUrl\":\"https:\/\/secure.gravatar.com\/avatar\/b6800a4c0c783df797cbd25f80a6cd87233b286b7490112863c0b4e8f2fcc995?s=96&d=mm&r=g\",\"caption\":\"Col\\u00e9gio Acad\\u00eamico Floren\\u00e7a\"},\"description\":\"O Col\\u00e9gio Floren\\u00e7a \\u00e9 uma escola infantil de refer\\u00eancia em Florian\\u00f3polis-SC, cuja pedagogia atrai pais que buscam um trabalho educativo de excel\\u00eancia. Atrav\\u00e9s de anos de pesquisa e de aplica\\u00e7\\u00e3o pr\\u00e1tica desenvolvemos uma metodologia pr\\u00f3pria, aliada \\u00e0s abordagens e estudos de grandes pedagogos do mundo inteiro.\"}]}<\/script>\n<!-- \/ Yoast SEO plugin. -->","yoast_head_json":{"title":"Depoimentos dos pais do Col\u00e9gio Floren\u00e7a - Blog do Col\u00e9gio Acad\u00eamico Floren\u00e7a","robots":{"index":"index","follow":"follow","max-snippet":"max-snippet:-1","max-image-preview":"max-image-preview:large","max-video-preview":"max-video-preview:-1"},"canonical":"https:\/\/www.colegioflorenca.com.br\/blog\/depoimentos-pais-colegio-florenca\/","og_locale":"pt_BR","og_type":"article","og_title":"Depoimentos dos pais do Col\u00e9gio Floren\u00e7a - Blog do Col\u00e9gio Acad\u00eamico Floren\u00e7a","og_description":"Em nosso anivers\u00e1rio de 15 anos, ficamos muito contentes com todo o reconhecimento e o carinho dedicados ao trabalho da nossa escola. Com a palavra, nossos papais e mam\u00e3es Floren\u00e7a. \u2764 &nbsp; Clique aqui e conhe\u00e7a mais sobre o Col\u00e9gio Floren\u00e7a. Escola Particular Infantil no Santa M\u00f4nica, pr\u00f3xima ao Itacorubi, em Florian\u00f3polis, com Ber\u00e7\u00e1rio e [&hellip;]","og_url":"https:\/\/www.colegioflorenca.com.br\/blog\/depoimentos-pais-colegio-florenca\/","og_site_name":"Blog do Col\u00e9gio Acad\u00eamico Floren\u00e7a","article_publisher":"https:\/\/www.facebook.com\/colegioflorenca","article_published_time":"2019-03-28T21:30:17+00:00","article_modified_time":"2019-09-27T14:37:43+00:00","og_image":[{"width":800,"height":458,"url":"https:\/\/www.colegioflorenca.com.br\/blog\/wp-content\/uploads\/2019\/03\/por-que-amamos-colegio-florenca.jpg","path":"\/home\/u505644395\/domains\/colegioflorenca.com.br\/public_html\/blog\/wp-content\/uploads\/2019\/03\/por-que-amamos-colegio-florenca.jpg","size":"full","id":1536,"alt":"Depoimento dos pais do Col\u00e9gio Floren\u00e7a","pixels":366400,"type":"image\/jpeg"}],"twitter_card":"summary_large_image","twitter_misc":{"Escrito por":"Col\u00e9gio Acad\u00eamico Floren\u00e7a"},"schema":{"@context":"https:\/\/schema.org","@graph":[{"@type":"WebSite","@id":"https:\/\/www.colegioflorenca.com.br\/blog\/#website","url":"https:\/\/www.colegioflorenca.com.br\/blog\/","name":"Col\u00e9gio Acad\u00eamico Floren\u00e7a","description":"Col\u00e9gio Floren\u00e7a - Escola Infantil em Florian\u00f3polis","potentialAction":[{"@type":"SearchAction","target":{"@type":"EntryPoint","urlTemplate":"https:\/\/www.colegioflorenca.com.br\/blog\/?s={search_term_string}"},"query-input":"required name=search_term_string"}],"inLanguage":"pt-BR"},{"@type":"ImageObject","@id":"https:\/\/www.colegioflorenca.com.br\/blog\/depoimentos-pais-colegio-florenca\/#primaryimage","inLanguage":"pt-BR","url":"https:\/\/www.colegioflorenca.com.br\/blog\/wp-content\/uploads\/2019\/03\/por-que-amamos-colegio-florenca.jpg","contentUrl":"https:\/\/www.colegioflorenca.com.br\/blog\/wp-content\/uploads\/2019\/03\/por-que-amamos-colegio-florenca.jpg","width":800,"height":458,"caption":"Depoimento dos pais do Col\u00e9gio Floren\u00e7a"},{"@type":"WebPage","@id":"https:\/\/www.colegioflorenca.com.br\/blog\/depoimentos-pais-colegio-florenca\/#webpage","url":"https:\/\/www.colegioflorenca.com.br\/blog\/depoimentos-pais-colegio-florenca\/","name":"Depoimentos dos pais do Col\u00e9gio Floren\u00e7a - Blog do Col\u00e9gio Acad\u00eamico Floren\u00e7a","isPartOf":{"@id":"https:\/\/www.colegioflorenca.com.br\/blog\/#website"},"primaryImageOfPage":{"@id":"https:\/\/www.colegioflorenca.com.br\/blog\/depoimentos-pais-colegio-florenca\/#primaryimage"},"datePublished":"2019-03-28T21:30:17+00:00","dateModified":"2019-09-27T14:37:43+00:00","author":{"@id":"https:\/\/www.colegioflorenca.com.br\/blog\/#\/schema\/person\/2458374c87be479da20878054a258042"},"breadcrumb":{"@id":"https:\/\/www.colegioflorenca.com.br\/blog\/depoimentos-pais-colegio-florenca\/#breadcrumb"},"inLanguage":"pt-BR","potentialAction":[{"@type":"ReadAction","target":["https:\/\/www.colegioflorenca.com.br\/blog\/depoimentos-pais-colegio-florenca\/"]}]},{"@type":"BreadcrumbList","@id":"https:\/\/www.colegioflorenca.com.br\/blog\/depoimentos-pais-colegio-florenca\/#breadcrumb","itemListElement":[{"@type":"ListItem","position":1,"name":"In\u00edcio","item":"https:\/\/www.colegioflorenca.com.br\/blog\/"},{"@type":"ListItem","position":2,"name":"Depoimentos dos pais do Col\u00e9gio Floren\u00e7a"}]},{"@type":"Person","@id":"https:\/\/www.colegioflorenca.com.br\/blog\/#\/schema\/person\/2458374c87be479da20878054a258042","name":"Col\u00e9gio Acad\u00eamico Floren\u00e7a","image":{"@type":"ImageObject","@id":"https:\/\/www.colegioflorenca.com.br\/blog\/#personlogo","inLanguage":"pt-BR","url":"https:\/\/secure.gravatar.com\/avatar\/b6800a4c0c783df797cbd25f80a6cd87233b286b7490112863c0b4e8f2fcc995?s=96&d=mm&r=g","contentUrl":"https:\/\/secure.gravatar.com\/avatar\/b6800a4c0c783df797cbd25f80a6cd87233b286b7490112863c0b4e8f2fcc995?s=96&d=mm&r=g","caption":"Col\u00e9gio Acad\u00eamico Floren\u00e7a"},"description":"O Col\u00e9gio Floren\u00e7a \u00e9 uma escola infantil de refer\u00eancia em Florian\u00f3polis-SC, cuja pedagogia atrai pais que buscam um trabalho educativo de excel\u00eancia. Atrav\u00e9s de anos de pesquisa e de aplica\u00e7\u00e3o pr\u00e1tica desenvolvemos uma metodologia pr\u00f3pria, aliada \u00e0s abordagens e estudos de grandes pedagogos do mundo inteiro."}]}},"_links":{"self":[{"href":"https:\/\/www.colegioflorenca.com.br\/blog\/wp-json\/wp\/v2\/posts\/1535","targetHints":{"allow":["GET"]}}],"collection":[{"href":"https:\/\/www.colegioflorenca.com.br\/blog\/wp-json\/wp\/v2\/posts"}],"about":[{"href":"https:\/\/www.colegioflorenca.com.br\/blog\/wp-json\/wp\/v2\/types\/post"}],"author":[{"embeddable":true,"href":"https:\/\/www.colegioflorenca.com.br\/blog\/wp-json\/wp\/v2\/users\/2"}],"replies":[{"embeddable":true,"href":"https:\/\/www.colegioflorenca.com.br\/blog\/wp-json\/wp\/v2\/comments?post=1535"}],"version-history":[{"count":2,"href":"https:\/\/www.colegioflorenca.com.br\/blog\/wp-json\/wp\/v2\/posts\/1535\/revisions"}],"predecessor-version":[{"id":1682,"href":"https:\/\/www.colegioflorenca.com.br\/blog\/wp-json\/wp\/v2\/posts\/1535\/revisions\/1682"}],"wp:featuredmedia":[{"embeddable":true,"href":"https:\/\/www.colegioflorenca.com.br\/blog\/wp-json\/wp\/v2\/media\/1536"}],"wp:attachment":[{"href":"https:\/\/www.colegioflorenca.com.br\/blog\/wp-json\/wp\/v2\/media?parent=1535"}],"wp:term":[{"taxonomy":"category","embeddable":true,"href":"https:\/\/www.colegioflorenca.com.br\/blog\/wp-json\/wp\/v2\/categories?post=1535"},{"taxonomy":"post_tag","embeddable":true,"href":"https:\/\/www.colegioflorenca.com.br\/blog\/wp-json\/wp\/v2\/tags?post=1535"}],"curies":[{"name":"wp","href":"https:\/\/api.w.org\/{rel}","templated":true}]}}