{"id":1636,"date":"2019-09-30T10:41:23","date_gmt":"2019-09-30T13:41:23","guid":{"rendered":"https:\/\/www.colegioflorenca.com.br\/blog\/?p=1636"},"modified":"2019-09-30T10:47:08","modified_gmt":"2019-09-30T13:47:08","slug":"cientistas-criam-musicas-estimulam-prematuros","status":"publish","type":"post","link":"https:\/\/www.colegioflorenca.com.br\/blog\/cientistas-criam-musicas-estimulam-prematuros\/","title":{"rendered":"Cientistas criam m\u00fasicas que estimulam c\u00e9rebro de prematuros"},"content":{"rendered":"<p><span style=\"font-weight: 400;\">Artigo veiculado originalmente na\u00a0<a href=\"https:\/\/super.abril.com.br\/saude\/cientistas-criam-musicas-que-estimulam-cerebro-de-prematuros\/\">Super Interessante<\/a>, apresenta um estudo que trata de\u00a0 sobre o desenvolvimento cerebral de prematuros. Pesquisadores investigaram como certas composi\u00e7\u00f5es podem ajudar esses beb\u00eas a se desenvolverem fora do \u00fatero<\/span><\/p>\n<p><span style=\"font-weight: 400;\">O c\u00e9rebro de beb\u00eas que nasceram antes de 37 semanas de gesta\u00e7\u00e3o \u2013 os prematuros \u2013 pode levar mais tempo para se desenvolver. Passar nove meses (ou 40 semanas completas) na barriga \u00e9 essencial para que todo o corpo da crian\u00e7a nas\u00e7a formado. E isso vale para a massa cinzenta.<\/span><span style=\"font-weight: 400;\"><br \/>\n<\/span><span style=\"font-weight: 400;\"><br \/>\n<\/span><span style=\"font-weight: 400;\">N\u00e3o bastasse serem tirados \u00e0s pressas do ventre materno, esses pequenos ainda passam dias (ou semanas) em incubadoras, longe do colo da m\u00e3e. Por mais quentinhos e aconchegantes que sejam esses \u201cber\u00e7os\u201d, o ambiente da UTI neonatal acaba sendo bem estressante para os baixinhos que acabaram de chegar ao mundo \u2013 o que pode causar ainda mais atrasos no desenvolvimento.<\/span><\/p>\n<p><span style=\"font-weight: 400;\">Mas, segundo um novo estudo conduzido por pesquisadores de duas universidades na Su\u00ed\u00e7a, a m\u00fasica pode ser uma aliada no amadurecimento do c\u00e9rebro dos prematuros. De acordo com os autores do trabalho, o sistema auditivo \u00e9 funcional desde muito cedo na forma\u00e7\u00e3o do beb\u00ea, ent\u00e3o o som \u00e9 algo que eles entendem bem logo que saem da barriga \u2013 mesmo que antes do tempo.<\/span><\/p>\n<p><span style=\"font-weight: 400;\">S\u00f3 que n\u00e3o \u00e9 qualquer melodia que tem o poder de ajudar os prematuros (nem mesmo a Galinha Pintadinha). Para descobrir o tipo de composi\u00e7\u00e3o que atingiria esse feito, os pesquisadores se uniram ao m\u00fasico su\u00ed\u00e7o Andreas Vollenweider e a uma enfermeira especializada em beb\u00eas pr\u00e9-termo. Eles selecionaram instrumentos espec\u00edficos que poderiam estimular os pequenos.<\/span><\/p>\n<p><span style=\"font-weight: 400;\">A equipe tamb\u00e9m recrutou alguns rec\u00e9m-nascidos prematuros e os dividiram em dois grupos: um ouviu m\u00fasica e o outro, n\u00e3o. Havia ainda um terceiro grupo, formado por beb\u00eas que nasceram aos nove meses \u2013 eles foram usados para comparar como se daria o desenvolvimento cerebral dos prematuros. A atividade cerebral de todos os beb\u00eas foi monitorada com resson\u00e2ncia magn\u00e9tica.<\/span><\/p>\n<p><span style=\"font-weight: 400;\">Os resultados mostraram que, nos pequenos que n\u00e3o ouviram qualquer melodia, a conex\u00e3o entre diferentes \u00e1reas do c\u00e9rebro era mais fraca em rela\u00e7\u00e3o aos baixinhos que chegaram ao mundo no tempo certo. J\u00e1 os prematuros que curtiram um som apresentaram um avan\u00e7o muito mais r\u00e1pido das redes neurais ligadas a fun\u00e7\u00f5es sensoriais e cognitivas \u2013 semelhante ao que acontecia no c\u00e9rebro das crian\u00e7as que passaram mais tempo na barriga da m\u00e3e.<\/span><\/p>\n<p><span style=\"font-weight: 400;\">\u201cO instrumento que mais gerou rea\u00e7\u00f5es foi a flauta dos encantadores de serpentes indianas (o punji)\u201d, diz Lara Lordier, que participou do estudo. \u201cCrian\u00e7as muito agitadas se acalmaram instantaneamente, sua aten\u00e7\u00e3o foi atra\u00edda pela m\u00fasica\u201d, relata.<\/span><\/p>\n<p><span style=\"font-weight: 400;\">Ao final do estudo, Vollenweider escreveu tr\u00eas composi\u00e7\u00f5es, cada uma com oito minutos, usando punjis, harpa e sinos \u2013 os tr\u00eas instrumentos favoritos dos pequeninos. Agora \u00e9 esperar essas can\u00e7\u00f5es serem liberadas no Spotify.<\/span><\/p>\n<p>&nbsp;<\/p>\n<hr \/>\n<p><a href=\"https:\/\/www.colegioflorenca.com.br\/escola\/\">Clique aqui<\/a>\u00a0e saiba mais sobre o Col\u00e9gio Acad\u00eamico Floren\u00e7a. Escola Infantil no Santa M\u00f4nica, pr\u00f3xima ao Itacorubi, com Ber\u00e7\u00e1rio em Florian\u00f3polis e especializa\u00e7\u00e3o na Educa\u00e7\u00e3o Infantil 0 a 6 anos.<\/p>\n","protected":false},"excerpt":{"rendered":"<p>Artigo veiculado originalmente na\u00a0Super Interessante, apresenta um estudo que trata de\u00a0 sobre o desenvolvimento cerebral de prematuros. Pesquisadores investigaram como certas composi\u00e7\u00f5es podem ajudar esses beb\u00eas a se desenvolverem fora do \u00fatero O c\u00e9rebro de beb\u00eas que nasceram antes de 37 semanas de gesta\u00e7\u00e3o \u2013 os prematuros \u2013 pode levar mais tempo para se desenvolver. [&hellip;]<\/p>\n","protected":false},"author":2,"featured_media":1637,"comment_status":"open","ping_status":"open","sticky":false,"template":"","format":"standard","meta":{"footnotes":""},"categories":[299],"tags":[288,377,376],"class_list":["post-1636","post","type-post","status-publish","format-standard","has-post-thumbnail","hentry","category-artigos-recomendados","tag-bebes","tag-musica","tag-prematuros"],"yoast_head":"<!-- This site is optimized with the Yoast SEO plugin v17.1 - https:\/\/yoast.com\/wordpress\/plugins\/seo\/ -->\n<title>Cientistas criam m\u00fasicas que estimulam c\u00e9rebro de prematuros<\/title>\n<meta name=\"description\" content=\"Ingrid Luisa, apresenta um estudo realizado para criar determinadas m\u00fasicas que estimulem o desenvolvimento cerebral de prematuros, confira.\" \/>\n<meta name=\"robots\" content=\"index, follow, max-snippet:-1, max-image-preview:large, max-video-preview:-1\" \/>\n<link rel=\"canonical\" href=\"https:\/\/www.colegioflorenca.com.br\/blog\/cientistas-criam-musicas-estimulam-prematuros\/\" \/>\n<meta property=\"og:locale\" content=\"pt_BR\" \/>\n<meta property=\"og:type\" content=\"article\" \/>\n<meta property=\"og:title\" content=\"Cientistas criam m\u00fasicas que estimulam c\u00e9rebro de prematuros\" \/>\n<meta property=\"og:description\" content=\"Ingrid Luisa, apresenta um estudo realizado para criar determinadas m\u00fasicas que estimulem o desenvolvimento cerebral de prematuros, confira.\" \/>\n<meta property=\"og:url\" content=\"https:\/\/www.colegioflorenca.com.br\/blog\/cientistas-criam-musicas-estimulam-prematuros\/\" \/>\n<meta property=\"og:site_name\" content=\"Blog do Col\u00e9gio Acad\u00eamico Floren\u00e7a\" \/>\n<meta property=\"article:publisher\" content=\"https:\/\/www.facebook.com\/colegioflorenca\" \/>\n<meta property=\"article:published_time\" content=\"2019-09-30T13:41:23+00:00\" \/>\n<meta property=\"article:modified_time\" content=\"2019-09-30T13:47:08+00:00\" \/>\n<meta property=\"og:image\" content=\"https:\/\/www.colegioflorenca.com.br\/blog\/wp-content\/uploads\/2019\/09\/musicas-que-estimulam-cerebro-de-prematuros.jpg\" \/>\n\t<meta property=\"og:image:width\" content=\"1600\" \/>\n\t<meta property=\"og:image:height\" content=\"1067\" \/>\n<meta name=\"twitter:card\" content=\"summary_large_image\" \/>\n<meta name=\"twitter:label1\" content=\"Escrito por\" \/>\n\t<meta name=\"twitter:data1\" content=\"Col\u00e9gio Acad\u00eamico Floren\u00e7a\" \/>\n\t<meta name=\"twitter:label2\" content=\"Est. tempo de leitura\" \/>\n\t<meta name=\"twitter:data2\" content=\"3 minutos\" \/>\n<script type=\"application\/ld+json\" class=\"yoast-schema-graph\">{\"@context\":\"https:\/\/schema.org\",\"@graph\":[{\"@type\":\"WebSite\",\"@id\":\"https:\/\/www.colegioflorenca.com.br\/blog\/#website\",\"url\":\"https:\/\/www.colegioflorenca.com.br\/blog\/\",\"name\":\"Col\\u00e9gio Acad\\u00eamico Floren\\u00e7a\",\"description\":\"Col\\u00e9gio Floren\\u00e7a - Escola Infantil em Florian\\u00f3polis\",\"potentialAction\":[{\"@type\":\"SearchAction\",\"target\":{\"@type\":\"EntryPoint\",\"urlTemplate\":\"https:\/\/www.colegioflorenca.com.br\/blog\/?s={search_term_string}\"},\"query-input\":\"required name=search_term_string\"}],\"inLanguage\":\"pt-BR\"},{\"@type\":\"ImageObject\",\"@id\":\"https:\/\/www.colegioflorenca.com.br\/blog\/cientistas-criam-musicas-estimulam-prematuros\/#primaryimage\",\"inLanguage\":\"pt-BR\",\"url\":\"https:\/\/www.colegioflorenca.com.br\/blog\/wp-content\/uploads\/2019\/09\/musicas-que-estimulam-cerebro-de-prematuros.jpg\",\"contentUrl\":\"https:\/\/www.colegioflorenca.com.br\/blog\/wp-content\/uploads\/2019\/09\/musicas-que-estimulam-cerebro-de-prematuros.jpg\",\"width\":1600,\"height\":1067,\"caption\":\"Beb\\u00ea ouvindo m\\u00fasica\"},{\"@type\":\"WebPage\",\"@id\":\"https:\/\/www.colegioflorenca.com.br\/blog\/cientistas-criam-musicas-estimulam-prematuros\/#webpage\",\"url\":\"https:\/\/www.colegioflorenca.com.br\/blog\/cientistas-criam-musicas-estimulam-prematuros\/\",\"name\":\"Cientistas criam m\\u00fasicas que estimulam c\\u00e9rebro de prematuros\",\"isPartOf\":{\"@id\":\"https:\/\/www.colegioflorenca.com.br\/blog\/#website\"},\"primaryImageOfPage\":{\"@id\":\"https:\/\/www.colegioflorenca.com.br\/blog\/cientistas-criam-musicas-estimulam-prematuros\/#primaryimage\"},\"datePublished\":\"2019-09-30T13:41:23+00:00\",\"dateModified\":\"2019-09-30T13:47:08+00:00\",\"author\":{\"@id\":\"https:\/\/www.colegioflorenca.com.br\/blog\/#\/schema\/person\/2458374c87be479da20878054a258042\"},\"description\":\"Ingrid Luisa, apresenta um estudo realizado para criar determinadas m\\u00fasicas que estimulem o desenvolvimento cerebral de prematuros, confira.\",\"breadcrumb\":{\"@id\":\"https:\/\/www.colegioflorenca.com.br\/blog\/cientistas-criam-musicas-estimulam-prematuros\/#breadcrumb\"},\"inLanguage\":\"pt-BR\",\"potentialAction\":[{\"@type\":\"ReadAction\",\"target\":[\"https:\/\/www.colegioflorenca.com.br\/blog\/cientistas-criam-musicas-estimulam-prematuros\/\"]}]},{\"@type\":\"BreadcrumbList\",\"@id\":\"https:\/\/www.colegioflorenca.com.br\/blog\/cientistas-criam-musicas-estimulam-prematuros\/#breadcrumb\",\"itemListElement\":[{\"@type\":\"ListItem\",\"position\":1,\"name\":\"In\\u00edcio\",\"item\":\"https:\/\/www.colegioflorenca.com.br\/blog\/\"},{\"@type\":\"ListItem\",\"position\":2,\"name\":\"Cientistas criam m\\u00fasicas que estimulam c\\u00e9rebro de prematuros\"}]},{\"@type\":\"Person\",\"@id\":\"https:\/\/www.colegioflorenca.com.br\/blog\/#\/schema\/person\/2458374c87be479da20878054a258042\",\"name\":\"Col\\u00e9gio Acad\\u00eamico Floren\\u00e7a\",\"image\":{\"@type\":\"ImageObject\",\"@id\":\"https:\/\/www.colegioflorenca.com.br\/blog\/#personlogo\",\"inLanguage\":\"pt-BR\",\"url\":\"https:\/\/secure.gravatar.com\/avatar\/b6800a4c0c783df797cbd25f80a6cd87233b286b7490112863c0b4e8f2fcc995?s=96&d=mm&r=g\",\"contentUrl\":\"https:\/\/secure.gravatar.com\/avatar\/b6800a4c0c783df797cbd25f80a6cd87233b286b7490112863c0b4e8f2fcc995?s=96&d=mm&r=g\",\"caption\":\"Col\\u00e9gio Acad\\u00eamico Floren\\u00e7a\"},\"description\":\"O Col\\u00e9gio Floren\\u00e7a \\u00e9 uma escola infantil de refer\\u00eancia em Florian\\u00f3polis-SC, cuja pedagogia atrai pais que buscam um trabalho educativo de excel\\u00eancia. Atrav\\u00e9s de anos de pesquisa e de aplica\\u00e7\\u00e3o pr\\u00e1tica desenvolvemos uma metodologia pr\\u00f3pria, aliada \\u00e0s abordagens e estudos de grandes pedagogos do mundo inteiro.\"}]}<\/script>\n<!-- \/ Yoast SEO plugin. -->","yoast_head_json":{"title":"Cientistas criam m\u00fasicas que estimulam c\u00e9rebro de prematuros","description":"Ingrid Luisa, apresenta um estudo realizado para criar determinadas m\u00fasicas que estimulem o desenvolvimento cerebral de prematuros, confira.","robots":{"index":"index","follow":"follow","max-snippet":"max-snippet:-1","max-image-preview":"max-image-preview:large","max-video-preview":"max-video-preview:-1"},"canonical":"https:\/\/www.colegioflorenca.com.br\/blog\/cientistas-criam-musicas-estimulam-prematuros\/","og_locale":"pt_BR","og_type":"article","og_title":"Cientistas criam m\u00fasicas que estimulam c\u00e9rebro de prematuros","og_description":"Ingrid Luisa, apresenta um estudo realizado para criar determinadas m\u00fasicas que estimulem o desenvolvimento cerebral de prematuros, confira.","og_url":"https:\/\/www.colegioflorenca.com.br\/blog\/cientistas-criam-musicas-estimulam-prematuros\/","og_site_name":"Blog do Col\u00e9gio Acad\u00eamico Floren\u00e7a","article_publisher":"https:\/\/www.facebook.com\/colegioflorenca","article_published_time":"2019-09-30T13:41:23+00:00","article_modified_time":"2019-09-30T13:47:08+00:00","og_image":[{"width":1600,"height":1067,"url":"https:\/\/www.colegioflorenca.com.br\/blog\/wp-content\/uploads\/2019\/09\/musicas-que-estimulam-cerebro-de-prematuros.jpg","path":"\/home\/u505644395\/domains\/colegioflorenca.com.br\/public_html\/blog\/wp-content\/uploads\/2019\/09\/musicas-que-estimulam-cerebro-de-prematuros.jpg","size":"full","id":1637,"alt":"Beb\u00ea ouvindo m\u00fasica","pixels":1707200,"type":"image\/jpeg"}],"twitter_card":"summary_large_image","twitter_misc":{"Escrito por":"Col\u00e9gio Acad\u00eamico Floren\u00e7a","Est. tempo de leitura":"3 minutos"},"schema":{"@context":"https:\/\/schema.org","@graph":[{"@type":"WebSite","@id":"https:\/\/www.colegioflorenca.com.br\/blog\/#website","url":"https:\/\/www.colegioflorenca.com.br\/blog\/","name":"Col\u00e9gio Acad\u00eamico Floren\u00e7a","description":"Col\u00e9gio Floren\u00e7a - Escola Infantil em Florian\u00f3polis","potentialAction":[{"@type":"SearchAction","target":{"@type":"EntryPoint","urlTemplate":"https:\/\/www.colegioflorenca.com.br\/blog\/?s={search_term_string}"},"query-input":"required name=search_term_string"}],"inLanguage":"pt-BR"},{"@type":"ImageObject","@id":"https:\/\/www.colegioflorenca.com.br\/blog\/cientistas-criam-musicas-estimulam-prematuros\/#primaryimage","inLanguage":"pt-BR","url":"https:\/\/www.colegioflorenca.com.br\/blog\/wp-content\/uploads\/2019\/09\/musicas-que-estimulam-cerebro-de-prematuros.jpg","contentUrl":"https:\/\/www.colegioflorenca.com.br\/blog\/wp-content\/uploads\/2019\/09\/musicas-que-estimulam-cerebro-de-prematuros.jpg","width":1600,"height":1067,"caption":"Beb\u00ea ouvindo m\u00fasica"},{"@type":"WebPage","@id":"https:\/\/www.colegioflorenca.com.br\/blog\/cientistas-criam-musicas-estimulam-prematuros\/#webpage","url":"https:\/\/www.colegioflorenca.com.br\/blog\/cientistas-criam-musicas-estimulam-prematuros\/","name":"Cientistas criam m\u00fasicas que estimulam c\u00e9rebro de prematuros","isPartOf":{"@id":"https:\/\/www.colegioflorenca.com.br\/blog\/#website"},"primaryImageOfPage":{"@id":"https:\/\/www.colegioflorenca.com.br\/blog\/cientistas-criam-musicas-estimulam-prematuros\/#primaryimage"},"datePublished":"2019-09-30T13:41:23+00:00","dateModified":"2019-09-30T13:47:08+00:00","author":{"@id":"https:\/\/www.colegioflorenca.com.br\/blog\/#\/schema\/person\/2458374c87be479da20878054a258042"},"description":"Ingrid Luisa, apresenta um estudo realizado para criar determinadas m\u00fasicas que estimulem o desenvolvimento cerebral de prematuros, confira.","breadcrumb":{"@id":"https:\/\/www.colegioflorenca.com.br\/blog\/cientistas-criam-musicas-estimulam-prematuros\/#breadcrumb"},"inLanguage":"pt-BR","potentialAction":[{"@type":"ReadAction","target":["https:\/\/www.colegioflorenca.com.br\/blog\/cientistas-criam-musicas-estimulam-prematuros\/"]}]},{"@type":"BreadcrumbList","@id":"https:\/\/www.colegioflorenca.com.br\/blog\/cientistas-criam-musicas-estimulam-prematuros\/#breadcrumb","itemListElement":[{"@type":"ListItem","position":1,"name":"In\u00edcio","item":"https:\/\/www.colegioflorenca.com.br\/blog\/"},{"@type":"ListItem","position":2,"name":"Cientistas criam m\u00fasicas que estimulam c\u00e9rebro de prematuros"}]},{"@type":"Person","@id":"https:\/\/www.colegioflorenca.com.br\/blog\/#\/schema\/person\/2458374c87be479da20878054a258042","name":"Col\u00e9gio Acad\u00eamico Floren\u00e7a","image":{"@type":"ImageObject","@id":"https:\/\/www.colegioflorenca.com.br\/blog\/#personlogo","inLanguage":"pt-BR","url":"https:\/\/secure.gravatar.com\/avatar\/b6800a4c0c783df797cbd25f80a6cd87233b286b7490112863c0b4e8f2fcc995?s=96&d=mm&r=g","contentUrl":"https:\/\/secure.gravatar.com\/avatar\/b6800a4c0c783df797cbd25f80a6cd87233b286b7490112863c0b4e8f2fcc995?s=96&d=mm&r=g","caption":"Col\u00e9gio Acad\u00eamico Floren\u00e7a"},"description":"O Col\u00e9gio Floren\u00e7a \u00e9 uma escola infantil de refer\u00eancia em Florian\u00f3polis-SC, cuja pedagogia atrai pais que buscam um trabalho educativo de excel\u00eancia. Atrav\u00e9s de anos de pesquisa e de aplica\u00e7\u00e3o pr\u00e1tica desenvolvemos uma metodologia pr\u00f3pria, aliada \u00e0s abordagens e estudos de grandes pedagogos do mundo inteiro."}]}},"_links":{"self":[{"href":"https:\/\/www.colegioflorenca.com.br\/blog\/wp-json\/wp\/v2\/posts\/1636","targetHints":{"allow":["GET"]}}],"collection":[{"href":"https:\/\/www.colegioflorenca.com.br\/blog\/wp-json\/wp\/v2\/posts"}],"about":[{"href":"https:\/\/www.colegioflorenca.com.br\/blog\/wp-json\/wp\/v2\/types\/post"}],"author":[{"embeddable":true,"href":"https:\/\/www.colegioflorenca.com.br\/blog\/wp-json\/wp\/v2\/users\/2"}],"replies":[{"embeddable":true,"href":"https:\/\/www.colegioflorenca.com.br\/blog\/wp-json\/wp\/v2\/comments?post=1636"}],"version-history":[{"count":5,"href":"https:\/\/www.colegioflorenca.com.br\/blog\/wp-json\/wp\/v2\/posts\/1636\/revisions"}],"predecessor-version":[{"id":1720,"href":"https:\/\/www.colegioflorenca.com.br\/blog\/wp-json\/wp\/v2\/posts\/1636\/revisions\/1720"}],"wp:featuredmedia":[{"embeddable":true,"href":"https:\/\/www.colegioflorenca.com.br\/blog\/wp-json\/wp\/v2\/media\/1637"}],"wp:attachment":[{"href":"https:\/\/www.colegioflorenca.com.br\/blog\/wp-json\/wp\/v2\/media?parent=1636"}],"wp:term":[{"taxonomy":"category","embeddable":true,"href":"https:\/\/www.colegioflorenca.com.br\/blog\/wp-json\/wp\/v2\/categories?post=1636"},{"taxonomy":"post_tag","embeddable":true,"href":"https:\/\/www.colegioflorenca.com.br\/blog\/wp-json\/wp\/v2\/tags?post=1636"}],"curies":[{"name":"wp","href":"https:\/\/api.w.org\/{rel}","templated":true}]}}