{"id":1651,"date":"2019-10-31T15:10:39","date_gmt":"2019-10-31T18:10:39","guid":{"rendered":"https:\/\/www.colegioflorenca.com.br\/blog\/?p=1651"},"modified":"2019-10-31T15:10:39","modified_gmt":"2019-10-31T18:10:39","slug":"conversar-com-o-bebe-contribui-com-seu-desenvolvimento","status":"publish","type":"post","link":"https:\/\/www.colegioflorenca.com.br\/blog\/conversar-com-o-bebe-contribui-com-seu-desenvolvimento\/","title":{"rendered":"Conversar com o beb\u00ea contribui com seu desenvolvimento"},"content":{"rendered":"<p><span style=\"font-weight: 400;\">Estudo apresentado pela revista\u00a0<a href=\"https:\/\/revistacrescer.globo.com\/Bebes\/Desenvolvimento\/noticia\/2019\/06\/quer-contribuir-com-o-desenvolvimento-do-seu-filho-converse-muito-com-ele.html\">Crescer<\/a>, mostra que os pais que conversam com seus filhos ajudam n\u00e3o somente na constru\u00e7\u00e3o do vocabul\u00e1rio deles, mas tamb\u00e9m no racioc\u00ednio e at\u00e9 na compreens\u00e3o num\u00e9rica.<\/span><\/p>\n<p><span style=\"font-weight: 400;\">Voc\u00ea j\u00e1 se perguntou se conversa o suficiente com o seu filho? N\u00e3o se trata de longas horas de papo, mas sim da quantidade de palavras que voc\u00ea apresenta diariamente a ele. Especialistas em educa\u00e7\u00e3o defendem que esse aporte de palavras \u00e9 importante para o desenvolvimento da crian\u00e7a e para a vis\u00e3o de mundo que ela passa a construir, mesmo sendo ainda bem pequena.<\/span><\/p>\n<p><span style=\"font-weight: 400;\">Novas pesquisas v\u00eam descobrindo que o n\u00famero de palavras que uma crian\u00e7a ouve na primeira inf\u00e2ncia pode ser ainda mais significativo do que os especialistas acreditavam.<\/span><\/p>\n<p><span style=\"font-weight: 400;\">Pesquisadores da Universidade de York, no Reino Unido, descobriram que o n\u00famero de palavras que uma crian\u00e7a ouve n\u00e3o apenas melhora seu vocabul\u00e1rio e desenvolvimento lingu\u00edstico, como tamb\u00e9m pode contribuir para o desenvolvimento de habilidades n\u00e3o-verbais como racioc\u00ednio e at\u00e9 compreens\u00e3o num\u00e9rica.<\/span><\/p>\n<p><span style=\"font-weight: 400;\">O estudo incluiu 107 crian\u00e7as, usando gravadores de \u00e1udio para documentar suas rotinas ao longo de 16 horas, durante tr\u00eas dias. Ap\u00f3s analisar os resultados, com base na quantidade de palavras e na diversidade delas, os pesquisadores chegaram \u00e0 conclus\u00e3o que havia uma associa\u00e7\u00e3o positiva entre as habilidades cognitivas e as palavras que as crian\u00e7as ouviam.<\/span><\/p>\n<p>&nbsp;<\/p>\n<h2><b>Muito al\u00e9m das palavras<\/b><\/h2>\n<p><span style=\"font-weight: 400;\">O estudo \u00e9 relativamente pequeno e os pr\u00f3prios pesquisadores reconheceram a necessidade de mais pesquisas sobre o assunto. Fonoaudi\u00f3logos concordam que quando a crian\u00e7a cresce num ambiente rico em linguagem, a maneira como ela entende e usa essa &#8220;bagagem&#8221; \u00e9 ben\u00e9fica ao desenvolvimento como um todo. De acordo com o pediatra Dipesh Navsaria, que \u00e9 porta-voz da Academia Americana de Pediatria (AAP), n\u00e3o se trata de simplesmente expor a crian\u00e7a em meio a falat\u00f3rios.<\/span><\/p>\n<p><span style=\"font-weight: 400;\">&#8220;Acho que as observa\u00e7\u00f5es feitas pelos pesquisadores provavelmente est\u00e3o corretas, no sentido de que parece haver um aumento nas habilidades n\u00e3o-verbais com base no n\u00famero de palavras ouvidas, mas \u00e9 preciso saber que n\u00e3o se trata das palavras puramente, mas sim sobre as inten\u00e7\u00f5es sobre o que \u00e9 dito.<\/span><\/p>\n<p><span style=\"font-weight: 400;\">Se voc\u00ea tem um pai que \u00e9 mudo, ele ainda pode ter intera\u00e7\u00f5es positivas com os filhos. Eles n\u00e3o devem pensar que a falta de palavras ir\u00e1 impedir seu desenvolvimento!, disse em entrevista ao site Healthline.<\/span><\/p>\n<p><span style=\"font-weight: 400;\">Pais que conversam mais com os filhos tendem a ser os mais receptivos<\/span><\/p>\n<p><span style=\"font-weight: 400;\">Os pesquisadores tamb\u00e9m apontam que o efeito positivo das palavras pode dar pistas de que esses pais que conversam mais com seus filhos tendem a ser os mais receptivos e que incentivam que seus filhos sejam exploradores do ambiente ao seu redor e se expressem mais. E esse comportamento \u00e9 fundamental para o melhor desenvolvimento da crian\u00e7a. Eles acreditam que pode ser que os pais que est\u00e3o falando mais com seus filhos tamb\u00e9m estejam mais propensos a responder e se envolver com eles de maneira positiva. O pediatra americano ressaltou que quando os pais s\u00e3o receptivos e encorajam os filhos a explorar e se expressar, \u201celes est\u00e3o basicamente criando um ambiente em que as crian\u00e7as sabem que est\u00e3o sendo ouvidas e entendem que t\u00eam a capacidade de influenciar a aten\u00e7\u00e3o dos outros de maneira positiva.&#8221;<\/span><\/p>\n<p>&nbsp;<\/p>\n<h2><span style=\"font-weight: 400;\">Veja como ajudar o seu filho, por meio das conversas, nas etapas de desenvolvimento da primeira inf\u00e2ncia:<\/span><\/h2>\n<p>&nbsp;<\/p>\n<h2><span style=\"font-weight: 400;\">Narre o mundo<\/span><\/h2>\n<p><span style=\"font-weight: 400;\">Vale come\u00e7ar com o beb\u00ea, quando ele ainda \u00e9 bem pequeno: converse com ele sobre as coisas que o rodeiam. Na hora de trocar a fralda, por exemplo, v\u00e1 nomeando suas a\u00e7\u00f5es: \u201cvou limpar seu bumbum, vamos colocar uma fralda limpinha, voc\u00ea vai ficar cheiroso\u201d. Durante um passeio no parque, apresente as \u00e1rvores, a grama, os passarinhos.\u00a0<\/span><\/p>\n<p>&nbsp;<\/p>\n<h2><span style=\"font-weight: 400;\">Aten\u00e7\u00e3o ao tom de voz<\/span><\/h2>\n<p><span style=\"font-weight: 400;\">Quando falamos, colocamos sempre uma entona\u00e7\u00e3o em nossa voz, que pode significar dor, alegria, tristeza&#8230; N\u00e3o tenha medo de se expressar na frente do seu filho, porque isso vai o ajudar a decodificar as emo\u00e7\u00f5es.<\/span><\/p>\n<p>&nbsp;<\/p>\n<h2><span style=\"font-weight: 400;\">Leia hist\u00f3rias e poesias<\/span><\/h2>\n<p><span style=\"font-weight: 400;\">As hist\u00f3rias, al\u00e9m do est\u00edmulo que representam \u00e0 imagina\u00e7\u00e3o, aumentam o vocabul\u00e1rio e a curiosidade sobre a linguagem. Os poemas, assim como as m\u00fasicas, t\u00eam ritmo e sonoridade bem acentuados. Comece com os textos de rimas diretas e, aos poucos, v\u00e1 sofisticando. Vale lembrar que a leitura n\u00e3o pode ser mec\u00e2nica. Coloque emo\u00e7\u00e3o e pontue cada frase.<\/span><\/p>\n","protected":false},"excerpt":{"rendered":"<p>Estudo apresentado pela revista\u00a0Crescer, mostra que os pais que conversam com seus filhos ajudam n\u00e3o somente na constru\u00e7\u00e3o do vocabul\u00e1rio deles, mas tamb\u00e9m no racioc\u00ednio e at\u00e9 na compreens\u00e3o num\u00e9rica. Voc\u00ea j\u00e1 se perguntou se conversa o suficiente com o seu filho? N\u00e3o se trata de longas horas de papo, mas sim da quantidade de [&hellip;]<\/p>\n","protected":false},"author":2,"featured_media":1652,"comment_status":"open","ping_status":"open","sticky":false,"template":"","format":"standard","meta":{"footnotes":""},"categories":[299],"tags":[],"class_list":["post-1651","post","type-post","status-publish","format-standard","has-post-thumbnail","hentry","category-artigos-recomendados"],"yoast_head":"<!-- This site is optimized with the Yoast SEO plugin v17.1 - https:\/\/yoast.com\/wordpress\/plugins\/seo\/ -->\n<title>Conversar com o beb\u00ea contribui com seu desenvolvimento -<\/title>\n<meta name=\"description\" content=\"Os pais que conversam com seus filhos ajudam n\u00e3o somente na constru\u00e7\u00e3o do vocabul\u00e1rio deles, mas tamb\u00e9m no racioc\u00ednio e at\u00e9 na compreens\u00e3o num\u00e9rica.\" \/>\n<meta name=\"robots\" content=\"index, follow, max-snippet:-1, max-image-preview:large, max-video-preview:-1\" \/>\n<link rel=\"canonical\" href=\"https:\/\/www.colegioflorenca.com.br\/blog\/conversar-com-o-bebe-contribui-com-seu-desenvolvimento\/\" \/>\n<meta property=\"og:locale\" content=\"pt_BR\" \/>\n<meta property=\"og:type\" content=\"article\" \/>\n<meta property=\"og:title\" content=\"Conversar com o beb\u00ea contribui com seu desenvolvimento -\" \/>\n<meta property=\"og:description\" content=\"Os pais que conversam com seus filhos ajudam n\u00e3o somente na constru\u00e7\u00e3o do vocabul\u00e1rio deles, mas tamb\u00e9m no racioc\u00ednio e at\u00e9 na compreens\u00e3o num\u00e9rica.\" \/>\n<meta property=\"og:url\" content=\"https:\/\/www.colegioflorenca.com.br\/blog\/conversar-com-o-bebe-contribui-com-seu-desenvolvimento\/\" \/>\n<meta property=\"og:site_name\" content=\"Blog do Col\u00e9gio Acad\u00eamico Floren\u00e7a\" \/>\n<meta property=\"article:publisher\" content=\"https:\/\/www.facebook.com\/colegioflorenca\" \/>\n<meta property=\"article:published_time\" content=\"2019-10-31T18:10:39+00:00\" \/>\n<meta property=\"og:image\" content=\"https:\/\/www.colegioflorenca.com.br\/blog\/wp-content\/uploads\/2019\/09\/conversar-com-o-bebe-contribui-com-seu-desenvolvimento.jpg\" \/>\n\t<meta property=\"og:image:width\" content=\"1067\" \/>\n\t<meta property=\"og:image:height\" content=\"1600\" \/>\n<meta name=\"twitter:card\" content=\"summary_large_image\" \/>\n<meta name=\"twitter:label1\" content=\"Escrito por\" \/>\n\t<meta name=\"twitter:data1\" content=\"Col\u00e9gio Acad\u00eamico Floren\u00e7a\" \/>\n\t<meta name=\"twitter:label2\" content=\"Est. tempo de leitura\" \/>\n\t<meta name=\"twitter:data2\" content=\"4 minutos\" \/>\n<script type=\"application\/ld+json\" class=\"yoast-schema-graph\">{\"@context\":\"https:\/\/schema.org\",\"@graph\":[{\"@type\":\"WebSite\",\"@id\":\"https:\/\/www.colegioflorenca.com.br\/blog\/#website\",\"url\":\"https:\/\/www.colegioflorenca.com.br\/blog\/\",\"name\":\"Col\\u00e9gio Acad\\u00eamico Floren\\u00e7a\",\"description\":\"Col\\u00e9gio Floren\\u00e7a - Escola Infantil em Florian\\u00f3polis\",\"potentialAction\":[{\"@type\":\"SearchAction\",\"target\":{\"@type\":\"EntryPoint\",\"urlTemplate\":\"https:\/\/www.colegioflorenca.com.br\/blog\/?s={search_term_string}\"},\"query-input\":\"required name=search_term_string\"}],\"inLanguage\":\"pt-BR\"},{\"@type\":\"ImageObject\",\"@id\":\"https:\/\/www.colegioflorenca.com.br\/blog\/conversar-com-o-bebe-contribui-com-seu-desenvolvimento\/#primaryimage\",\"inLanguage\":\"pt-BR\",\"url\":\"https:\/\/www.colegioflorenca.com.br\/blog\/wp-content\/uploads\/2019\/09\/conversar-com-o-bebe-contribui-com-seu-desenvolvimento.jpg\",\"contentUrl\":\"https:\/\/www.colegioflorenca.com.br\/blog\/wp-content\/uploads\/2019\/09\/conversar-com-o-bebe-contribui-com-seu-desenvolvimento.jpg\",\"width\":1067,\"height\":1600,\"caption\":\"Beb\\u00ea\"},{\"@type\":\"WebPage\",\"@id\":\"https:\/\/www.colegioflorenca.com.br\/blog\/conversar-com-o-bebe-contribui-com-seu-desenvolvimento\/#webpage\",\"url\":\"https:\/\/www.colegioflorenca.com.br\/blog\/conversar-com-o-bebe-contribui-com-seu-desenvolvimento\/\",\"name\":\"Conversar com o beb\\u00ea contribui com seu desenvolvimento -\",\"isPartOf\":{\"@id\":\"https:\/\/www.colegioflorenca.com.br\/blog\/#website\"},\"primaryImageOfPage\":{\"@id\":\"https:\/\/www.colegioflorenca.com.br\/blog\/conversar-com-o-bebe-contribui-com-seu-desenvolvimento\/#primaryimage\"},\"datePublished\":\"2019-10-31T18:10:39+00:00\",\"dateModified\":\"2019-10-31T18:10:39+00:00\",\"author\":{\"@id\":\"https:\/\/www.colegioflorenca.com.br\/blog\/#\/schema\/person\/2458374c87be479da20878054a258042\"},\"description\":\"Os pais que conversam com seus filhos ajudam n\\u00e3o somente na constru\\u00e7\\u00e3o do vocabul\\u00e1rio deles, mas tamb\\u00e9m no racioc\\u00ednio e at\\u00e9 na compreens\\u00e3o num\\u00e9rica.\",\"breadcrumb\":{\"@id\":\"https:\/\/www.colegioflorenca.com.br\/blog\/conversar-com-o-bebe-contribui-com-seu-desenvolvimento\/#breadcrumb\"},\"inLanguage\":\"pt-BR\",\"potentialAction\":[{\"@type\":\"ReadAction\",\"target\":[\"https:\/\/www.colegioflorenca.com.br\/blog\/conversar-com-o-bebe-contribui-com-seu-desenvolvimento\/\"]}]},{\"@type\":\"BreadcrumbList\",\"@id\":\"https:\/\/www.colegioflorenca.com.br\/blog\/conversar-com-o-bebe-contribui-com-seu-desenvolvimento\/#breadcrumb\",\"itemListElement\":[{\"@type\":\"ListItem\",\"position\":1,\"name\":\"In\\u00edcio\",\"item\":\"https:\/\/www.colegioflorenca.com.br\/blog\/\"},{\"@type\":\"ListItem\",\"position\":2,\"name\":\"Conversar com o beb\\u00ea contribui com seu desenvolvimento\"}]},{\"@type\":\"Person\",\"@id\":\"https:\/\/www.colegioflorenca.com.br\/blog\/#\/schema\/person\/2458374c87be479da20878054a258042\",\"name\":\"Col\\u00e9gio Acad\\u00eamico Floren\\u00e7a\",\"image\":{\"@type\":\"ImageObject\",\"@id\":\"https:\/\/www.colegioflorenca.com.br\/blog\/#personlogo\",\"inLanguage\":\"pt-BR\",\"url\":\"https:\/\/secure.gravatar.com\/avatar\/b6800a4c0c783df797cbd25f80a6cd87233b286b7490112863c0b4e8f2fcc995?s=96&d=mm&r=g\",\"contentUrl\":\"https:\/\/secure.gravatar.com\/avatar\/b6800a4c0c783df797cbd25f80a6cd87233b286b7490112863c0b4e8f2fcc995?s=96&d=mm&r=g\",\"caption\":\"Col\\u00e9gio Acad\\u00eamico Floren\\u00e7a\"},\"description\":\"O Col\\u00e9gio Floren\\u00e7a \\u00e9 uma escola infantil de refer\\u00eancia em Florian\\u00f3polis-SC, cuja pedagogia atrai pais que buscam um trabalho educativo de excel\\u00eancia. Atrav\\u00e9s de anos de pesquisa e de aplica\\u00e7\\u00e3o pr\\u00e1tica desenvolvemos uma metodologia pr\\u00f3pria, aliada \\u00e0s abordagens e estudos de grandes pedagogos do mundo inteiro.\"}]}<\/script>\n<!-- \/ Yoast SEO plugin. -->","yoast_head_json":{"title":"Conversar com o beb\u00ea contribui com seu desenvolvimento -","description":"Os pais que conversam com seus filhos ajudam n\u00e3o somente na constru\u00e7\u00e3o do vocabul\u00e1rio deles, mas tamb\u00e9m no racioc\u00ednio e at\u00e9 na compreens\u00e3o num\u00e9rica.","robots":{"index":"index","follow":"follow","max-snippet":"max-snippet:-1","max-image-preview":"max-image-preview:large","max-video-preview":"max-video-preview:-1"},"canonical":"https:\/\/www.colegioflorenca.com.br\/blog\/conversar-com-o-bebe-contribui-com-seu-desenvolvimento\/","og_locale":"pt_BR","og_type":"article","og_title":"Conversar com o beb\u00ea contribui com seu desenvolvimento -","og_description":"Os pais que conversam com seus filhos ajudam n\u00e3o somente na constru\u00e7\u00e3o do vocabul\u00e1rio deles, mas tamb\u00e9m no racioc\u00ednio e at\u00e9 na compreens\u00e3o num\u00e9rica.","og_url":"https:\/\/www.colegioflorenca.com.br\/blog\/conversar-com-o-bebe-contribui-com-seu-desenvolvimento\/","og_site_name":"Blog do Col\u00e9gio Acad\u00eamico Floren\u00e7a","article_publisher":"https:\/\/www.facebook.com\/colegioflorenca","article_published_time":"2019-10-31T18:10:39+00:00","og_image":[{"width":1067,"height":1600,"url":"https:\/\/www.colegioflorenca.com.br\/blog\/wp-content\/uploads\/2019\/09\/conversar-com-o-bebe-contribui-com-seu-desenvolvimento.jpg","path":"\/home\/u505644395\/domains\/colegioflorenca.com.br\/public_html\/blog\/wp-content\/uploads\/2019\/09\/conversar-com-o-bebe-contribui-com-seu-desenvolvimento.jpg","size":"full","id":1652,"alt":"Beb\u00ea","pixels":1707200,"type":"image\/jpeg"}],"twitter_card":"summary_large_image","twitter_misc":{"Escrito por":"Col\u00e9gio Acad\u00eamico Floren\u00e7a","Est. tempo de leitura":"4 minutos"},"schema":{"@context":"https:\/\/schema.org","@graph":[{"@type":"WebSite","@id":"https:\/\/www.colegioflorenca.com.br\/blog\/#website","url":"https:\/\/www.colegioflorenca.com.br\/blog\/","name":"Col\u00e9gio Acad\u00eamico Floren\u00e7a","description":"Col\u00e9gio Floren\u00e7a - Escola Infantil em Florian\u00f3polis","potentialAction":[{"@type":"SearchAction","target":{"@type":"EntryPoint","urlTemplate":"https:\/\/www.colegioflorenca.com.br\/blog\/?s={search_term_string}"},"query-input":"required name=search_term_string"}],"inLanguage":"pt-BR"},{"@type":"ImageObject","@id":"https:\/\/www.colegioflorenca.com.br\/blog\/conversar-com-o-bebe-contribui-com-seu-desenvolvimento\/#primaryimage","inLanguage":"pt-BR","url":"https:\/\/www.colegioflorenca.com.br\/blog\/wp-content\/uploads\/2019\/09\/conversar-com-o-bebe-contribui-com-seu-desenvolvimento.jpg","contentUrl":"https:\/\/www.colegioflorenca.com.br\/blog\/wp-content\/uploads\/2019\/09\/conversar-com-o-bebe-contribui-com-seu-desenvolvimento.jpg","width":1067,"height":1600,"caption":"Beb\u00ea"},{"@type":"WebPage","@id":"https:\/\/www.colegioflorenca.com.br\/blog\/conversar-com-o-bebe-contribui-com-seu-desenvolvimento\/#webpage","url":"https:\/\/www.colegioflorenca.com.br\/blog\/conversar-com-o-bebe-contribui-com-seu-desenvolvimento\/","name":"Conversar com o beb\u00ea contribui com seu desenvolvimento -","isPartOf":{"@id":"https:\/\/www.colegioflorenca.com.br\/blog\/#website"},"primaryImageOfPage":{"@id":"https:\/\/www.colegioflorenca.com.br\/blog\/conversar-com-o-bebe-contribui-com-seu-desenvolvimento\/#primaryimage"},"datePublished":"2019-10-31T18:10:39+00:00","dateModified":"2019-10-31T18:10:39+00:00","author":{"@id":"https:\/\/www.colegioflorenca.com.br\/blog\/#\/schema\/person\/2458374c87be479da20878054a258042"},"description":"Os pais que conversam com seus filhos ajudam n\u00e3o somente na constru\u00e7\u00e3o do vocabul\u00e1rio deles, mas tamb\u00e9m no racioc\u00ednio e at\u00e9 na compreens\u00e3o num\u00e9rica.","breadcrumb":{"@id":"https:\/\/www.colegioflorenca.com.br\/blog\/conversar-com-o-bebe-contribui-com-seu-desenvolvimento\/#breadcrumb"},"inLanguage":"pt-BR","potentialAction":[{"@type":"ReadAction","target":["https:\/\/www.colegioflorenca.com.br\/blog\/conversar-com-o-bebe-contribui-com-seu-desenvolvimento\/"]}]},{"@type":"BreadcrumbList","@id":"https:\/\/www.colegioflorenca.com.br\/blog\/conversar-com-o-bebe-contribui-com-seu-desenvolvimento\/#breadcrumb","itemListElement":[{"@type":"ListItem","position":1,"name":"In\u00edcio","item":"https:\/\/www.colegioflorenca.com.br\/blog\/"},{"@type":"ListItem","position":2,"name":"Conversar com o beb\u00ea contribui com seu desenvolvimento"}]},{"@type":"Person","@id":"https:\/\/www.colegioflorenca.com.br\/blog\/#\/schema\/person\/2458374c87be479da20878054a258042","name":"Col\u00e9gio Acad\u00eamico Floren\u00e7a","image":{"@type":"ImageObject","@id":"https:\/\/www.colegioflorenca.com.br\/blog\/#personlogo","inLanguage":"pt-BR","url":"https:\/\/secure.gravatar.com\/avatar\/b6800a4c0c783df797cbd25f80a6cd87233b286b7490112863c0b4e8f2fcc995?s=96&d=mm&r=g","contentUrl":"https:\/\/secure.gravatar.com\/avatar\/b6800a4c0c783df797cbd25f80a6cd87233b286b7490112863c0b4e8f2fcc995?s=96&d=mm&r=g","caption":"Col\u00e9gio Acad\u00eamico Floren\u00e7a"},"description":"O Col\u00e9gio Floren\u00e7a \u00e9 uma escola infantil de refer\u00eancia em Florian\u00f3polis-SC, cuja pedagogia atrai pais que buscam um trabalho educativo de excel\u00eancia. Atrav\u00e9s de anos de pesquisa e de aplica\u00e7\u00e3o pr\u00e1tica desenvolvemos uma metodologia pr\u00f3pria, aliada \u00e0s abordagens e estudos de grandes pedagogos do mundo inteiro."}]}},"_links":{"self":[{"href":"https:\/\/www.colegioflorenca.com.br\/blog\/wp-json\/wp\/v2\/posts\/1651","targetHints":{"allow":["GET"]}}],"collection":[{"href":"https:\/\/www.colegioflorenca.com.br\/blog\/wp-json\/wp\/v2\/posts"}],"about":[{"href":"https:\/\/www.colegioflorenca.com.br\/blog\/wp-json\/wp\/v2\/types\/post"}],"author":[{"embeddable":true,"href":"https:\/\/www.colegioflorenca.com.br\/blog\/wp-json\/wp\/v2\/users\/2"}],"replies":[{"embeddable":true,"href":"https:\/\/www.colegioflorenca.com.br\/blog\/wp-json\/wp\/v2\/comments?post=1651"}],"version-history":[{"count":2,"href":"https:\/\/www.colegioflorenca.com.br\/blog\/wp-json\/wp\/v2\/posts\/1651\/revisions"}],"predecessor-version":[{"id":1654,"href":"https:\/\/www.colegioflorenca.com.br\/blog\/wp-json\/wp\/v2\/posts\/1651\/revisions\/1654"}],"wp:featuredmedia":[{"embeddable":true,"href":"https:\/\/www.colegioflorenca.com.br\/blog\/wp-json\/wp\/v2\/media\/1652"}],"wp:attachment":[{"href":"https:\/\/www.colegioflorenca.com.br\/blog\/wp-json\/wp\/v2\/media?parent=1651"}],"wp:term":[{"taxonomy":"category","embeddable":true,"href":"https:\/\/www.colegioflorenca.com.br\/blog\/wp-json\/wp\/v2\/categories?post=1651"},{"taxonomy":"post_tag","embeddable":true,"href":"https:\/\/www.colegioflorenca.com.br\/blog\/wp-json\/wp\/v2\/tags?post=1651"}],"curies":[{"name":"wp","href":"https:\/\/api.w.org\/{rel}","templated":true}]}}