{"id":1732,"date":"2019-10-24T17:28:07","date_gmt":"2019-10-24T20:28:07","guid":{"rendered":"https:\/\/www.colegioflorenca.com.br\/blog\/?p=1732"},"modified":"2019-10-24T21:04:09","modified_gmt":"2019-10-25T00:04:09","slug":"como-educar-crianca-3-anos-aspectos-fundamentais","status":"publish","type":"post","link":"https:\/\/www.colegioflorenca.com.br\/blog\/como-educar-crianca-3-anos-aspectos-fundamentais\/","title":{"rendered":"Como educar uma crian\u00e7a de 3 anos: aspectos fundamentais"},"content":{"rendered":"<p>Quest\u00f5es sobre como educar uma crian\u00e7a de 3 anos certamente far\u00e3o parte da vida de<br \/>\nqualquer pai ou m\u00e3e. E o motivo para essa afirma\u00e7\u00e3o n\u00e3o \u00e9 apenas o fato de que essa idade<br \/>\num dia chegar\u00e1, mas, para al\u00e9m disso, o terceiro ano de vida representa um momento de<br \/>\ngrandes transforma\u00e7\u00f5es na vida infantil.<\/p>\n<h2>O QUE ACONTECE AOS 3 ANOS DE IDADE?<\/h2>\n<p>H\u00e1 um per\u00edodo da inf\u00e2ncia em que ocorre o in\u00edcio do <strong>processo de individua\u00e7\u00e3o<\/strong>, momento em<br \/>\nque a crian\u00e7a ganha um novo patamar de independ\u00eancia com rela\u00e7\u00e3o a seus pais.<\/p>\n<p>Essa fase n\u00e3o tem data e hora marcada para chegar &#8211; afinal de contas estamos tratando de um<br \/>\nprocesso humano &#8211; mas ela ocorre por volta dos 3 anos de idade. Trata-se de um momento<br \/>\nbelo, rico e de inestim\u00e1vel relev\u00e2ncia para o desenvolvimento infantil, mas que tamb\u00e9m \u00e9<br \/>\ncercado de dificuldades, inseguran\u00e7as e alguns perigos que envolvem tanto as crian\u00e7as quanto<br \/>\nos adultos respons\u00e1veis por sua educa\u00e7\u00e3o.<\/p>\n<h2>EDUCAR \u00c9 ENTENDER AS NECESSIDADES<\/h2>\n<p>H\u00e1 muitas abordagens para tratar do que realmente significa educar uma crian\u00e7a. Sendo<br \/>\nassim, para sermos objetivos em rela\u00e7\u00e3o a nosso tema, um conceito bastante v\u00e1lido \u00e9: se<br \/>\nqueremos saber como educar uma crian\u00e7a de 3 anos, precisamos nos questionar sobre <strong>quais<\/strong><br \/>\n<strong>s\u00e3o as necessidades de vida dessa etapa<\/strong>.<\/p>\n<p><a href=\"https:\/\/www.gracepointwellness.org\/462-child-development-parenting-early-3-7\/article\/12758-early-childhood-cognitive-development-symbolic-function\">Entendendo essas necessidades<\/a>, teremos maior clareza sobre nossas a\u00e7\u00f5es e tamb\u00e9m<br \/>\nsaberemos desenvolver uma escala de prioridades, o que \u00e9 fundamental quando se sabe que<br \/>\njamais poderemos fazer tudo ou desejar sermos perfeitos na educa\u00e7\u00e3o de nossos filhos.<\/p>\n<h2>NECESSIDADES AOS 3 ANOS DE VIDA<\/h2>\n<p>Conforme mencionamos, o primeiro e mais essencial elemento a ser levado em conta quando<br \/>\nbuscamos entender como educar uma crian\u00e7a de 3 anos \u00e9 ter em mente a necessidade por\u00a0excel\u00eancia desse per\u00edodo: a individua\u00e7\u00e3o.<\/p>\n<p>E apesar de estarmos cientes de que existem outras quest\u00f5es relevantes para sabermos como educar uma crian\u00e7a de 3 anos, vamos dar foco a esta\u00a0necessidade por ser ela essencial.<\/p>\n<p>Nesse sentido, a crian\u00e7a apresentar\u00e1 uma grande demanda por sentir-se independente de seus<br \/>\npais e de outros adultos pr\u00f3ximos a ela, o que significa ver-se como algu\u00e9m capaz de<br \/>\nconquistar o que precisa por sua pr\u00f3pria conta. Nessas horas, talvez muitos pais se<br \/>\nquestionem: \u201cmas como posso permitir toda essa independ\u00eancia a uma crian\u00e7a de apenas 3<br \/>\nanos?\u201d .<\/p>\n<p>Justamente pelo fato de que aos 3 anos uma crian\u00e7a n\u00e3o pode ser totalmente aut\u00f4noma, e<br \/>\nainda precisar\u00e1 muito de nosso apoio adulto, \u00e9 que precisamos nos esfor\u00e7ar para criar<br \/>\ncondi\u00e7\u00f5es de independ\u00eancia para nossos filhos quando chegam nessa etapa de vida.<\/p>\n<h2>CRIAR CONDI\u00c7\u00d5ES PARA O EXERC\u00cdCIO DA INDEPEND\u00caNCIA<\/h2>\n<p>Aos 3 anos, as crian\u00e7as ainda n\u00e3o poder\u00e3o ir ao supermercado sozinhas, atravessar uma rua<br \/>\nmovimentada sem estar de m\u00e3os dadas com um adulto, ou mexer com eletricidade, dentre<br \/>\noutros.<\/p>\n<p>Mas eles j\u00e1 ter\u00e3o condi\u00e7\u00f5es de aprender uma s\u00e9rie coisas como:<strong> vestir-se, servir seu<\/strong><br \/>\n<strong>pr\u00f3prio prato, guardar uma s\u00e9rie de materiais e objetos da casa em seus devidos lugares,<\/strong><br \/>\n<strong>como seus pr\u00f3prios brinquedos.<\/strong><\/p>\n<p>Esses exemplos s\u00e3o apenas alguns e n\u00e3o esgotam as muitas possibilidades, mas s\u00e3o o<br \/>\nsuficiente para nos ajudar a entender o que significa criar condi\u00e7\u00f5es para a o exerc\u00edcio da<br \/>\nindepend\u00eancia da crian\u00e7a.<\/p>\n<p>Nessa linha, se as estantes ou potes organizadores forem colocados em uma prateleira muito<br \/>\nalta, a crian\u00e7a ter\u00e1 sempre que chamar seus pais para neles guardar determinado material.<br \/>\nPor isso \u00e9 importante avaliar os espa\u00e7os, mobili\u00e1rios e materiais da casa e pensar quais<br \/>\nmudan\u00e7as poderiam facilitar uma s\u00e9rie de atividades independentes da crian\u00e7a.<\/p>\n<p>No caso das roupas, nem sempre abrir o guarda-roupa com todo tipo de op\u00e7\u00e3o e pedir para a<br \/>\ncrian\u00e7a de 3 anos escolher o que vestir \u00e9 algo apropriado. Em muitos casos, ser\u00e1 melhor que os<br \/>\npais fa\u00e7am uma pr\u00e9 escolha, avaliando a temperatura do dia, dentre outros fatores, e que<br \/>\ndepois ofere\u00e7am \u00e0 crian\u00e7a a possibilidade de fazer sua escolha dentre as pe\u00e7as que lhe foram<br \/>\nofertadas como op\u00e7\u00f5es.<\/p>\n<p>Assim, al\u00e9m de todas as coisas e situa\u00e7\u00f5es que podemos buscar melhorar e adaptar para ajudar<br \/>\nnossos filhos no exerc\u00edcio de se tornarem gradualmente mais independentes, \u00e9 fundamental<br \/>\nconsiderarmos nossas atitudes adultas.<\/p>\n<p>Esse \u00e9 por si s\u00f3 um tema vasto, mas vale chamarmos a aten\u00e7\u00e3o para um elemento\u00a0insubstitu\u00edvel que \u00e9 a necessidade de paci\u00eancia. Sem ela permeando nossos gestos, ser\u00e1 muito dif\u00edcil que nossos filhos encontrem espa\u00e7o para sua individua\u00e7\u00e3o, <a href=\"https:\/\/www.colegioflorenca.com.br\/blog\/limites-leis-natureza\/\">pois a cada tentativa de\u00a0realizar algo por si<\/a>, ser\u00e3o interrompidos pelas nossas a\u00e7\u00f5es velozes e mais assertivas.<\/p>\n<p>De fato, n\u00f3s adultos podemos fazer em segundos algo que uma crian\u00e7a pequena levar\u00e1 mais<br \/>\ntempo. Entretanto, estamos tratando de como educar uma crian\u00e7a, e se esse for\u00a0realmente nosso objetivo, teremos que desenvolver a preciosa virtude da paci\u00eancia, que coroa\u00a0todo processo educacional. Ela nos levar\u00e1 a tolerar erros e demoras de nossos pequeninos sem\u00a0nos perturbarmos, e mais do que isso, sentiremos a grande alegria de saber que essas atitudes\u00a0estar\u00e3o possibilitando a eles a oportunidade de aprender.<\/p>\n<p>Por finalizamos essa breve exposi\u00e7\u00e3o, devemos considerar a necessidade de compreendermos<br \/>\nnossas crian\u00e7as durante a transformadora fase dos 3 anos.<\/p>\n<p>Qualquer mudan\u00e7a envolve inseguran\u00e7a, ansiedade e conflitos, e na medida em que tomamos consci\u00eancia de que essas\u00a0manifesta\u00e7\u00f5es podemos ocorrer e as encaramos com naturalidade. Sem nos alarmarmos,\u00a0nossos filhos poder\u00e3o apoiar-se em nossa seguran\u00e7a para atravessar com mais facilidade essa\u00a0importante fase de seu desenvolvimento.<\/p>\n","protected":false},"excerpt":{"rendered":"<p>Quest\u00f5es sobre como educar uma crian\u00e7a de 3 anos certamente far\u00e3o parte da vida de qualquer pai ou m\u00e3e. E o motivo para essa afirma\u00e7\u00e3o n\u00e3o \u00e9 apenas o fato de que essa idade um dia chegar\u00e1, mas, para al\u00e9m disso, o terceiro ano de vida representa um momento de grandes transforma\u00e7\u00f5es na vida infantil. [&hellip;]<\/p>\n","protected":false},"author":3,"featured_media":1741,"comment_status":"open","ping_status":"open","sticky":false,"template":"","format":"standard","meta":{"footnotes":""},"categories":[3],"tags":[],"class_list":["post-1732","post","type-post","status-publish","format-standard","has-post-thumbnail","hentry","category-3-6-anos"],"yoast_head":"<!-- This site is optimized with the Yoast SEO plugin v17.1 - https:\/\/yoast.com\/wordpress\/plugins\/seo\/ -->\n<title>Como educar uma crian\u00e7a de 3 anos: aspectos fundamentais<\/title>\n<meta name=\"description\" content=\"Quest\u00f5es sobre como educar uma crian\u00e7a de 3 anos fazem parte da vida de qualquer pai, pois o terceiro ano de vida representa um momento crucial na inf\u00e2ncia.\" \/>\n<meta name=\"robots\" content=\"index, follow, max-snippet:-1, max-image-preview:large, max-video-preview:-1\" \/>\n<link rel=\"canonical\" href=\"https:\/\/www.colegioflorenca.com.br\/blog\/como-educar-crianca-3-anos-aspectos-fundamentais\/\" \/>\n<meta property=\"og:locale\" content=\"pt_BR\" \/>\n<meta property=\"og:type\" content=\"article\" \/>\n<meta property=\"og:title\" content=\"Como educar uma crian\u00e7a de 3 anos: aspectos fundamentais\" \/>\n<meta property=\"og:description\" content=\"Quest\u00f5es sobre como educar uma crian\u00e7a de 3 anos fazem parte da vida de qualquer pai, pois o terceiro ano de vida representa um momento crucial na inf\u00e2ncia.\" \/>\n<meta property=\"og:url\" content=\"https:\/\/www.colegioflorenca.com.br\/blog\/como-educar-crianca-3-anos-aspectos-fundamentais\/\" \/>\n<meta property=\"og:site_name\" content=\"Blog do Col\u00e9gio Acad\u00eamico Floren\u00e7a\" \/>\n<meta property=\"article:publisher\" content=\"https:\/\/www.facebook.com\/colegioflorenca\" \/>\n<meta property=\"article:published_time\" content=\"2019-10-24T20:28:07+00:00\" \/>\n<meta property=\"article:modified_time\" content=\"2019-10-25T00:04:09+00:00\" \/>\n<meta property=\"og:image\" content=\"https:\/\/www.colegioflorenca.com.br\/blog\/wp-content\/uploads\/2019\/10\/como-educar-crianca-3-anos-aspectos-fundamentais.png\" \/>\n\t<meta property=\"og:image:width\" content=\"1232\" \/>\n\t<meta property=\"og:image:height\" content=\"814\" \/>\n<meta name=\"twitter:card\" content=\"summary_large_image\" \/>\n<meta name=\"twitter:label1\" content=\"Escrito por\" \/>\n\t<meta name=\"twitter:data1\" content=\"Roger Hansen\" \/>\n\t<meta name=\"twitter:label2\" content=\"Est. tempo de leitura\" \/>\n\t<meta name=\"twitter:data2\" content=\"5 minutos\" \/>\n<script type=\"application\/ld+json\" class=\"yoast-schema-graph\">{\"@context\":\"https:\/\/schema.org\",\"@graph\":[{\"@type\":\"WebSite\",\"@id\":\"https:\/\/www.colegioflorenca.com.br\/blog\/#website\",\"url\":\"https:\/\/www.colegioflorenca.com.br\/blog\/\",\"name\":\"Col\\u00e9gio Acad\\u00eamico Floren\\u00e7a\",\"description\":\"Col\\u00e9gio Floren\\u00e7a - Escola Infantil em Florian\\u00f3polis\",\"potentialAction\":[{\"@type\":\"SearchAction\",\"target\":{\"@type\":\"EntryPoint\",\"urlTemplate\":\"https:\/\/www.colegioflorenca.com.br\/blog\/?s={search_term_string}\"},\"query-input\":\"required name=search_term_string\"}],\"inLanguage\":\"pt-BR\"},{\"@type\":\"ImageObject\",\"@id\":\"https:\/\/www.colegioflorenca.com.br\/blog\/como-educar-crianca-3-anos-aspectos-fundamentais\/#primaryimage\",\"inLanguage\":\"pt-BR\",\"url\":\"https:\/\/www.colegioflorenca.com.br\/blog\/wp-content\/uploads\/2019\/10\/como-educar-crianca-3-anos-aspectos-fundamentais.png\",\"contentUrl\":\"https:\/\/www.colegioflorenca.com.br\/blog\/wp-content\/uploads\/2019\/10\/como-educar-crianca-3-anos-aspectos-fundamentais.png\",\"width\":1232,\"height\":814,\"caption\":\"Como educar uma crian\\u00e7a de 3 anos, crian\\u00e7a sorrindo na escola infantil\"},{\"@type\":\"WebPage\",\"@id\":\"https:\/\/www.colegioflorenca.com.br\/blog\/como-educar-crianca-3-anos-aspectos-fundamentais\/#webpage\",\"url\":\"https:\/\/www.colegioflorenca.com.br\/blog\/como-educar-crianca-3-anos-aspectos-fundamentais\/\",\"name\":\"Como educar uma crian\\u00e7a de 3 anos: aspectos fundamentais\",\"isPartOf\":{\"@id\":\"https:\/\/www.colegioflorenca.com.br\/blog\/#website\"},\"primaryImageOfPage\":{\"@id\":\"https:\/\/www.colegioflorenca.com.br\/blog\/como-educar-crianca-3-anos-aspectos-fundamentais\/#primaryimage\"},\"datePublished\":\"2019-10-24T20:28:07+00:00\",\"dateModified\":\"2019-10-25T00:04:09+00:00\",\"author\":{\"@id\":\"https:\/\/www.colegioflorenca.com.br\/blog\/#\/schema\/person\/7076e3d7f10a3cbbabe383fbcce59db6\"},\"description\":\"Quest\\u00f5es sobre como educar uma crian\\u00e7a de 3 anos fazem parte da vida de qualquer pai, pois o terceiro ano de vida representa um momento crucial na inf\\u00e2ncia.\",\"breadcrumb\":{\"@id\":\"https:\/\/www.colegioflorenca.com.br\/blog\/como-educar-crianca-3-anos-aspectos-fundamentais\/#breadcrumb\"},\"inLanguage\":\"pt-BR\",\"potentialAction\":[{\"@type\":\"ReadAction\",\"target\":[\"https:\/\/www.colegioflorenca.com.br\/blog\/como-educar-crianca-3-anos-aspectos-fundamentais\/\"]}]},{\"@type\":\"BreadcrumbList\",\"@id\":\"https:\/\/www.colegioflorenca.com.br\/blog\/como-educar-crianca-3-anos-aspectos-fundamentais\/#breadcrumb\",\"itemListElement\":[{\"@type\":\"ListItem\",\"position\":1,\"name\":\"In\\u00edcio\",\"item\":\"https:\/\/www.colegioflorenca.com.br\/blog\/\"},{\"@type\":\"ListItem\",\"position\":2,\"name\":\"Como educar uma crian\\u00e7a de 3 anos: aspectos fundamentais\"}]},{\"@type\":\"Person\",\"@id\":\"https:\/\/www.colegioflorenca.com.br\/blog\/#\/schema\/person\/7076e3d7f10a3cbbabe383fbcce59db6\",\"name\":\"Roger Hansen\",\"image\":{\"@type\":\"ImageObject\",\"@id\":\"https:\/\/www.colegioflorenca.com.br\/blog\/#personlogo\",\"inLanguage\":\"pt-BR\",\"url\":\"https:\/\/secure.gravatar.com\/avatar\/e2ef08a94be87b42af20bf042f8c0648bcb8d48f04019837fe913ffc9189ba1c?s=96&d=mm&r=g\",\"contentUrl\":\"https:\/\/secure.gravatar.com\/avatar\/e2ef08a94be87b42af20bf042f8c0648bcb8d48f04019837fe913ffc9189ba1c?s=96&d=mm&r=g\",\"caption\":\"Roger Hansen\"},\"description\":\"Diretor do Col\\u00e9gio Acad\\u00eamico Floren\\u00e7a, Doutor em Educa\\u00e7\\u00e3o e pesquisador da inf\\u00e2ncia h\\u00e1 quase 15 anos. Segue conduzindo seus estudos e pesquisas aliados a uma profunda experi\\u00eancia pr\\u00e1tica em contato direto com as crian\\u00e7as e educadores. Autor dos livros Pedagogia Floren\\u00e7a 1 - bases para educa\\u00e7\\u00e3o infantil de 0 a 3 anos e\\u00a0 O Lenhador.\"}]}<\/script>\n<!-- \/ Yoast SEO plugin. -->","yoast_head_json":{"title":"Como educar uma crian\u00e7a de 3 anos: aspectos fundamentais","description":"Quest\u00f5es sobre como educar uma crian\u00e7a de 3 anos fazem parte da vida de qualquer pai, pois o terceiro ano de vida representa um momento crucial na inf\u00e2ncia.","robots":{"index":"index","follow":"follow","max-snippet":"max-snippet:-1","max-image-preview":"max-image-preview:large","max-video-preview":"max-video-preview:-1"},"canonical":"https:\/\/www.colegioflorenca.com.br\/blog\/como-educar-crianca-3-anos-aspectos-fundamentais\/","og_locale":"pt_BR","og_type":"article","og_title":"Como educar uma crian\u00e7a de 3 anos: aspectos fundamentais","og_description":"Quest\u00f5es sobre como educar uma crian\u00e7a de 3 anos fazem parte da vida de qualquer pai, pois o terceiro ano de vida representa um momento crucial na inf\u00e2ncia.","og_url":"https:\/\/www.colegioflorenca.com.br\/blog\/como-educar-crianca-3-anos-aspectos-fundamentais\/","og_site_name":"Blog do Col\u00e9gio Acad\u00eamico Floren\u00e7a","article_publisher":"https:\/\/www.facebook.com\/colegioflorenca","article_published_time":"2019-10-24T20:28:07+00:00","article_modified_time":"2019-10-25T00:04:09+00:00","og_image":[{"width":1232,"height":814,"url":"https:\/\/www.colegioflorenca.com.br\/blog\/wp-content\/uploads\/2019\/10\/como-educar-crianca-3-anos-aspectos-fundamentais.png","path":"\/home\/u505644395\/domains\/colegioflorenca.com.br\/public_html\/blog\/wp-content\/uploads\/2019\/10\/como-educar-crianca-3-anos-aspectos-fundamentais.png","size":"full","id":1741,"alt":"Como educar uma crian\u00e7a de 3 anos, crian\u00e7a sorrindo na escola infantil","pixels":1002848,"type":"image\/png"}],"twitter_card":"summary_large_image","twitter_misc":{"Escrito por":"Roger Hansen","Est. tempo de leitura":"5 minutos"},"schema":{"@context":"https:\/\/schema.org","@graph":[{"@type":"WebSite","@id":"https:\/\/www.colegioflorenca.com.br\/blog\/#website","url":"https:\/\/www.colegioflorenca.com.br\/blog\/","name":"Col\u00e9gio Acad\u00eamico Floren\u00e7a","description":"Col\u00e9gio Floren\u00e7a - Escola Infantil em Florian\u00f3polis","potentialAction":[{"@type":"SearchAction","target":{"@type":"EntryPoint","urlTemplate":"https:\/\/www.colegioflorenca.com.br\/blog\/?s={search_term_string}"},"query-input":"required name=search_term_string"}],"inLanguage":"pt-BR"},{"@type":"ImageObject","@id":"https:\/\/www.colegioflorenca.com.br\/blog\/como-educar-crianca-3-anos-aspectos-fundamentais\/#primaryimage","inLanguage":"pt-BR","url":"https:\/\/www.colegioflorenca.com.br\/blog\/wp-content\/uploads\/2019\/10\/como-educar-crianca-3-anos-aspectos-fundamentais.png","contentUrl":"https:\/\/www.colegioflorenca.com.br\/blog\/wp-content\/uploads\/2019\/10\/como-educar-crianca-3-anos-aspectos-fundamentais.png","width":1232,"height":814,"caption":"Como educar uma crian\u00e7a de 3 anos, crian\u00e7a sorrindo na escola infantil"},{"@type":"WebPage","@id":"https:\/\/www.colegioflorenca.com.br\/blog\/como-educar-crianca-3-anos-aspectos-fundamentais\/#webpage","url":"https:\/\/www.colegioflorenca.com.br\/blog\/como-educar-crianca-3-anos-aspectos-fundamentais\/","name":"Como educar uma crian\u00e7a de 3 anos: aspectos fundamentais","isPartOf":{"@id":"https:\/\/www.colegioflorenca.com.br\/blog\/#website"},"primaryImageOfPage":{"@id":"https:\/\/www.colegioflorenca.com.br\/blog\/como-educar-crianca-3-anos-aspectos-fundamentais\/#primaryimage"},"datePublished":"2019-10-24T20:28:07+00:00","dateModified":"2019-10-25T00:04:09+00:00","author":{"@id":"https:\/\/www.colegioflorenca.com.br\/blog\/#\/schema\/person\/7076e3d7f10a3cbbabe383fbcce59db6"},"description":"Quest\u00f5es sobre como educar uma crian\u00e7a de 3 anos fazem parte da vida de qualquer pai, pois o terceiro ano de vida representa um momento crucial na inf\u00e2ncia.","breadcrumb":{"@id":"https:\/\/www.colegioflorenca.com.br\/blog\/como-educar-crianca-3-anos-aspectos-fundamentais\/#breadcrumb"},"inLanguage":"pt-BR","potentialAction":[{"@type":"ReadAction","target":["https:\/\/www.colegioflorenca.com.br\/blog\/como-educar-crianca-3-anos-aspectos-fundamentais\/"]}]},{"@type":"BreadcrumbList","@id":"https:\/\/www.colegioflorenca.com.br\/blog\/como-educar-crianca-3-anos-aspectos-fundamentais\/#breadcrumb","itemListElement":[{"@type":"ListItem","position":1,"name":"In\u00edcio","item":"https:\/\/www.colegioflorenca.com.br\/blog\/"},{"@type":"ListItem","position":2,"name":"Como educar uma crian\u00e7a de 3 anos: aspectos fundamentais"}]},{"@type":"Person","@id":"https:\/\/www.colegioflorenca.com.br\/blog\/#\/schema\/person\/7076e3d7f10a3cbbabe383fbcce59db6","name":"Roger Hansen","image":{"@type":"ImageObject","@id":"https:\/\/www.colegioflorenca.com.br\/blog\/#personlogo","inLanguage":"pt-BR","url":"https:\/\/secure.gravatar.com\/avatar\/e2ef08a94be87b42af20bf042f8c0648bcb8d48f04019837fe913ffc9189ba1c?s=96&d=mm&r=g","contentUrl":"https:\/\/secure.gravatar.com\/avatar\/e2ef08a94be87b42af20bf042f8c0648bcb8d48f04019837fe913ffc9189ba1c?s=96&d=mm&r=g","caption":"Roger Hansen"},"description":"Diretor do Col\u00e9gio Acad\u00eamico Floren\u00e7a, Doutor em Educa\u00e7\u00e3o e pesquisador da inf\u00e2ncia h\u00e1 quase 15 anos. Segue conduzindo seus estudos e pesquisas aliados a uma profunda experi\u00eancia pr\u00e1tica em contato direto com as crian\u00e7as e educadores. Autor dos livros Pedagogia Floren\u00e7a 1 - bases para educa\u00e7\u00e3o infantil de 0 a 3 anos e\u00a0 O Lenhador."}]}},"_links":{"self":[{"href":"https:\/\/www.colegioflorenca.com.br\/blog\/wp-json\/wp\/v2\/posts\/1732","targetHints":{"allow":["GET"]}}],"collection":[{"href":"https:\/\/www.colegioflorenca.com.br\/blog\/wp-json\/wp\/v2\/posts"}],"about":[{"href":"https:\/\/www.colegioflorenca.com.br\/blog\/wp-json\/wp\/v2\/types\/post"}],"author":[{"embeddable":true,"href":"https:\/\/www.colegioflorenca.com.br\/blog\/wp-json\/wp\/v2\/users\/3"}],"replies":[{"embeddable":true,"href":"https:\/\/www.colegioflorenca.com.br\/blog\/wp-json\/wp\/v2\/comments?post=1732"}],"version-history":[{"count":3,"href":"https:\/\/www.colegioflorenca.com.br\/blog\/wp-json\/wp\/v2\/posts\/1732\/revisions"}],"predecessor-version":[{"id":1742,"href":"https:\/\/www.colegioflorenca.com.br\/blog\/wp-json\/wp\/v2\/posts\/1732\/revisions\/1742"}],"wp:featuredmedia":[{"embeddable":true,"href":"https:\/\/www.colegioflorenca.com.br\/blog\/wp-json\/wp\/v2\/media\/1741"}],"wp:attachment":[{"href":"https:\/\/www.colegioflorenca.com.br\/blog\/wp-json\/wp\/v2\/media?parent=1732"}],"wp:term":[{"taxonomy":"category","embeddable":true,"href":"https:\/\/www.colegioflorenca.com.br\/blog\/wp-json\/wp\/v2\/categories?post=1732"},{"taxonomy":"post_tag","embeddable":true,"href":"https:\/\/www.colegioflorenca.com.br\/blog\/wp-json\/wp\/v2\/tags?post=1732"}],"curies":[{"name":"wp","href":"https:\/\/api.w.org\/{rel}","templated":true}]}}