{"id":1753,"date":"2019-10-13T16:26:57","date_gmt":"2019-10-13T19:26:57","guid":{"rendered":"https:\/\/www.colegioflorenca.com.br\/blog\/?p=1753"},"modified":"2019-12-13T16:32:09","modified_gmt":"2019-12-13T19:32:09","slug":"musicalizacao-colegio-florenca","status":"publish","type":"post","link":"https:\/\/www.colegioflorenca.com.br\/blog\/musicalizacao-colegio-florenca\/","title":{"rendered":"Playlist &#8211; Musicaliza\u00e7\u00e3o Col\u00e9gio Floren\u00e7a"},"content":{"rendered":"<p>Confira algumas m\u00fasicas selecionadas pelo Col\u00e9gio Floren\u00e7a, trabalhadas nas aulas de musicaliza\u00e7\u00e3o.<\/p>\n<p><iframe loading=\"lazy\" width=\"1000\" height=\"563\" src=\"https:\/\/www.youtube.com\/embed\/videoseries?list=PL6uqWGaF9BPNKg_jlzd1EOaFqTf5tAcTC\" frameborder=\"0\" allow=\"accelerometer; autoplay; encrypted-media; gyroscope; picture-in-picture\" allowfullscreen><\/iframe><\/p>\n","protected":false},"excerpt":{"rendered":"<p>Confira algumas m\u00fasicas selecionadas pelo Col\u00e9gio Floren\u00e7a, trabalhadas nas aulas de musicaliza\u00e7\u00e3o.<\/p>\n","protected":false},"author":2,"featured_media":0,"comment_status":"open","ping_status":"open","sticky":false,"template":"","format":"standard","meta":{"footnotes":""},"categories":[317],"tags":[],"class_list":["post-1753","post","type-post","status-publish","format-standard","hentry","category-materiais-educativos"],"yoast_head":"<!-- This site is optimized with the Yoast SEO plugin v17.1 - https:\/\/yoast.com\/wordpress\/plugins\/seo\/ -->\n<title>Playlist - Musicaliza\u00e7\u00e3o Col\u00e9gio Floren\u00e7a - Blog do Col\u00e9gio Acad\u00eamico Floren\u00e7a<\/title>\n<meta name=\"robots\" content=\"index, follow, max-snippet:-1, max-image-preview:large, max-video-preview:-1\" \/>\n<link rel=\"canonical\" href=\"https:\/\/www.colegioflorenca.com.br\/blog\/musicalizacao-colegio-florenca\/\" \/>\n<meta property=\"og:locale\" content=\"pt_BR\" \/>\n<meta property=\"og:type\" content=\"article\" \/>\n<meta property=\"og:title\" content=\"Playlist - Musicaliza\u00e7\u00e3o Col\u00e9gio Floren\u00e7a - Blog do Col\u00e9gio Acad\u00eamico Floren\u00e7a\" \/>\n<meta property=\"og:description\" content=\"Confira algumas m\u00fasicas selecionadas pelo Col\u00e9gio Floren\u00e7a, trabalhadas nas aulas de musicaliza\u00e7\u00e3o.\" \/>\n<meta property=\"og:url\" content=\"https:\/\/www.colegioflorenca.com.br\/blog\/musicalizacao-colegio-florenca\/\" \/>\n<meta property=\"og:site_name\" content=\"Blog do Col\u00e9gio Acad\u00eamico Floren\u00e7a\" \/>\n<meta property=\"article:publisher\" content=\"https:\/\/www.facebook.com\/colegioflorenca\" \/>\n<meta property=\"article:published_time\" content=\"2019-10-13T19:26:57+00:00\" \/>\n<meta property=\"article:modified_time\" content=\"2019-12-13T19:32:09+00:00\" \/>\n<meta name=\"twitter:card\" content=\"summary_large_image\" \/>\n<meta name=\"twitter:label1\" content=\"Escrito por\" \/>\n\t<meta name=\"twitter:data1\" content=\"Col\u00e9gio Acad\u00eamico Floren\u00e7a\" \/>\n<script type=\"application\/ld+json\" class=\"yoast-schema-graph\">{\"@context\":\"https:\/\/schema.org\",\"@graph\":[{\"@type\":\"WebSite\",\"@id\":\"https:\/\/www.colegioflorenca.com.br\/blog\/#website\",\"url\":\"https:\/\/www.colegioflorenca.com.br\/blog\/\",\"name\":\"Col\\u00e9gio Acad\\u00eamico Floren\\u00e7a\",\"description\":\"Col\\u00e9gio Floren\\u00e7a - Escola Infantil em Florian\\u00f3polis\",\"potentialAction\":[{\"@type\":\"SearchAction\",\"target\":{\"@type\":\"EntryPoint\",\"urlTemplate\":\"https:\/\/www.colegioflorenca.com.br\/blog\/?s={search_term_string}\"},\"query-input\":\"required name=search_term_string\"}],\"inLanguage\":\"pt-BR\"},{\"@type\":\"WebPage\",\"@id\":\"https:\/\/www.colegioflorenca.com.br\/blog\/musicalizacao-colegio-florenca\/#webpage\",\"url\":\"https:\/\/www.colegioflorenca.com.br\/blog\/musicalizacao-colegio-florenca\/\",\"name\":\"Playlist - Musicaliza\\u00e7\\u00e3o Col\\u00e9gio Floren\\u00e7a - Blog do Col\\u00e9gio Acad\\u00eamico Floren\\u00e7a\",\"isPartOf\":{\"@id\":\"https:\/\/www.colegioflorenca.com.br\/blog\/#website\"},\"datePublished\":\"2019-10-13T19:26:57+00:00\",\"dateModified\":\"2019-12-13T19:32:09+00:00\",\"author\":{\"@id\":\"https:\/\/www.colegioflorenca.com.br\/blog\/#\/schema\/person\/2458374c87be479da20878054a258042\"},\"breadcrumb\":{\"@id\":\"https:\/\/www.colegioflorenca.com.br\/blog\/musicalizacao-colegio-florenca\/#breadcrumb\"},\"inLanguage\":\"pt-BR\",\"potentialAction\":[{\"@type\":\"ReadAction\",\"target\":[\"https:\/\/www.colegioflorenca.com.br\/blog\/musicalizacao-colegio-florenca\/\"]}]},{\"@type\":\"BreadcrumbList\",\"@id\":\"https:\/\/www.colegioflorenca.com.br\/blog\/musicalizacao-colegio-florenca\/#breadcrumb\",\"itemListElement\":[{\"@type\":\"ListItem\",\"position\":1,\"name\":\"In\\u00edcio\",\"item\":\"https:\/\/www.colegioflorenca.com.br\/blog\/\"},{\"@type\":\"ListItem\",\"position\":2,\"name\":\"Playlist &#8211; Musicaliza\\u00e7\\u00e3o Col\\u00e9gio Floren\\u00e7a\"}]},{\"@type\":\"Person\",\"@id\":\"https:\/\/www.colegioflorenca.com.br\/blog\/#\/schema\/person\/2458374c87be479da20878054a258042\",\"name\":\"Col\\u00e9gio Acad\\u00eamico Floren\\u00e7a\",\"image\":{\"@type\":\"ImageObject\",\"@id\":\"https:\/\/www.colegioflorenca.com.br\/blog\/#personlogo\",\"inLanguage\":\"pt-BR\",\"url\":\"https:\/\/secure.gravatar.com\/avatar\/b6800a4c0c783df797cbd25f80a6cd87233b286b7490112863c0b4e8f2fcc995?s=96&d=mm&r=g\",\"contentUrl\":\"https:\/\/secure.gravatar.com\/avatar\/b6800a4c0c783df797cbd25f80a6cd87233b286b7490112863c0b4e8f2fcc995?s=96&d=mm&r=g\",\"caption\":\"Col\\u00e9gio Acad\\u00eamico Floren\\u00e7a\"},\"description\":\"O Col\\u00e9gio Floren\\u00e7a \\u00e9 uma escola infantil de refer\\u00eancia em Florian\\u00f3polis-SC, cuja pedagogia atrai pais que buscam um trabalho educativo de excel\\u00eancia. Atrav\\u00e9s de anos de pesquisa e de aplica\\u00e7\\u00e3o pr\\u00e1tica desenvolvemos uma metodologia pr\\u00f3pria, aliada \\u00e0s abordagens e estudos de grandes pedagogos do mundo inteiro.\"}]}<\/script>\n<!-- \/ Yoast SEO plugin. -->","yoast_head_json":{"title":"Playlist - Musicaliza\u00e7\u00e3o Col\u00e9gio Floren\u00e7a - Blog do Col\u00e9gio Acad\u00eamico Floren\u00e7a","robots":{"index":"index","follow":"follow","max-snippet":"max-snippet:-1","max-image-preview":"max-image-preview:large","max-video-preview":"max-video-preview:-1"},"canonical":"https:\/\/www.colegioflorenca.com.br\/blog\/musicalizacao-colegio-florenca\/","og_locale":"pt_BR","og_type":"article","og_title":"Playlist - Musicaliza\u00e7\u00e3o Col\u00e9gio Floren\u00e7a - Blog do Col\u00e9gio Acad\u00eamico Floren\u00e7a","og_description":"Confira algumas m\u00fasicas selecionadas pelo Col\u00e9gio Floren\u00e7a, trabalhadas nas aulas de musicaliza\u00e7\u00e3o.","og_url":"https:\/\/www.colegioflorenca.com.br\/blog\/musicalizacao-colegio-florenca\/","og_site_name":"Blog do Col\u00e9gio Acad\u00eamico Floren\u00e7a","article_publisher":"https:\/\/www.facebook.com\/colegioflorenca","article_published_time":"2019-10-13T19:26:57+00:00","article_modified_time":"2019-12-13T19:32:09+00:00","twitter_card":"summary_large_image","twitter_misc":{"Escrito por":"Col\u00e9gio Acad\u00eamico Floren\u00e7a"},"schema":{"@context":"https:\/\/schema.org","@graph":[{"@type":"WebSite","@id":"https:\/\/www.colegioflorenca.com.br\/blog\/#website","url":"https:\/\/www.colegioflorenca.com.br\/blog\/","name":"Col\u00e9gio Acad\u00eamico Floren\u00e7a","description":"Col\u00e9gio Floren\u00e7a - Escola Infantil em Florian\u00f3polis","potentialAction":[{"@type":"SearchAction","target":{"@type":"EntryPoint","urlTemplate":"https:\/\/www.colegioflorenca.com.br\/blog\/?s={search_term_string}"},"query-input":"required name=search_term_string"}],"inLanguage":"pt-BR"},{"@type":"WebPage","@id":"https:\/\/www.colegioflorenca.com.br\/blog\/musicalizacao-colegio-florenca\/#webpage","url":"https:\/\/www.colegioflorenca.com.br\/blog\/musicalizacao-colegio-florenca\/","name":"Playlist - Musicaliza\u00e7\u00e3o Col\u00e9gio Floren\u00e7a - Blog do Col\u00e9gio Acad\u00eamico Floren\u00e7a","isPartOf":{"@id":"https:\/\/www.colegioflorenca.com.br\/blog\/#website"},"datePublished":"2019-10-13T19:26:57+00:00","dateModified":"2019-12-13T19:32:09+00:00","author":{"@id":"https:\/\/www.colegioflorenca.com.br\/blog\/#\/schema\/person\/2458374c87be479da20878054a258042"},"breadcrumb":{"@id":"https:\/\/www.colegioflorenca.com.br\/blog\/musicalizacao-colegio-florenca\/#breadcrumb"},"inLanguage":"pt-BR","potentialAction":[{"@type":"ReadAction","target":["https:\/\/www.colegioflorenca.com.br\/blog\/musicalizacao-colegio-florenca\/"]}]},{"@type":"BreadcrumbList","@id":"https:\/\/www.colegioflorenca.com.br\/blog\/musicalizacao-colegio-florenca\/#breadcrumb","itemListElement":[{"@type":"ListItem","position":1,"name":"In\u00edcio","item":"https:\/\/www.colegioflorenca.com.br\/blog\/"},{"@type":"ListItem","position":2,"name":"Playlist &#8211; Musicaliza\u00e7\u00e3o Col\u00e9gio Floren\u00e7a"}]},{"@type":"Person","@id":"https:\/\/www.colegioflorenca.com.br\/blog\/#\/schema\/person\/2458374c87be479da20878054a258042","name":"Col\u00e9gio Acad\u00eamico Floren\u00e7a","image":{"@type":"ImageObject","@id":"https:\/\/www.colegioflorenca.com.br\/blog\/#personlogo","inLanguage":"pt-BR","url":"https:\/\/secure.gravatar.com\/avatar\/b6800a4c0c783df797cbd25f80a6cd87233b286b7490112863c0b4e8f2fcc995?s=96&d=mm&r=g","contentUrl":"https:\/\/secure.gravatar.com\/avatar\/b6800a4c0c783df797cbd25f80a6cd87233b286b7490112863c0b4e8f2fcc995?s=96&d=mm&r=g","caption":"Col\u00e9gio Acad\u00eamico Floren\u00e7a"},"description":"O Col\u00e9gio Floren\u00e7a \u00e9 uma escola infantil de refer\u00eancia em Florian\u00f3polis-SC, cuja pedagogia atrai pais que buscam um trabalho educativo de excel\u00eancia. Atrav\u00e9s de anos de pesquisa e de aplica\u00e7\u00e3o pr\u00e1tica desenvolvemos uma metodologia pr\u00f3pria, aliada \u00e0s abordagens e estudos de grandes pedagogos do mundo inteiro."}]}},"_links":{"self":[{"href":"https:\/\/www.colegioflorenca.com.br\/blog\/wp-json\/wp\/v2\/posts\/1753","targetHints":{"allow":["GET"]}}],"collection":[{"href":"https:\/\/www.colegioflorenca.com.br\/blog\/wp-json\/wp\/v2\/posts"}],"about":[{"href":"https:\/\/www.colegioflorenca.com.br\/blog\/wp-json\/wp\/v2\/types\/post"}],"author":[{"embeddable":true,"href":"https:\/\/www.colegioflorenca.com.br\/blog\/wp-json\/wp\/v2\/users\/2"}],"replies":[{"embeddable":true,"href":"https:\/\/www.colegioflorenca.com.br\/blog\/wp-json\/wp\/v2\/comments?post=1753"}],"version-history":[{"count":4,"href":"https:\/\/www.colegioflorenca.com.br\/blog\/wp-json\/wp\/v2\/posts\/1753\/revisions"}],"predecessor-version":[{"id":1758,"href":"https:\/\/www.colegioflorenca.com.br\/blog\/wp-json\/wp\/v2\/posts\/1753\/revisions\/1758"}],"wp:attachment":[{"href":"https:\/\/www.colegioflorenca.com.br\/blog\/wp-json\/wp\/v2\/media?parent=1753"}],"wp:term":[{"taxonomy":"category","embeddable":true,"href":"https:\/\/www.colegioflorenca.com.br\/blog\/wp-json\/wp\/v2\/categories?post=1753"},{"taxonomy":"post_tag","embeddable":true,"href":"https:\/\/www.colegioflorenca.com.br\/blog\/wp-json\/wp\/v2\/tags?post=1753"}],"curies":[{"name":"wp","href":"https:\/\/api.w.org\/{rel}","templated":true}]}}