{"id":1774,"date":"2020-02-28T18:28:04","date_gmt":"2020-02-28T21:28:04","guid":{"rendered":"https:\/\/www.colegioflorenca.com.br\/blog\/?p=1774"},"modified":"2020-04-29T17:27:57","modified_gmt":"2020-04-29T20:27:57","slug":"livros-pedagogia-florenca-lancamento","status":"publish","type":"post","link":"https:\/\/www.colegioflorenca.com.br\/blog\/livros-pedagogia-florenca-lancamento\/","title":{"rendered":"Pedagogia Floren\u00e7a: 2 novos Livros s\u00e3o Lan\u00e7ados em Fevereiro"},"content":{"rendered":"<p><i><span style=\"font-weight: 400;\">Dedico este livro aos talentosos educadores da primeira inf\u00e2ncia, aqueles que dominam a delicada arte de ajudar uma crian\u00e7a a dar os primeiros passos na dire\u00e7\u00e3o de ser realmente quem ela \u00e9!<\/span><\/i><\/p>\n<p><span style=\"font-weight: 400;\">Com esta dedicat\u00f3ria\u00a0 o professor Roger Hansen, pesquisador e diretor do Col\u00e9gio Floren\u00e7a inicia a segunda edi\u00e7\u00e3o do livro Pedagogia Floren\u00e7a II &#8211; Bases para a educa\u00e7\u00e3o infantil de 3 a 6 anos. A obra, que d\u00e1 sequ\u00eancia ao livro\u00a0<\/span><a href=\"https:\/\/www.colegioflorenca.com.br\/blog\/livro-pedagogia-florenca\/\"><i><span style=\"font-weight: 400;\">Pedagogia Floren\u00e7a I<\/span><\/i><\/a><span style=\"font-weight: 400;\">, foi um grande sucesso de lan\u00e7amento em S\u00e3o Paulo-SP.<\/span><\/p>\n<p><span style=\"font-weight: 400;\">Segundo Hansen, \u00e9 uma grande alegria poder realizar este trabalho e levar para todo o Brasil conhecimentos especializados dedicados \u00e0 primeira inf\u00e2ncia.<\/span><\/p>\n<p><span style=\"font-weight: 400;\">&#8220;Geralmente os estudos e esfor\u00e7os educativos se concentram nas idades mais avan\u00e7adas em nosso pa\u00eds e no mundo todo. Entretanto, a Pedagogia Floren\u00e7a tem destacado que a primeira inf\u00e2ncia \u00e9 o momento de maior import\u00e2ncia para a educa\u00e7\u00e3o e o desenvolvimento do\u00a0 ser humano&#8221; &#8211; afirma Roger.<\/span><\/p>\n<p><span style=\"font-weight: 400;\">Al\u00e9m do livro Pedagogia Floren\u00e7a II, a noite de novidades teve ainda o lan\u00e7amento do segundo volume da Cole\u00e7\u00e3o \u201cO Belo Reino\u201d, iniciada com a obra <a href=\"https:\/\/www.colegioflorenca.com.br\/blog\/lenhador-contos-de-fadas-lancamento\/\">O Lenhador<\/a>. O livro apresenta o conto Rumpelstiltskin, cl\u00e1ssico germ\u00e2nico compilado pelos <a href=\"https:\/\/pt.wikipedia.org\/wiki\/Irm%C3%A3os_Grimm\">irm\u00e3os Grimm<\/a>, bem como a interpreta\u00e7\u00e3o simb\u00f3lica desenvolvida pelo autor Roger Hansen, al\u00e9m de trazer tamb\u00e9m chaves, e orienta\u00e7\u00f5es pedag\u00f3gicas para o trabalho com\u00a0 crian\u00e7as.<\/span><\/p>\n<p><span style=\"font-weight: 400;\">Os contos de fadas, explica Roger,\u00a0 s\u00e3o escritos em uma linguagem que toca as crian\u00e7as profundamente e por isso representam uma das principais ferramentas pedag\u00f3gicas para a educa\u00e7\u00e3o na primeira inf\u00e2ncia.<\/span><\/p>\n<p><span style=\"font-weight: 400;\">Al\u00e9m dos lan\u00e7amentos realizados em fevereiro, est\u00e3o previstos mais 2 lan\u00e7amentos para o ano 2020. Mais informa\u00e7\u00f5es sobre cursos, livros e Edi\u00e7\u00f5es Floren\u00e7a podem ser obtidas no <a href=\"http:\/\/pedagogiaflorenca.com.br\/\">site da Pedagogia Floren\u00e7a<\/a>.<\/span><\/p>\n<p>&nbsp;<\/p>\n<p>&nbsp;<\/p>\n<p><a href=\"https:\/\/www.colegioflorenca.com.br\/escola\/\">Clique aqui<\/a> e conhe\u00e7a mais sobre o Col\u00e9gio Floren\u00e7a. Escola Particular Infantil no Santa M\u00f4nica, pr\u00f3xima ao Itacorubi, em Florian\u00f3polis, com Ber\u00e7\u00e1rio e especializa\u00e7\u00e3o na Educa\u00e7\u00e3o Infantil 0 a 6 anos.<\/p>\n","protected":false},"excerpt":{"rendered":"<p>Dedico este livro aos talentosos educadores da primeira inf\u00e2ncia, aqueles que dominam a delicada arte de ajudar uma crian\u00e7a a dar os primeiros passos na dire\u00e7\u00e3o de ser realmente quem ela \u00e9! Com esta dedicat\u00f3ria\u00a0 o professor Roger Hansen, pesquisador e diretor do Col\u00e9gio Floren\u00e7a inicia a segunda edi\u00e7\u00e3o do livro Pedagogia Floren\u00e7a II &#8211; [&hellip;]<\/p>\n","protected":false},"author":2,"featured_media":1775,"comment_status":"open","ping_status":"open","sticky":false,"template":"","format":"standard","meta":{"footnotes":""},"categories":[1],"tags":[],"class_list":["post-1774","post","type-post","status-publish","format-standard","has-post-thumbnail","hentry","category-dicas"],"yoast_head":"<!-- This site is optimized with the Yoast SEO plugin v17.1 - https:\/\/yoast.com\/wordpress\/plugins\/seo\/ -->\n<title>Pedagogia Floren\u00e7a: 2 novos Livros s\u00e3o Lan\u00e7ados em Fevereiro<\/title>\n<meta name=\"description\" content=\"Segundo Hansen, \u00e9 uma grande alegria poder levar, atrav\u00e9s dos livros Pedagogia Floren\u00e7a, conhecimentos especializados dedicados \u00e0 primeira inf\u00e2ncia.\" \/>\n<meta name=\"robots\" content=\"index, follow, max-snippet:-1, max-image-preview:large, max-video-preview:-1\" \/>\n<link rel=\"canonical\" href=\"https:\/\/www.colegioflorenca.com.br\/blog\/livros-pedagogia-florenca-lancamento\/\" \/>\n<meta property=\"og:locale\" content=\"pt_BR\" \/>\n<meta property=\"og:type\" content=\"article\" \/>\n<meta property=\"og:title\" content=\"Pedagogia Floren\u00e7a: 2 novos Livros s\u00e3o Lan\u00e7ados em Fevereiro\" \/>\n<meta property=\"og:description\" content=\"Segundo Hansen, \u00e9 uma grande alegria poder levar, atrav\u00e9s dos livros Pedagogia Floren\u00e7a, conhecimentos especializados dedicados \u00e0 primeira inf\u00e2ncia.\" \/>\n<meta property=\"og:url\" content=\"https:\/\/www.colegioflorenca.com.br\/blog\/livros-pedagogia-florenca-lancamento\/\" \/>\n<meta property=\"og:site_name\" content=\"Blog do Col\u00e9gio Acad\u00eamico Floren\u00e7a\" \/>\n<meta property=\"article:publisher\" content=\"https:\/\/www.facebook.com\/colegioflorenca\" \/>\n<meta property=\"article:published_time\" content=\"2020-02-28T21:28:04+00:00\" \/>\n<meta property=\"article:modified_time\" content=\"2020-04-29T20:27:57+00:00\" \/>\n<meta property=\"og:image\" content=\"https:\/\/www.colegioflorenca.com.br\/blog\/wp-content\/uploads\/2020\/02\/livros-pedagogia-florenca-2020.png\" \/>\n\t<meta property=\"og:image:width\" content=\"1662\" \/>\n\t<meta property=\"og:image:height\" content=\"1246\" \/>\n<meta name=\"twitter:card\" content=\"summary_large_image\" \/>\n<meta name=\"twitter:label1\" content=\"Escrito por\" \/>\n\t<meta name=\"twitter:data1\" content=\"Col\u00e9gio Acad\u00eamico Floren\u00e7a\" \/>\n\t<meta name=\"twitter:label2\" content=\"Est. tempo de leitura\" \/>\n\t<meta name=\"twitter:data2\" content=\"2 minutos\" \/>\n<script type=\"application\/ld+json\" class=\"yoast-schema-graph\">{\"@context\":\"https:\/\/schema.org\",\"@graph\":[{\"@type\":\"WebSite\",\"@id\":\"https:\/\/www.colegioflorenca.com.br\/blog\/#website\",\"url\":\"https:\/\/www.colegioflorenca.com.br\/blog\/\",\"name\":\"Col\\u00e9gio Acad\\u00eamico Floren\\u00e7a\",\"description\":\"Col\\u00e9gio Floren\\u00e7a - Escola Infantil em Florian\\u00f3polis\",\"potentialAction\":[{\"@type\":\"SearchAction\",\"target\":{\"@type\":\"EntryPoint\",\"urlTemplate\":\"https:\/\/www.colegioflorenca.com.br\/blog\/?s={search_term_string}\"},\"query-input\":\"required name=search_term_string\"}],\"inLanguage\":\"pt-BR\"},{\"@type\":\"ImageObject\",\"@id\":\"https:\/\/www.colegioflorenca.com.br\/blog\/livros-pedagogia-florenca-lancamento\/#primaryimage\",\"inLanguage\":\"pt-BR\",\"url\":\"https:\/\/www.colegioflorenca.com.br\/blog\/wp-content\/uploads\/2020\/02\/livros-pedagogia-florenca-2020.png\",\"contentUrl\":\"https:\/\/www.colegioflorenca.com.br\/blog\/wp-content\/uploads\/2020\/02\/livros-pedagogia-florenca-2020.png\",\"width\":1662,\"height\":1246},{\"@type\":\"WebPage\",\"@id\":\"https:\/\/www.colegioflorenca.com.br\/blog\/livros-pedagogia-florenca-lancamento\/#webpage\",\"url\":\"https:\/\/www.colegioflorenca.com.br\/blog\/livros-pedagogia-florenca-lancamento\/\",\"name\":\"Pedagogia Floren\\u00e7a: 2 novos Livros s\\u00e3o Lan\\u00e7ados em Fevereiro\",\"isPartOf\":{\"@id\":\"https:\/\/www.colegioflorenca.com.br\/blog\/#website\"},\"primaryImageOfPage\":{\"@id\":\"https:\/\/www.colegioflorenca.com.br\/blog\/livros-pedagogia-florenca-lancamento\/#primaryimage\"},\"datePublished\":\"2020-02-28T21:28:04+00:00\",\"dateModified\":\"2020-04-29T20:27:57+00:00\",\"author\":{\"@id\":\"https:\/\/www.colegioflorenca.com.br\/blog\/#\/schema\/person\/2458374c87be479da20878054a258042\"},\"description\":\"Segundo Hansen, \\u00e9 uma grande alegria poder levar, atrav\\u00e9s dos livros Pedagogia Floren\\u00e7a, conhecimentos especializados dedicados \\u00e0 primeira inf\\u00e2ncia.\",\"breadcrumb\":{\"@id\":\"https:\/\/www.colegioflorenca.com.br\/blog\/livros-pedagogia-florenca-lancamento\/#breadcrumb\"},\"inLanguage\":\"pt-BR\",\"potentialAction\":[{\"@type\":\"ReadAction\",\"target\":[\"https:\/\/www.colegioflorenca.com.br\/blog\/livros-pedagogia-florenca-lancamento\/\"]}]},{\"@type\":\"BreadcrumbList\",\"@id\":\"https:\/\/www.colegioflorenca.com.br\/blog\/livros-pedagogia-florenca-lancamento\/#breadcrumb\",\"itemListElement\":[{\"@type\":\"ListItem\",\"position\":1,\"name\":\"In\\u00edcio\",\"item\":\"https:\/\/www.colegioflorenca.com.br\/blog\/\"},{\"@type\":\"ListItem\",\"position\":2,\"name\":\"Pedagogia Floren\\u00e7a: 2 novos Livros s\\u00e3o Lan\\u00e7ados em Fevereiro\"}]},{\"@type\":\"Person\",\"@id\":\"https:\/\/www.colegioflorenca.com.br\/blog\/#\/schema\/person\/2458374c87be479da20878054a258042\",\"name\":\"Col\\u00e9gio Acad\\u00eamico Floren\\u00e7a\",\"image\":{\"@type\":\"ImageObject\",\"@id\":\"https:\/\/www.colegioflorenca.com.br\/blog\/#personlogo\",\"inLanguage\":\"pt-BR\",\"url\":\"https:\/\/secure.gravatar.com\/avatar\/b6800a4c0c783df797cbd25f80a6cd87233b286b7490112863c0b4e8f2fcc995?s=96&d=mm&r=g\",\"contentUrl\":\"https:\/\/secure.gravatar.com\/avatar\/b6800a4c0c783df797cbd25f80a6cd87233b286b7490112863c0b4e8f2fcc995?s=96&d=mm&r=g\",\"caption\":\"Col\\u00e9gio Acad\\u00eamico Floren\\u00e7a\"},\"description\":\"O Col\\u00e9gio Floren\\u00e7a \\u00e9 uma escola infantil de refer\\u00eancia em Florian\\u00f3polis-SC, cuja pedagogia atrai pais que buscam um trabalho educativo de excel\\u00eancia. Atrav\\u00e9s de anos de pesquisa e de aplica\\u00e7\\u00e3o pr\\u00e1tica desenvolvemos uma metodologia pr\\u00f3pria, aliada \\u00e0s abordagens e estudos de grandes pedagogos do mundo inteiro.\"}]}<\/script>\n<!-- \/ Yoast SEO plugin. -->","yoast_head_json":{"title":"Pedagogia Floren\u00e7a: 2 novos Livros s\u00e3o Lan\u00e7ados em Fevereiro","description":"Segundo Hansen, \u00e9 uma grande alegria poder levar, atrav\u00e9s dos livros Pedagogia Floren\u00e7a, conhecimentos especializados dedicados \u00e0 primeira inf\u00e2ncia.","robots":{"index":"index","follow":"follow","max-snippet":"max-snippet:-1","max-image-preview":"max-image-preview:large","max-video-preview":"max-video-preview:-1"},"canonical":"https:\/\/www.colegioflorenca.com.br\/blog\/livros-pedagogia-florenca-lancamento\/","og_locale":"pt_BR","og_type":"article","og_title":"Pedagogia Floren\u00e7a: 2 novos Livros s\u00e3o Lan\u00e7ados em Fevereiro","og_description":"Segundo Hansen, \u00e9 uma grande alegria poder levar, atrav\u00e9s dos livros Pedagogia Floren\u00e7a, conhecimentos especializados dedicados \u00e0 primeira inf\u00e2ncia.","og_url":"https:\/\/www.colegioflorenca.com.br\/blog\/livros-pedagogia-florenca-lancamento\/","og_site_name":"Blog do Col\u00e9gio Acad\u00eamico Floren\u00e7a","article_publisher":"https:\/\/www.facebook.com\/colegioflorenca","article_published_time":"2020-02-28T21:28:04+00:00","article_modified_time":"2020-04-29T20:27:57+00:00","og_image":[{"width":1662,"height":1246,"url":"https:\/\/www.colegioflorenca.com.br\/blog\/wp-content\/uploads\/2020\/02\/livros-pedagogia-florenca-2020.png","path":"\/home\/u505644395\/domains\/colegioflorenca.com.br\/public_html\/blog\/wp-content\/uploads\/2020\/02\/livros-pedagogia-florenca-2020.png","size":"full","id":1775,"alt":"","pixels":2070852,"type":"image\/png"}],"twitter_card":"summary_large_image","twitter_misc":{"Escrito por":"Col\u00e9gio Acad\u00eamico Floren\u00e7a","Est. tempo de leitura":"2 minutos"},"schema":{"@context":"https:\/\/schema.org","@graph":[{"@type":"WebSite","@id":"https:\/\/www.colegioflorenca.com.br\/blog\/#website","url":"https:\/\/www.colegioflorenca.com.br\/blog\/","name":"Col\u00e9gio Acad\u00eamico Floren\u00e7a","description":"Col\u00e9gio Floren\u00e7a - Escola Infantil em Florian\u00f3polis","potentialAction":[{"@type":"SearchAction","target":{"@type":"EntryPoint","urlTemplate":"https:\/\/www.colegioflorenca.com.br\/blog\/?s={search_term_string}"},"query-input":"required name=search_term_string"}],"inLanguage":"pt-BR"},{"@type":"ImageObject","@id":"https:\/\/www.colegioflorenca.com.br\/blog\/livros-pedagogia-florenca-lancamento\/#primaryimage","inLanguage":"pt-BR","url":"https:\/\/www.colegioflorenca.com.br\/blog\/wp-content\/uploads\/2020\/02\/livros-pedagogia-florenca-2020.png","contentUrl":"https:\/\/www.colegioflorenca.com.br\/blog\/wp-content\/uploads\/2020\/02\/livros-pedagogia-florenca-2020.png","width":1662,"height":1246},{"@type":"WebPage","@id":"https:\/\/www.colegioflorenca.com.br\/blog\/livros-pedagogia-florenca-lancamento\/#webpage","url":"https:\/\/www.colegioflorenca.com.br\/blog\/livros-pedagogia-florenca-lancamento\/","name":"Pedagogia Floren\u00e7a: 2 novos Livros s\u00e3o Lan\u00e7ados em Fevereiro","isPartOf":{"@id":"https:\/\/www.colegioflorenca.com.br\/blog\/#website"},"primaryImageOfPage":{"@id":"https:\/\/www.colegioflorenca.com.br\/blog\/livros-pedagogia-florenca-lancamento\/#primaryimage"},"datePublished":"2020-02-28T21:28:04+00:00","dateModified":"2020-04-29T20:27:57+00:00","author":{"@id":"https:\/\/www.colegioflorenca.com.br\/blog\/#\/schema\/person\/2458374c87be479da20878054a258042"},"description":"Segundo Hansen, \u00e9 uma grande alegria poder levar, atrav\u00e9s dos livros Pedagogia Floren\u00e7a, conhecimentos especializados dedicados \u00e0 primeira inf\u00e2ncia.","breadcrumb":{"@id":"https:\/\/www.colegioflorenca.com.br\/blog\/livros-pedagogia-florenca-lancamento\/#breadcrumb"},"inLanguage":"pt-BR","potentialAction":[{"@type":"ReadAction","target":["https:\/\/www.colegioflorenca.com.br\/blog\/livros-pedagogia-florenca-lancamento\/"]}]},{"@type":"BreadcrumbList","@id":"https:\/\/www.colegioflorenca.com.br\/blog\/livros-pedagogia-florenca-lancamento\/#breadcrumb","itemListElement":[{"@type":"ListItem","position":1,"name":"In\u00edcio","item":"https:\/\/www.colegioflorenca.com.br\/blog\/"},{"@type":"ListItem","position":2,"name":"Pedagogia Floren\u00e7a: 2 novos Livros s\u00e3o Lan\u00e7ados em Fevereiro"}]},{"@type":"Person","@id":"https:\/\/www.colegioflorenca.com.br\/blog\/#\/schema\/person\/2458374c87be479da20878054a258042","name":"Col\u00e9gio Acad\u00eamico Floren\u00e7a","image":{"@type":"ImageObject","@id":"https:\/\/www.colegioflorenca.com.br\/blog\/#personlogo","inLanguage":"pt-BR","url":"https:\/\/secure.gravatar.com\/avatar\/b6800a4c0c783df797cbd25f80a6cd87233b286b7490112863c0b4e8f2fcc995?s=96&d=mm&r=g","contentUrl":"https:\/\/secure.gravatar.com\/avatar\/b6800a4c0c783df797cbd25f80a6cd87233b286b7490112863c0b4e8f2fcc995?s=96&d=mm&r=g","caption":"Col\u00e9gio Acad\u00eamico Floren\u00e7a"},"description":"O Col\u00e9gio Floren\u00e7a \u00e9 uma escola infantil de refer\u00eancia em Florian\u00f3polis-SC, cuja pedagogia atrai pais que buscam um trabalho educativo de excel\u00eancia. Atrav\u00e9s de anos de pesquisa e de aplica\u00e7\u00e3o pr\u00e1tica desenvolvemos uma metodologia pr\u00f3pria, aliada \u00e0s abordagens e estudos de grandes pedagogos do mundo inteiro."}]}},"_links":{"self":[{"href":"https:\/\/www.colegioflorenca.com.br\/blog\/wp-json\/wp\/v2\/posts\/1774","targetHints":{"allow":["GET"]}}],"collection":[{"href":"https:\/\/www.colegioflorenca.com.br\/blog\/wp-json\/wp\/v2\/posts"}],"about":[{"href":"https:\/\/www.colegioflorenca.com.br\/blog\/wp-json\/wp\/v2\/types\/post"}],"author":[{"embeddable":true,"href":"https:\/\/www.colegioflorenca.com.br\/blog\/wp-json\/wp\/v2\/users\/2"}],"replies":[{"embeddable":true,"href":"https:\/\/www.colegioflorenca.com.br\/blog\/wp-json\/wp\/v2\/comments?post=1774"}],"version-history":[{"count":1,"href":"https:\/\/www.colegioflorenca.com.br\/blog\/wp-json\/wp\/v2\/posts\/1774\/revisions"}],"predecessor-version":[{"id":1776,"href":"https:\/\/www.colegioflorenca.com.br\/blog\/wp-json\/wp\/v2\/posts\/1774\/revisions\/1776"}],"wp:featuredmedia":[{"embeddable":true,"href":"https:\/\/www.colegioflorenca.com.br\/blog\/wp-json\/wp\/v2\/media\/1775"}],"wp:attachment":[{"href":"https:\/\/www.colegioflorenca.com.br\/blog\/wp-json\/wp\/v2\/media?parent=1774"}],"wp:term":[{"taxonomy":"category","embeddable":true,"href":"https:\/\/www.colegioflorenca.com.br\/blog\/wp-json\/wp\/v2\/categories?post=1774"},{"taxonomy":"post_tag","embeddable":true,"href":"https:\/\/www.colegioflorenca.com.br\/blog\/wp-json\/wp\/v2\/tags?post=1774"}],"curies":[{"name":"wp","href":"https:\/\/api.w.org\/{rel}","templated":true}]}}