{"id":1930,"date":"2021-09-01T15:14:00","date_gmt":"2021-09-01T18:14:00","guid":{"rendered":"https:\/\/www.colegioflorenca.com.br\/blog\/?p=1930"},"modified":"2021-09-10T15:33:19","modified_gmt":"2021-09-10T18:33:19","slug":"qual-e-o-melhor-momento-para-iniciar-o-desfralde-e-como-conduzi-lo","status":"publish","type":"post","link":"https:\/\/www.colegioflorenca.com.br\/blog\/qual-e-o-melhor-momento-para-iniciar-o-desfralde-e-como-conduzi-lo\/","title":{"rendered":"Qual \u00e9 o melhor momento para iniciar o desfralde e como conduzi-lo?"},"content":{"rendered":"\n<p>Uma das quest\u00f5es mais comuns entre os pais de crian\u00e7as pequenas \u00e9: \u201cAt\u00e9 quando meu filho vai precisar de fraldas?\u201d. O momento para iniciar o desfralde depende do qu\u00e3o preparada para o processo a crian\u00e7a est\u00e1.<\/p>\n\n\n\n<p>O desfralde \u00e9 um dos primeiros sinais de autonomia da crian\u00e7a, seja precoce ou tardio, uma hora chega o momento adequado. Nesta fase da inf\u00e2ncia existe uma s\u00e9rie de fatores que podem atrapalhar o desfralde, como d\u00favidas, falta de jeito, inseguran\u00e7a, falta de est\u00edmulo, entre outros.<\/p>\n\n\n\n<p>\u00c9 importante entender que n\u00e3o existe um momento exato para acontecer, o processo \u00e9 diferente para cada crian\u00e7a. Independente da idade, tipo de fralda ou das caracter\u00edsticas dos pequeninos, ser\u00e1 preciso de adapta\u00e7\u00e3o para que a fralda seja substitu\u00edda pelo troninho\/penico e, em seguida, o troninho pelo vaso sanit\u00e1rio.<\/p>\n\n\n\n<p>Neste conte\u00fado te mostraremos a faixa et\u00e1ria em que normalmente acontece o desfralde, sinais de que o momento est\u00e1 pr\u00f3ximo e, no fim, voc\u00ea confere algumas dicas para ajudar seu filho a se libertar das fraldas e ter autonomia para fazer suas necessidades fisiol\u00f3gicas sem a necessidade de um adulto para ajud\u00e1-lo.<\/p>\n\n\n\n<p>Boa leitura!<\/p>\n\n\n\n<h2 style=\"margin-top: 50px; margin-bottom: 30px;\">Faixa et\u00e1ria indicada para iniciar o desfralde<\/h2>\n\n\n\n<p>De acordo com especialistas, o momento para iniciar o desfralde diurno \u00e9 a partir dos 18 meses de idade. Entretanto, como dito logo no in\u00edcio, a hora disso acontecer depende de cada crian\u00e7a. \u00c9 muito comum que algumas delas s\u00f3 estejam prontas para se <a href=\"https:\/\/www.colegioflorenca.com.br\/blog\/como-educar-crianca-3-anos-aspectos-fundamentais\/\" target=\"_blank\" rel=\"noreferrer noopener\">livrar totalmente das fraldas depois dos 3 anos<\/a>.<\/p>\n\n\n\n<p>Antes de for\u00e7ar a barra ou achar que as coisas est\u00e3o fora da normalidade, \u00e9 importante entender que a idade \u00e9 apenas um dos sinais de que a hora chegou e n\u00e3o \u00e9 o mais relevante deles.<\/p>\n\n\n\n<p>Existem crian\u00e7as que aprendem a fazer suas necessidades fisiol\u00f3gicas com pouco mais de um ano e meio, por\u00e9m, isto n\u00e3o significa que uma crian\u00e7a que comece o desfralde aos 3 anos esteja atrasada. N\u00e3o se prenda \u00e0 idade, mas aos sinais comportamentais e psicol\u00f3gicos do seu filho.<\/p>\n\n\n\n<p>E \u00e9 sobre esses sinais que falaremos a seguir.<\/p>\n\n\n\n<div class=\"row\" style=\"margin: 70px 20px 70px 20px;\">\n<div class=\"text-center\" style=\"margin: 0 auto; display: block;\"><a title=\"Saiba mais sobre o Curso Online\" href=\"https:\/\/educativo.colegioflorenca.com.br\/matriculas-abertas\" target=\"_blank\" rel=\"noopener noreferrer\"><img decoding=\"async\" id=\"prime-img-knkjk3po\" class=\"img-fluid\" src=\"http:\/\/www.colegioflorenca.com.br\/blog\/wp-content\/uploads\/2021\/09\/caf-card-horizontal4.jpg\" alt=\"A primeira inf\u00e2ncia \u00e9 a etapa mais importante da Vida - Matr\u00edculas Abertas\"><\/a><\/div>\n<\/div>\n\n\n\n<h2 style=\"margin-top: 50px; margin-bottom: 30px;\">Sinais de que o momento para iniciar o desfralde est\u00e1 pr\u00f3ximo<\/h2>\n\n\n\n<p>Existem quatro sinais muito importantes que evidenciam o momento para iniciar o desfralde: o controle dos esf\u00edncteres, o inc\u00f4modo com a fralda suja, imitar os pais utilizando o vaso sanit\u00e1rio e saber nomear xixi e coc\u00f4.<\/p>\n\n\n\n<p>Abaixo, explicaremos melhor cada um deles. Confira.<\/p>\n\n\n\n<h3 style=\"margin-top: 50px; margin-bottom: 30px;\">Controle dos esf\u00edncteres<\/h3>\n\n\n\n<p>Os esf\u00edncteres s\u00e3o os m\u00fasculos que controlam a excre\u00e7\u00e3o da urina e das fezes. Ao perceber alguns comportamentos, \u00e9 poss\u00edvel identificar que essas estruturas musculares est\u00e3o prontas e a crian\u00e7a est\u00e1 preparada para se \u201caliviar\u201d no troninho ou vaso sanit\u00e1rio.<\/p>\n\n\n\n<p>Um dos primeiros sinais desta capacidade \u00e9 a crian\u00e7a conseguir subir 5 ou mais degraus de uma escada sem a necessidade de se apoiar em algo.<\/p>\n\n\n\n<p>Outros indicativos s\u00e3o fraldas limpas por muito tempo e quando a crian\u00e7a faz todo o xixi de uma vez e n\u00e3o aos poucos. Isto significa que a habilidade de segurar as necessidades at\u00e9 o momento exato para faz\u00ea-las foi adquirida.&nbsp;&nbsp;<\/p>\n\n\n\n<p>O controle dos esf\u00edncteres \u00e9 alcan\u00e7ado aos poucos, cada crian\u00e7a tem o seu pr\u00f3prio tempo e a capacidade de controlar essa musculatura est\u00e1 associada a fatores biol\u00f3gicos e sociais.<\/p>\n\n\n\n<p>Caso a crian\u00e7a passe dos 5 anos de idade e ainda continue fazendo xixis e coc\u00f4s &#8220;acidentais&#8221;, \u00e9 providencial lev\u00e1-la at\u00e9 um pediatra e explicar as dificuldades da crian\u00e7a para urinar e evacuar por conta pr\u00f3pria e controladamente.&nbsp;<\/p>\n\n\n\n<h3 style=\"margin-top: 50px; margin-bottom: 30px;\">Inc\u00f4modo com a fralda suja<\/h3>\n\n\n\n<p>Se a fralda suja come\u00e7ar a incomodar ou irritar a crian\u00e7a, saiba que essa \u00e9 uma evid\u00eancia que o momento para iniciar o desfralde chegou.<\/p>\n\n\n\n<p>Aproveite a oportunidade para demonstrar op\u00e7\u00f5es mais confort\u00e1veis para se aliviar e comece a apresentar o troninho para que o desfralde ocorra tranquilamente e pouco a pouco.<\/p>\n\n\n\n<h3 style=\"margin-top: 50px; margin-bottom: 30px;\">Imita\u00e7\u00e3o<\/h3>\n\n\n\n<p>As crian\u00e7as s\u00e3o como papagaios. Elas adoram imitar as pessoas, tanto para explorarem novos horizontes quanto para adquirirem coordena\u00e7\u00e3o motora para fazer o que querem.<\/p>\n\n\n\n<p>Caso seu filho esteja imitando os pais, irm\u00e3os ou amiguinhos usando o vaso sanit\u00e1rio, voc\u00ea est\u00e1 se deparando com a vontade da crian\u00e7a de repetir essas a\u00e7\u00f5es e se livrar das fraldas.<\/p>\n\n\n\n<p>Este \u00e9 um sinal que indica o momento para iniciar o desfralde. Aproveite essa oportunidade e comece a instruir seu filho a como usar o troninho.<\/p>\n\n\n\n<h3 style=\"margin-top: 50px; margin-bottom: 30px;\">Saber nomear o xixi e o coc\u00f4<\/h3>\n\n\n\n<p>Uma das grandes evid\u00eancias de que o momento para iniciar o desfralde chegou \u00e9 quando os pequeninos j\u00e1 sabem nomear as partes de seu corpo e suas necessidades, fome, sede, xixi e coc\u00f4.<\/p>\n\n\n\n<p>Para que essa hora chegue naturalmente, \u00e9 interessante nomear cada uma das excre\u00e7\u00f5es (xixi e coc\u00f4) ao trocar as fraldas e estimular a crian\u00e7a a entender do que se trata. Al\u00e9m disso, existem livros infantis muito interessantes para educ\u00e1-los sem press\u00e3o e com interatividade.<\/p>\n\n\n\n<h2 style=\"margin-top: 50px; margin-bottom: 30px;\">Dicas para iniciar o desfralde<\/h2>\n\n\n\n<p>Agora que voc\u00ea sabe os 4 principais sinais de que o momento para iniciar o desfralde chegou, vamos destacar algumas dicas para facilitar o processo da t\u00e3o desejada autonomia da crian\u00e7a. Vamos l\u00e1?<\/p>\n\n\n\n<h3 style=\"margin-top: 50px; margin-bottom: 30px;\">Seja muito paciente<\/h3>\n\n\n\n<p>Paci\u00eancia \u00e9 uma das virtudes mais relevantes para o adulto que deseja educar uma crian\u00e7a e ajud\u00e1-la a se desenvolver. E, t\u00e3o importante quanto essa virtude, \u00e9 o bem-estar f\u00edsico e psicol\u00f3gico da crian\u00e7a. Portanto, seja compreensivo, tolerante e amigo confi\u00e1vel do seu filho durante o processo de desfralde.<\/p>\n\n\n\n<p>Brigar, chamar aten\u00e7\u00e3o ou tentar acelerar o processo resulta em mais tempo precisando de fraldas. Entretanto, para resguardar o psicol\u00f3gico e emocional da crian\u00e7a \u00e9 interessante que o desfralde seja feito em casa, nunca espere a escola pedir para que isso aconte\u00e7a.<\/p>\n\n\n\n<p><a href=\"https:\/\/www.colegioflorenca.com.br\/blog\/como-escolher-a-escola-infantil-para-seu-filho-4-dicas-fundamentais\/\" target=\"_blank\" rel=\"noreferrer noopener\">A escola pode ajudar<\/a>, estimular e dar continuidade no desfralde, mas a iniciativa deve partir dos pais e as pr\u00e1ticas precisam ser feitas em casa.<\/p>\n\n\n\n<h3 style=\"margin-top: 50px; margin-bottom: 30px;\">Aproveite feriados e finais de semana para tentar o desfralde<\/h3>\n\n\n\n<p>Aproveite os momentos de descanso em casa para estimular o desfralde, como finais de semana, feriados e f\u00e9rias escolares. Normalmente, as crian\u00e7as levam pouco mais de uma semana para se adaptar a fazer as necessidades sem o uso das fraldas.<\/p>\n\n\n\n<p>Explore esses momentos em fam\u00edlia para acompanhar seu filho(a) no desfralde. Como s\u00e3o per\u00edodos de lazer, a press\u00e3o \u00e9 reduzida, o processo se torna agrad\u00e1vel e n\u00e3o traumatizante.<\/p>\n\n\n\n<h3 style=\"margin-top: 50px; margin-bottom: 30px;\">A crian\u00e7a est\u00e1 num momento de aprendizagem, n\u00e3o se desespere com escapes<\/h3>\n\n\n\n<p>Caso a crian\u00e7a fa\u00e7a xixi ou coc\u00f4 nas cal\u00e7as n\u00e3o se desespere. \u00c9 completamente normal que isto aconte\u00e7a nos primeiros dias do desfralde. Em vez de policiar a crian\u00e7a quando acontecer, a estimule, fale que isso acontece e que com o tempo ela ir\u00e1 conseguir fazer no lugar certo e por conta pr\u00f3pria.<\/p>\n\n\n\n<h3 style=\"margin-top: 50px; margin-bottom: 30px;\">Pr\u00e1ticas que estimulam o desfralde<\/h3>\n\n\n\n<ul class=\"wp-block-list\"><li>Deixe a crian\u00e7a sem roupa em casa para que ela se lembre de pedir para fazer xixi ou coc\u00f4;<\/li><li>Se voc\u00ea preferir pular o troninho e ir direto para o vaso deixe um banquinho para que a crian\u00e7a consiga subir e apoiar seus pezinhos;<\/li><li>Escolha calcinhas\/cuecas com desenho divertidos e fa\u00e7a brincadeiras com isso para que a crian\u00e7a tenha o desejo de us\u00e1-los no lugar das fraldas;<\/li><li>Deixe um mural para colar adesivos no banheiro, a cada vez que a crian\u00e7a fizer suas necessidades por conta pr\u00f3pria, d\u00ea um adesivo para ela colar. Isto \u00e9 visto como premia\u00e7\u00e3o e estimula os pequeninos;<\/li><li>Roupas dif\u00edceis de tirar dificultam a ida ao banheiro. Durante o desfralde evite bodies, macac\u00f5es, jardineiras e pe\u00e7as com z\u00edper ou bot\u00f5es. Escolha roupas f\u00e1ceis de despir;<\/li><li>O momento para iniciar o desfralde diurno e noturno \u00e9 diferente. S\u00f3 depois que a crian\u00e7a se livrar das fraldas durante o dia que se deve iniciar o desfralde noturno;<\/li><li>\u00c9 um erro achar que as crian\u00e7as n\u00e3o sentem o que acontece \u00e0 sua volta. Durante o processo de desfralde, evite compartilhar problemas adultos com ela, como a separa\u00e7\u00e3o dos pais, mudan\u00e7a de escola ou falecimento de algum ente querido.<\/li><\/ul>\n\n\n\n<p>\u00c9 muito importante destacar que se a crian\u00e7a n\u00e3o evoluir no desfralde, n\u00e3o se deve for\u00e7ar. Fa\u00e7a um intervalo de 30 dias e, depois disso, reinicie o processo.&nbsp;<\/p>\n\n\n\n<h2 style=\"margin-top: 50px; margin-bottom: 30px;\">Como apresentar o troninho e o vaso sanit\u00e1rio?<\/h2>\n\n\n\n<p>Assim que o momento para iniciar o desfralde chega \u00e9 preciso encontrar formas agrad\u00e1veis de apresentar o troninho e o vaso sanit\u00e1rio para a crian\u00e7a se acostumar com a nova rotina e a fazer sozinha suas necessidades.<\/p>\n\n\n\n<p>\u00c9 verdade que existem crian\u00e7as que v\u00e3o direto para o vaso, mas pode ser interessante apresent\u00e1-las inicialmente ao troninho.&nbsp;<\/p>\n\n\n\n<p>Ap\u00f3s a crian\u00e7a se acostumar com o troninho, \u00e9 indispens\u00e1vel encaminh\u00e1-la ao vaso sanit\u00e1rio. Para come\u00e7ar, procure redutores de assento, escadinhas, banquinhos e outros acess\u00f3rios que deixem a crian\u00e7a confort\u00e1vel e com os p\u00e9s apoiados para evitar acidentes.<\/p>\n\n\n\n<p>Tamb\u00e9m \u00e9 de extrema import\u00e2ncia respeitar o tempo da crian\u00e7a e n\u00e3o fazer press\u00e3o para que ela use o banheiro. O processo de desfralde \u00e9 menos trabalhoso quando a crian\u00e7a est\u00e1 \u00e0 vontade com a mudan\u00e7a da fralda para o troninho\/vaso.<\/p>\n\n\n\n<p>Pronto! Agora voc\u00ea sabe a faixa et\u00e1ria e os sinais do momento certo para iniciar o desfralde. Tente praticar as recomenda\u00e7\u00f5es dispostas neste artigo e, caso n\u00e3o esteja obtendo resultado, n\u00e3o deixe de procurar o pediatra do seu filho(a) para ajud\u00e1-lo a ter mais autonomia para fazer suas necessidades.<\/p>\n\n\n\n<p>Quer aprender mais sobre a sa\u00fade das crian\u00e7as? Leia outros <a href=\"https:\/\/www.colegioflorenca.com.br\/blog\/\" target=\"_blank\" rel=\"noreferrer noopener\">conte\u00fados aqui do blog<\/a>!<\/p>\n\n\n\n<style type=\"text\/css\" rel=\"stylesheet\">\n#prime-img-knkjk3po:hover { \ntransform: scale(1.02);\ntransition: 0.3s;\n}\n#prime-btn-knkjk3po:hover { \nfilter:saturate(150%); \/*Essa \u00e9 uma op\u00e7\u00e3o que satura a cor*\/\ntransform: scale(1.05);\ntransition: 0.3s;\n}\n<\/style>\n\n<div class=\"row\" style=\"background-color: #f9f7f3; padding: 25px 10px 20px 10px; margin: 70px 0px 70px 0px;\">\n<div class=\"col-lg-5 text-center\" style=\"text-align: center;\">\n<a title=\"Saiba mais sobre o Curso Online\" href=\"https:\/\/educativo.colegioflorenca.com.br\/matriculas-abertas\" target=\"_blank\" rel=\"noopener noreferrer\"><img decoding=\"async\" id=\"prime-img-knkjk3po\" class=\"img-fluid\" style=\"margin-bottom: 20px;\" src=\"http:\/\/www.colegioflorenca.com.br\/blog\/wp-content\/uploads\/2021\/09\/matriculas-abertas-opcao2.gif\" alt=\"A primeira inf\u00e2ncia \u00e9 a etapa mais importante da Vida - Matr\u00edculas Abertas\"><\/a>\n<\/div>\n<div class=\"col-lg-7 text-center text-md-left\">\n<h3 style=\"margin-top: 10px; font-size: 26px; color: #3d3d3d; \"><strong>\ud83d\udc76 Matr\u00edculas Abertas Col\u00e9gio Floren\u00e7a<\/strong><\/h3>\n<p style=\"margin-top: 15px; margin-bottom: 15px; font-size: 18px;\">Somos refer\u00eancia nacional em Educa\u00e7\u00e3o Infantil<\/p>\n<p style=\"font-size: 15px; line-height: 24px;\">Um trabalho t\u00e3o qualificado precisa de um alto grau de especializa\u00e7\u00e3o. \u00c9 por isso que recebemos estudiosos de todo o Brasil para conhecer e pesquisar nossa Escola. O Col\u00e9gio Floren\u00e7a desenvolve h\u00e1 15 anos uma metodologia inovadora, especializada na educa\u00e7\u00e3o de crian\u00e7as de 0 a 6 anos.<\/p>\n<p style=\"margin-top: 15px;\">\ud83d\udc49 <a id=\"prime-btn-knkjk3po\" class=\"btn\" title=\"Clique para mais detalhes\" href=\"https:\/\/educativo.colegioflorenca.com.br\/matriculas-abertas\" target=\"_blank\" rel=\"noopener noreferrer\">Saiba mais sobre o Col\u00e9gio Floren\u00e7a<\/a><\/p><\/div><\/div>\n\n\n\n<div style=\"margin-left: 30px; margin-top: 50px; margin-bottom: 80px;\">\n<p class=\"h4\" style=\"margin-bottom: 30px;\">Confira tamb\u00e9m:<\/p>\n<p class=\"h5 mb-3\">\ud83d\udc49 <a title=\"Clique e confira\" href=\"https:\/\/www.colegioflorenca.com.br\/blog\/meu-filho-dorme-mal-como-melhorar-as-noites-de-sono\/\" target=\"_blank\" rel=\"noopener noreferrer\">Meu filho dorme mal: como melhorar as noites de sono?<\/a><\/p>\n<p class=\"h5 mb-3\">\ud83d\udc49 <a title=\"Clique e confira\" href=\"https:\/\/www.colegioflorenca.com.br\/blog\/conversar-com-o-bebe-contribui-com-seu-desenvolvimento\/\" target=\"_blank\" rel=\"noopener noreferrer\">Conversar com o beb\u00ea contribui com seu desenvolvimento<\/a><\/p>\n<p class=\"h5 mb-3\">\ud83d\udc49 <a title=\"Clique e confira\" href=\"https:\/\/www.colegioflorenca.com.br\/blog\/alfabetizacao-letramento-ensinar-forma-natural\/\" target=\"_blank\" rel=\"noopener noreferrer\">Alfabetiza\u00e7\u00e3o e Letramento: como ensinar de forma natural?<\/a><\/p>\n<p class=\"h5 mb-3\">\ud83d\udc49 <a title=\"Clique e confira\" href=\"https:\/\/www.colegioflorenca.com.br\/blog\/com-quantos-meses-bebe-comeca-andar\/\" target=\"_blank\" rel=\"noopener noreferrer\">Com quantos meses o beb\u00ea come\u00e7a a andar? Entenda o tema.<\/a><\/p><\/div>\n","protected":false},"excerpt":{"rendered":"<p>O desfralde \u00e9 um dos primeiros sinais de autonomia da crian\u00e7a, seja precoce ou tardio, uma hora chega o momento adequado. Nesta fase da inf\u00e2ncia existe uma s\u00e9rie de fatores que podem atrapalhar o desfralde, como d\u00favidas, falta de jeito, inseguran\u00e7a, falta de est\u00edmulo, entre outros. \u00c9 importante entender que n\u00e3o existe um momento exato para acontecer, o processo \u00e9 diferente para cada crian\u00e7a. Independente da idade, tipo de fralda ou das caracter\u00edsticas dos pequeninos, ser\u00e1 preciso de adapta\u00e7\u00e3o para que a fralda seja substitu\u00edda pelo troninho\/penico e, em seguida, o troninho pelo vaso sanit\u00e1rio.<\/p>\n","protected":false},"author":6,"featured_media":1933,"comment_status":"open","ping_status":"open","sticky":false,"template":"","format":"standard","meta":{"footnotes":""},"categories":[8,303,311],"tags":[352,383],"class_list":["post-1930","post","type-post","status-publish","format-standard","has-post-thumbnail","hentry","category-0-3-anos","category-bebes","category-familia","tag-desfralde","tag-momento-para-iniciar-o-desfralde"],"yoast_head":"<!-- This site is optimized with the Yoast SEO plugin v17.1 - https:\/\/yoast.com\/wordpress\/plugins\/seo\/ -->\n<title>Qual \u00e9 o melhor momento para iniciar o desfralde e como conduzi-lo?<\/title>\n<meta name=\"description\" content=\"At\u00e9 quando meu filho vai precisar de fraldas? Saber o momento para iniciar o desfralde \u00e9 fundamental. Clique aqui para mais detalhes.\" \/>\n<meta name=\"robots\" content=\"index, follow, max-snippet:-1, max-image-preview:large, max-video-preview:-1\" \/>\n<link rel=\"canonical\" href=\"https:\/\/www.colegioflorenca.com.br\/blog\/qual-e-o-melhor-momento-para-iniciar-o-desfralde-e-como-conduzi-lo\/\" \/>\n<meta property=\"og:locale\" content=\"pt_BR\" \/>\n<meta property=\"og:type\" content=\"article\" \/>\n<meta property=\"og:title\" content=\"Qual \u00e9 o melhor momento para iniciar o desfralde e como conduzi-lo?\" \/>\n<meta property=\"og:description\" content=\"At\u00e9 quando meu filho vai precisar de fraldas? Saber o momento para iniciar o desfralde \u00e9 fundamental. Clique aqui para mais detalhes.\" \/>\n<meta property=\"og:url\" content=\"https:\/\/www.colegioflorenca.com.br\/blog\/qual-e-o-melhor-momento-para-iniciar-o-desfralde-e-como-conduzi-lo\/\" \/>\n<meta property=\"og:site_name\" content=\"Blog do Col\u00e9gio Acad\u00eamico Floren\u00e7a\" \/>\n<meta property=\"article:publisher\" content=\"https:\/\/www.facebook.com\/colegioflorenca\" \/>\n<meta property=\"article:published_time\" content=\"2021-09-01T18:14:00+00:00\" \/>\n<meta property=\"article:modified_time\" content=\"2021-09-10T18:33:19+00:00\" \/>\n<meta property=\"og:image\" content=\"http:\/\/www.colegioflorenca.com.br\/blog\/wp-content\/uploads\/2021\/09\/post-blog-momento-iniciar-desfralde.jpg\" \/>\n\t<meta property=\"og:image:width\" content=\"1002\" \/>\n\t<meta property=\"og:image:height\" content=\"527\" \/>\n<meta name=\"twitter:card\" content=\"summary_large_image\" \/>\n<meta name=\"twitter:label1\" content=\"Escrito por\" \/>\n\t<meta name=\"twitter:data1\" content=\"Elisabete Alhadas\" \/>\n\t<meta name=\"twitter:label2\" content=\"Est. tempo de leitura\" \/>\n\t<meta name=\"twitter:data2\" content=\"7 minutos\" \/>\n<script type=\"application\/ld+json\" class=\"yoast-schema-graph\">{\"@context\":\"https:\/\/schema.org\",\"@graph\":[{\"@type\":\"WebSite\",\"@id\":\"https:\/\/www.colegioflorenca.com.br\/blog\/#website\",\"url\":\"https:\/\/www.colegioflorenca.com.br\/blog\/\",\"name\":\"Col\\u00e9gio Acad\\u00eamico Floren\\u00e7a\",\"description\":\"Col\\u00e9gio Floren\\u00e7a - Escola Infantil em Florian\\u00f3polis\",\"potentialAction\":[{\"@type\":\"SearchAction\",\"target\":{\"@type\":\"EntryPoint\",\"urlTemplate\":\"https:\/\/www.colegioflorenca.com.br\/blog\/?s={search_term_string}\"},\"query-input\":\"required name=search_term_string\"}],\"inLanguage\":\"pt-BR\"},{\"@type\":\"ImageObject\",\"@id\":\"https:\/\/www.colegioflorenca.com.br\/blog\/qual-e-o-melhor-momento-para-iniciar-o-desfralde-e-como-conduzi-lo\/#primaryimage\",\"inLanguage\":\"pt-BR\",\"url\":\"https:\/\/www.colegioflorenca.com.br\/blog\/wp-content\/uploads\/2021\/09\/post-blog-momento-iniciar-desfralde.jpg\",\"contentUrl\":\"https:\/\/www.colegioflorenca.com.br\/blog\/wp-content\/uploads\/2021\/09\/post-blog-momento-iniciar-desfralde.jpg\",\"width\":1002,\"height\":527,\"caption\":\"m\\u00e3e trocando a fralda do seu beb\\u00ea - momento para iniciar o desfralde\"},{\"@type\":\"WebPage\",\"@id\":\"https:\/\/www.colegioflorenca.com.br\/blog\/qual-e-o-melhor-momento-para-iniciar-o-desfralde-e-como-conduzi-lo\/#webpage\",\"url\":\"https:\/\/www.colegioflorenca.com.br\/blog\/qual-e-o-melhor-momento-para-iniciar-o-desfralde-e-como-conduzi-lo\/\",\"name\":\"Qual \\u00e9 o melhor momento para iniciar o desfralde e como conduzi-lo?\",\"isPartOf\":{\"@id\":\"https:\/\/www.colegioflorenca.com.br\/blog\/#website\"},\"primaryImageOfPage\":{\"@id\":\"https:\/\/www.colegioflorenca.com.br\/blog\/qual-e-o-melhor-momento-para-iniciar-o-desfralde-e-como-conduzi-lo\/#primaryimage\"},\"datePublished\":\"2021-09-01T18:14:00+00:00\",\"dateModified\":\"2021-09-10T18:33:19+00:00\",\"author\":{\"@id\":\"https:\/\/www.colegioflorenca.com.br\/blog\/#\/schema\/person\/94de7c0c8743006b00cc3ce8d4f1960e\"},\"description\":\"At\\u00e9 quando meu filho vai precisar de fraldas? Saber o momento para iniciar o desfralde \\u00e9 fundamental. Clique aqui para mais detalhes.\",\"breadcrumb\":{\"@id\":\"https:\/\/www.colegioflorenca.com.br\/blog\/qual-e-o-melhor-momento-para-iniciar-o-desfralde-e-como-conduzi-lo\/#breadcrumb\"},\"inLanguage\":\"pt-BR\",\"potentialAction\":[{\"@type\":\"ReadAction\",\"target\":[\"https:\/\/www.colegioflorenca.com.br\/blog\/qual-e-o-melhor-momento-para-iniciar-o-desfralde-e-como-conduzi-lo\/\"]}]},{\"@type\":\"BreadcrumbList\",\"@id\":\"https:\/\/www.colegioflorenca.com.br\/blog\/qual-e-o-melhor-momento-para-iniciar-o-desfralde-e-como-conduzi-lo\/#breadcrumb\",\"itemListElement\":[{\"@type\":\"ListItem\",\"position\":1,\"name\":\"In\\u00edcio\",\"item\":\"https:\/\/www.colegioflorenca.com.br\/blog\/\"},{\"@type\":\"ListItem\",\"position\":2,\"name\":\"Qual \\u00e9 o melhor momento para iniciar o desfralde e como conduzi-lo?\"}]},{\"@type\":\"Person\",\"@id\":\"https:\/\/www.colegioflorenca.com.br\/blog\/#\/schema\/person\/94de7c0c8743006b00cc3ce8d4f1960e\",\"name\":\"Elisabete Alhadas\",\"image\":{\"@type\":\"ImageObject\",\"@id\":\"https:\/\/www.colegioflorenca.com.br\/blog\/#personlogo\",\"inLanguage\":\"pt-BR\",\"url\":\"https:\/\/secure.gravatar.com\/avatar\/b1711229ce79995d22d5979e2fe49e97b9f343c507eced700df279f2bb59bb75?s=96&d=mm&r=g\",\"contentUrl\":\"https:\/\/secure.gravatar.com\/avatar\/b1711229ce79995d22d5979e2fe49e97b9f343c507eced700df279f2bb59bb75?s=96&d=mm&r=g\",\"caption\":\"Elisabete Alhadas\"},\"description\":\"Ol\\u00e1! Eu sou a Elisabete, redatora deste post. Espero que voc\\u00ea curta esse conte\\u00fado. Boa leitura. Aproveito para deixar um convite para voc\\u00ea\\u00a0baixar alguns materiais gratuitos. ;)\"}]}<\/script>\n<!-- \/ Yoast SEO plugin. -->","yoast_head_json":{"title":"Qual \u00e9 o melhor momento para iniciar o desfralde e como conduzi-lo?","description":"At\u00e9 quando meu filho vai precisar de fraldas? Saber o momento para iniciar o desfralde \u00e9 fundamental. Clique aqui para mais detalhes.","robots":{"index":"index","follow":"follow","max-snippet":"max-snippet:-1","max-image-preview":"max-image-preview:large","max-video-preview":"max-video-preview:-1"},"canonical":"https:\/\/www.colegioflorenca.com.br\/blog\/qual-e-o-melhor-momento-para-iniciar-o-desfralde-e-como-conduzi-lo\/","og_locale":"pt_BR","og_type":"article","og_title":"Qual \u00e9 o melhor momento para iniciar o desfralde e como conduzi-lo?","og_description":"At\u00e9 quando meu filho vai precisar de fraldas? Saber o momento para iniciar o desfralde \u00e9 fundamental. Clique aqui para mais detalhes.","og_url":"https:\/\/www.colegioflorenca.com.br\/blog\/qual-e-o-melhor-momento-para-iniciar-o-desfralde-e-como-conduzi-lo\/","og_site_name":"Blog do Col\u00e9gio Acad\u00eamico Floren\u00e7a","article_publisher":"https:\/\/www.facebook.com\/colegioflorenca","article_published_time":"2021-09-01T18:14:00+00:00","article_modified_time":"2021-09-10T18:33:19+00:00","og_image":[{"width":1002,"height":527,"url":"http:\/\/www.colegioflorenca.com.br\/blog\/wp-content\/uploads\/2021\/09\/post-blog-momento-iniciar-desfralde.jpg","path":"\/home\/u505644395\/domains\/colegioflorenca.com.br\/public_html\/blog\/wp-content\/uploads\/2021\/09\/post-blog-momento-iniciar-desfralde.jpg","size":"full","id":1933,"alt":"m\u00e3e trocando a fralda do seu beb\u00ea - momento para iniciar o desfralde","pixels":528054,"type":"image\/jpeg"}],"twitter_card":"summary_large_image","twitter_misc":{"Escrito por":"Elisabete Alhadas","Est. tempo de leitura":"7 minutos"},"schema":{"@context":"https:\/\/schema.org","@graph":[{"@type":"WebSite","@id":"https:\/\/www.colegioflorenca.com.br\/blog\/#website","url":"https:\/\/www.colegioflorenca.com.br\/blog\/","name":"Col\u00e9gio Acad\u00eamico Floren\u00e7a","description":"Col\u00e9gio Floren\u00e7a - Escola Infantil em Florian\u00f3polis","potentialAction":[{"@type":"SearchAction","target":{"@type":"EntryPoint","urlTemplate":"https:\/\/www.colegioflorenca.com.br\/blog\/?s={search_term_string}"},"query-input":"required name=search_term_string"}],"inLanguage":"pt-BR"},{"@type":"ImageObject","@id":"https:\/\/www.colegioflorenca.com.br\/blog\/qual-e-o-melhor-momento-para-iniciar-o-desfralde-e-como-conduzi-lo\/#primaryimage","inLanguage":"pt-BR","url":"https:\/\/www.colegioflorenca.com.br\/blog\/wp-content\/uploads\/2021\/09\/post-blog-momento-iniciar-desfralde.jpg","contentUrl":"https:\/\/www.colegioflorenca.com.br\/blog\/wp-content\/uploads\/2021\/09\/post-blog-momento-iniciar-desfralde.jpg","width":1002,"height":527,"caption":"m\u00e3e trocando a fralda do seu beb\u00ea - momento para iniciar o desfralde"},{"@type":"WebPage","@id":"https:\/\/www.colegioflorenca.com.br\/blog\/qual-e-o-melhor-momento-para-iniciar-o-desfralde-e-como-conduzi-lo\/#webpage","url":"https:\/\/www.colegioflorenca.com.br\/blog\/qual-e-o-melhor-momento-para-iniciar-o-desfralde-e-como-conduzi-lo\/","name":"Qual \u00e9 o melhor momento para iniciar o desfralde e como conduzi-lo?","isPartOf":{"@id":"https:\/\/www.colegioflorenca.com.br\/blog\/#website"},"primaryImageOfPage":{"@id":"https:\/\/www.colegioflorenca.com.br\/blog\/qual-e-o-melhor-momento-para-iniciar-o-desfralde-e-como-conduzi-lo\/#primaryimage"},"datePublished":"2021-09-01T18:14:00+00:00","dateModified":"2021-09-10T18:33:19+00:00","author":{"@id":"https:\/\/www.colegioflorenca.com.br\/blog\/#\/schema\/person\/94de7c0c8743006b00cc3ce8d4f1960e"},"description":"At\u00e9 quando meu filho vai precisar de fraldas? Saber o momento para iniciar o desfralde \u00e9 fundamental. Clique aqui para mais detalhes.","breadcrumb":{"@id":"https:\/\/www.colegioflorenca.com.br\/blog\/qual-e-o-melhor-momento-para-iniciar-o-desfralde-e-como-conduzi-lo\/#breadcrumb"},"inLanguage":"pt-BR","potentialAction":[{"@type":"ReadAction","target":["https:\/\/www.colegioflorenca.com.br\/blog\/qual-e-o-melhor-momento-para-iniciar-o-desfralde-e-como-conduzi-lo\/"]}]},{"@type":"BreadcrumbList","@id":"https:\/\/www.colegioflorenca.com.br\/blog\/qual-e-o-melhor-momento-para-iniciar-o-desfralde-e-como-conduzi-lo\/#breadcrumb","itemListElement":[{"@type":"ListItem","position":1,"name":"In\u00edcio","item":"https:\/\/www.colegioflorenca.com.br\/blog\/"},{"@type":"ListItem","position":2,"name":"Qual \u00e9 o melhor momento para iniciar o desfralde e como conduzi-lo?"}]},{"@type":"Person","@id":"https:\/\/www.colegioflorenca.com.br\/blog\/#\/schema\/person\/94de7c0c8743006b00cc3ce8d4f1960e","name":"Elisabete Alhadas","image":{"@type":"ImageObject","@id":"https:\/\/www.colegioflorenca.com.br\/blog\/#personlogo","inLanguage":"pt-BR","url":"https:\/\/secure.gravatar.com\/avatar\/b1711229ce79995d22d5979e2fe49e97b9f343c507eced700df279f2bb59bb75?s=96&d=mm&r=g","contentUrl":"https:\/\/secure.gravatar.com\/avatar\/b1711229ce79995d22d5979e2fe49e97b9f343c507eced700df279f2bb59bb75?s=96&d=mm&r=g","caption":"Elisabete Alhadas"},"description":"Ol\u00e1! Eu sou a Elisabete, redatora deste post. Espero que voc\u00ea curta esse conte\u00fado. Boa leitura. Aproveito para deixar um convite para voc\u00ea\u00a0baixar alguns materiais gratuitos. ;)"}]}},"_links":{"self":[{"href":"https:\/\/www.colegioflorenca.com.br\/blog\/wp-json\/wp\/v2\/posts\/1930","targetHints":{"allow":["GET"]}}],"collection":[{"href":"https:\/\/www.colegioflorenca.com.br\/blog\/wp-json\/wp\/v2\/posts"}],"about":[{"href":"https:\/\/www.colegioflorenca.com.br\/blog\/wp-json\/wp\/v2\/types\/post"}],"author":[{"embeddable":true,"href":"https:\/\/www.colegioflorenca.com.br\/blog\/wp-json\/wp\/v2\/users\/6"}],"replies":[{"embeddable":true,"href":"https:\/\/www.colegioflorenca.com.br\/blog\/wp-json\/wp\/v2\/comments?post=1930"}],"version-history":[{"count":3,"href":"https:\/\/www.colegioflorenca.com.br\/blog\/wp-json\/wp\/v2\/posts\/1930\/revisions"}],"predecessor-version":[{"id":1937,"href":"https:\/\/www.colegioflorenca.com.br\/blog\/wp-json\/wp\/v2\/posts\/1930\/revisions\/1937"}],"wp:featuredmedia":[{"embeddable":true,"href":"https:\/\/www.colegioflorenca.com.br\/blog\/wp-json\/wp\/v2\/media\/1933"}],"wp:attachment":[{"href":"https:\/\/www.colegioflorenca.com.br\/blog\/wp-json\/wp\/v2\/media?parent=1930"}],"wp:term":[{"taxonomy":"category","embeddable":true,"href":"https:\/\/www.colegioflorenca.com.br\/blog\/wp-json\/wp\/v2\/categories?post=1930"},{"taxonomy":"post_tag","embeddable":true,"href":"https:\/\/www.colegioflorenca.com.br\/blog\/wp-json\/wp\/v2\/tags?post=1930"}],"curies":[{"name":"wp","href":"https:\/\/api.w.org\/{rel}","templated":true}]}}