{"id":2022,"date":"2021-11-16T11:06:00","date_gmt":"2021-11-16T14:06:00","guid":{"rendered":"https:\/\/www.colegioflorenca.com.br\/blog\/?p=2022"},"modified":"2021-11-23T11:36:17","modified_gmt":"2021-11-23T14:36:17","slug":"contar-historias-para-seu-bebe-aumenta-o-vinculo-entre-voces-utilize-esse-recurso-na-criacao-dos-seus-filhos","status":"publish","type":"post","link":"https:\/\/www.colegioflorenca.com.br\/blog\/contar-historias-para-seu-bebe-aumenta-o-vinculo-entre-voces-utilize-esse-recurso-na-criacao-dos-seus-filhos\/","title":{"rendered":"Contar hist\u00f3rias para seu beb\u00ea aumenta o v\u00ednculo entre voc\u00eas: utilize esse recurso na cria\u00e7\u00e3o dos seus filhos"},"content":{"rendered":"\n<p class=\"h4\">Veja como contar hist\u00f3rias para seu beb\u00ea e fazer deste um momento de divers\u00e3o, aprendizado e est\u00edmulo da criatividade para pais e filhos.<\/p>\n\n\n\n<p><a href=\"https:\/\/www.colegioflorenca.com.br\/blog\/contadores-de-historia-uma-tradicao-milenar\/\" target=\"_blank\" rel=\"noreferrer noopener\">A conta\u00e7\u00e3o de hist\u00f3rias \u00e9 uma pr\u00e1tica bastante antiga<\/a>. Desde os povos ancestrais, as reuni\u00f5es de grupos em torno das hist\u00f3rias promoviam, al\u00e9m de momentos de confraterniza\u00e7\u00e3o, a troca de experi\u00eancias e saberes, que serviam para preservar os valores e a cultura dos povos.&nbsp;<\/p>\n\n\n\n<p>Tamb\u00e9m muito retratada nos filmes, a conta\u00e7\u00e3o de hist\u00f3rias para as crian\u00e7as sempre foi uma ferramenta de transmiss\u00e3o de conhecimento, de <a href=\"https:\/\/www.colegioflorenca.com.br\/blog\/estimulos-sensoriais-e-o-desenvolvimento-do-bebe\/\" target=\"_blank\" rel=\"noreferrer noopener\">est\u00edmulo da imagina\u00e7\u00e3o<\/a> e do <a href=\"https:\/\/www.colegioflorenca.com.br\/blog\/alfabetizacao-letramento-ensinar-forma-natural\/\" target=\"_blank\" rel=\"noreferrer noopener\">desenvolvimento da linguagem<\/a>. Eis a\u00ed a import\u00e2ncia de contar hist\u00f3rias para seu beb\u00ea, afinal, quem nunca se sentiu entusiasmado ao ouvir \u201cEra uma vez\u2026\u201d, n\u00e3o \u00e9 mesmo?&nbsp;<\/p>\n\n\n\n<p>Neste artigo, daremos algumas dicas sobre como contar hist\u00f3rias para seu beb\u00ea ajuda no desenvolvimento da linguagem e pode ser uma \u00f3tima oportunidade para estreitar o v\u00ednculo afetivo. Confira!<\/p>\n\n\n\n<h2 style=\"margin-top: 50px; margin-bottom: 30px;\">Por que contar hist\u00f3rias para seu beb\u00ea?<\/h2>\n\n\n\n<p>Ao dedicar um tempo \u00e0 conta\u00e7\u00e3o de hist\u00f3rias para seu beb\u00ea, a percep\u00e7\u00e3o da crian\u00e7a estar\u00e1 mais focada na dedica\u00e7\u00e3o e no tempo que voc\u00eas passam juntos. Contar uma hist\u00f3ria requer aten\u00e7\u00e3o, e na rotina atribulada do dia a dia, a crian\u00e7a se sentir\u00e1 parte importante da rotina.<\/p>\n\n\n\n<p>Por isso, \u00e9 importante que m\u00e3es e pais entendam que a hist\u00f3ria ou o jeito de cont\u00e1-la \u00e9 importante, mas o ato de se dedicar ao filho \u00e9 ainda mais.<\/p>\n\n\n\n<div class=\"row\" style=\"margin: 70px 20px 70px 20px;\">\n<div class=\"text-center\" style=\"margin: 0 auto; display: block;\"><a title=\"Saiba mais sobre o Curso Online\" href=\"https:\/\/educativo.colegioflorenca.com.br\/matriculas-abertas\" target=\"_blank\" rel=\"noopener noreferrer\"><img decoding=\"async\" id=\"prime-img-knkjk3po\" class=\"img-fluid\" src=\"http:\/\/www.colegioflorenca.com.br\/blog\/wp-content\/uploads\/2021\/09\/caf-card-horizontal2.jpg\" alt=\"A primeira inf\u00e2ncia \u00e9 a etapa mais importante da Vida - Matr\u00edculas Abertas\"><\/a><\/div>\n<\/div>\n\n\n\n<p><\/p>\n\n\n\n<h3 style=\"margin-top: 50px; margin-bottom: 30px;\">Contar hist\u00f3rias ajuda no desenvolvimento do seu filho<\/h3>\n\n\n\n<p>Quando contamos uma hist\u00f3ria, mais do que narrar um fato, estamos transmitindo algum tipo de conhecimento e cultura. Desse modo, ao contar hist\u00f3rias para seu beb\u00ea, voc\u00ea estar\u00e1 contribuindo para o <a href=\"https:\/\/www.colegioflorenca.com.br\/blog\/quais-os-principais-marcos-do-desenvolvimento-infantil\/\" target=\"_blank\" rel=\"noreferrer noopener\">desenvolvimento intelectual da crian\u00e7a<\/a>.<\/p>\n\n\n\n<p>Seja um conto liter\u00e1rio ou mesmo uma hist\u00f3ria de fam\u00edlia, a narrativa tende a ampliar o conhecimento e \u201ctransportar\u201d o beb\u00ea para outros lugares, atrav\u00e9s da imagina\u00e7\u00e3o. \u00c9 como se a crian\u00e7a vivesse aquela experi\u00eancia e se sentisse parte daquele enredo.<\/p>\n\n\n\n<p>Para a antrop\u00f3loga francesa Mich\u00e8le Petit, \u201c<em>a leitura pode reativar a interioridade, impulsionar o pensamento, relan\u00e7ar uma atividade de constru\u00e7\u00e3o de sentido, suscitar trocas<\/em>\u201d.<\/p>\n\n\n\n<h3 style=\"margin-top: 50px; margin-bottom: 30px;\">Contar hist\u00f3rias: um ato de amor!<\/h3>\n\n\n\n<p>Como j\u00e1 foi dito, contar uma hist\u00f3ria significa dedicar tempo ao interlocutor. E nada mais precioso e demonstrativo de afeto do que nosso tempo, certo?<\/p>\n\n\n\n<p>Al\u00e9m disso, contar hist\u00f3rias para seu beb\u00ea tamb\u00e9m \u00e9 uma forma de apresentar sua vis\u00e3o sobre o que \u00e9 importante e valioso, pois geralmente escolhemos as narrativas que nos parecem mais agrad\u00e1veis &#8211; e, muitas delas, aprendemos ainda crian\u00e7as, ouvindo as hist\u00f3rias que nossos pais contavam!<\/p>\n\n\n\n<p>Ou seja, o amor e a dedica\u00e7\u00e3o passados atrav\u00e9s da conta\u00e7\u00e3o de hist\u00f3rias vai de gera\u00e7\u00e3o em gera\u00e7\u00e3o, e marca a mem\u00f3ria da crian\u00e7a com momentos felizes e divertidos, deixando um legado de carinho e afetividade.<\/p>\n\n\n\n<h3 style=\"margin-top: 50px; margin-bottom: 30px;\">Contar hist\u00f3rias estimula a leitura<\/h3>\n\n\n\n<p>Outro benef\u00edcio de contar hist\u00f3rias para seu beb\u00ea \u00e9 o de incentivar a leitura desde a primeira inf\u00e2ncia. A partir de ent\u00e3o, <a href=\"https:\/\/www.colegioflorenca.com.br\/blog\/livros-pedagogia-florenca-lancamento\/\" target=\"_blank\" rel=\"noreferrer noopener\">a crian\u00e7a se acostuma com os livros<\/a> e desperta seu interesse em buscar as suas pr\u00f3prias hist\u00f3rias.<\/p>\n\n\n\n<p>Portanto, ao ler para a crian\u00e7a, os pais est\u00e3o conectando-a ao universo da leitura e associando essa pr\u00e1tica \u00e0 divers\u00e3o e ao lazer.<\/p>\n\n\n\n<h2 style=\"margin-top: 50px; margin-bottom: 30px;\">Onde encontrar hist\u00f3rias para contar?<\/h2>\n\n\n\n<p>Os livros infantis s\u00e3o <a href=\"https:\/\/www.colegioflorenca.com.br\/blog\/o-que-criancas-perdem-quando-nao-ha-ogros-bruxas-princesas-historias\/\" target=\"_blank\" rel=\"noreferrer noopener\">a melhor fonte de hist\u00f3rias de contos de fadas<\/a>. Afinal, os cl\u00e1ssicos nunca morrem, e todos conhecem hist\u00f3rias como Chapeuzinho Vermelho, Branca de Neve, entre tantas outras!<\/p>\n\n\n\n<p>Uma \u00f3tima op\u00e7\u00e3o \u00e9 a <a href=\"https:\/\/materiais.pedagogiaflorenca.com.br\/livros#rd-section-kllgdnyu\">cole\u00e7\u00e3o \u201cO Belo Reino\u201d<\/a>, com dois volumes de hist\u00f3rias pra l\u00e1 de interessantes, que com certeza v\u00e3o prender a aten\u00e7\u00e3o das crian\u00e7as e fazer voar a imagina\u00e7\u00e3o!&nbsp;<\/p>\n\n\n\n<p>Outra fonte rica e importante \u00e9 nossa pr\u00f3pria mem\u00f3ria. Que tal resgatar antigas historinhas que foram contadas para voc\u00ea na inf\u00e2ncia?&nbsp;<\/p>\n\n\n\n<p>Mas se a ideia \u00e9 inovar, vale a pena procurar contos mais contempor\u00e2neos e trazer alguns temas recentes. Hoje, com a internet, n\u00e3o \u00e9 dif\u00edcil encontrar contos de fadas e muitos outros enredos interessantes.<\/p>\n\n\n\n<div class=\"row\" style=\"margin: 70px 20px 70px 20px;\">\n<div class=\"text-center\" style=\"margin: 0 auto; display: block;\"><a title=\"Saiba mais sobre o Curso Online\" href=\"https:\/\/materiais.pedagogiaflorenca.com.br\/livros#rd-text-jpbbcl83\" target=\"_blank\" rel=\"noopener noreferrer\"><img decoding=\"async\" id=\"prime-img-knkjk3po\" class=\"img-fluid\" src=\"http:\/\/www.colegioflorenca.com.br\/blog\/wp-content\/uploads\/2021\/09\/card-livros-pedagogia-florenca.png\" alt=\"Conhe\u00e7a os Livros da Pedagogia Floren\u00e7a\"><\/a><\/div>\n<\/div>\n\n\n\n<p><\/p>\n\n\n\n<h2 style=\"margin-top: 50px; margin-bottom: 30px;\">Dicas para ser um bom contador de hist\u00f3rias para os pequenos<\/h2>\n\n\n\n<p>Contar boas hist\u00f3rias, que prendam a aten\u00e7\u00e3o da crian\u00e7a com uma narrativa entusiasmante, pode n\u00e3o ser algo natural para todo mundo. Algumas pessoas possuem mais habilidade que outras, mas \u00e9 importante que isso n\u00e3o seja motivo para deixar de contar hist\u00f3rias para seu beb\u00ea, certo?<\/p>\n\n\n\n<p>De todo modo, sempre vale aperfei\u00e7oar a pr\u00e1tica e entender um pouco mais sobre o universo da conta\u00e7\u00e3o de hist\u00f3rias, para que esse momento seja ainda mais divertido e proveitoso.<\/p>\n\n\n\n<p>A seguir, separamos algumas dicas que podem fazer voc\u00ea se tornar um excelente contador de hist\u00f3rias para os pequenos. Confira:<\/p>\n\n\n\n<h3 style=\"margin-top: 50px; margin-bottom: 30px;\">Antes de come\u00e7ar, fa\u00e7a uma leitura da hist\u00f3ria inteira<\/h3>\n\n\n\n<p>Estar familiarizado com o enredo \u00e9 a primeira dica para quem quer aperfei\u00e7oar a pr\u00e1tica de contar hist\u00f3rias. Para isso, \u00e9 importante ler todo o livro, pois assim voc\u00ea saber\u00e1 exatamente do que ele trata, e poder\u00e1 fazer uma leitura mais fluida.&nbsp;<\/p>\n\n\n\n<p>Conhecer o enredo tamb\u00e9m ajuda no momento em que a crian\u00e7a faz perguntas e demonstra curiosidade sobre a hist\u00f3ria.&nbsp;<\/p>\n\n\n\n<p>Tamb\u00e9m \u00e9 importante saber o que est\u00e1 sendo contado, para que se possa lidar com os sentimentos despertados pela narrativa. Alegria, tristeza, raiva, medo\u2026 Para a crian\u00e7a, \u00e9 importante identificar essas sensa\u00e7\u00f5es e aprender que lidar com elas \u00e9 necess\u00e1rio at\u00e9 mesmo na fic\u00e7\u00e3o!<\/p>\n\n\n\n<h3 style=\"margin-top: 50px; margin-bottom: 30px;\">Comece pelo t\u00edtulo e o autor do livro<\/h3>\n\n\n\n<p>Ao contar hist\u00f3rias para seu beb\u00ea, n\u00e3o deixa de enfatizar o t\u00edtulo e o autor do livro, pois \u00e9&nbsp; importante que ele saiba diferenciar estes aspectos. Com o tempo, a crian\u00e7a aprender\u00e1 a identificar um autor pelo estilo liter\u00e1rio que apresenta.<\/p>\n\n\n\n<div class=\"row\" style=\"margin: 70px 20px 70px 20px;\">\n<div class=\"text-center\" style=\"margin: 0 auto; display: block;\"><a title=\"Saiba mais sobre o Curso Online\" href=\"https:\/\/materiais.pedagogiaflorenca.com.br\/curso-online-pedagogia-florenca-1\" target=\"_blank\" rel=\"noopener noreferrer\"><img decoding=\"async\" id=\"prime-img-knkjk3po\" class=\"img-fluid\" src=\"http:\/\/www.colegioflorenca.com.br\/blog\/wp-content\/uploads\/2021\/09\/card2-curso-pedagogia-florenca-0a3-anos.jpg\" alt=\"ACurso EaD Pedagogia Floren\u00e7a - 0 a 3 anos\"><\/a><\/div>\n<\/div>\n\n\n\n<h3 style=\"margin-top: 50px; margin-bottom: 30px;\">Explore ao m\u00e1ximo sua imagina\u00e7\u00e3o<\/h3>\n\n\n\n<p>T\u00e3o importante quanto despertar a imagina\u00e7\u00e3o da crian\u00e7a \u00e9 explorar a sua pr\u00f3pria imagina\u00e7\u00e3o, de modo a dar vida aos personagens enquanto conta uma hist\u00f3ria, com gestos e entona\u00e7\u00e3o de vozes diferentes nas falas. Essa a\u00e7\u00e3o criar\u00e1 expectativa para as pr\u00f3ximas cenas e tornar\u00e1 o momento ainda mais divertido.<\/p>\n\n\n\n<h3 style=\"margin-top: 50px; margin-bottom: 30px;\">\u00c9 comum que a crian\u00e7a tenha uma hist\u00f3ria preferida e pe\u00e7a para voc\u00ea repeti-la<\/h3>\n\n\n\n<p>Ao passo que novas hist\u00f3rias v\u00e3o sendo contadas, \u00e9 normal que a crian\u00e7a acabe desenvolvendo prefer\u00eancia por algumas delas e pe\u00e7a para que voc\u00ea releia ou conte novamente. Nessa hora, vale fazer a vontade da crian\u00e7a, colocando novos elementos e aperfei\u00e7oando a hist\u00f3ria preferida.&nbsp;<\/p>\n\n\n\n<h2 style=\"margin-top: 50px; margin-bottom: 30px;\">O que fazer quando n\u00e3o sobra tempo para contar hist\u00f3rias?<\/h2>\n\n\n\n<p>No meio de uma rotina atribulada, muitas vezes \u00e9 dif\u00edcil para m\u00e3es e pais tirarem um tempo para contar hist\u00f3rias para seu beb\u00ea. Os muitos afazeres do trabalho, o cansa\u00e7o do fim do dia e as tarefas dom\u00e9sticas que se acumulam acabam roubando o que h\u00e1 de mais precioso: o tempo em fam\u00edlia.<\/p>\n\n\n\n<p>Mas ent\u00e3o, o que fazer quando n\u00e3o se encontra espa\u00e7o na agenda para a conta\u00e7\u00e3o de hist\u00f3rias? A verdade \u00e9 que nada substitui o momento entre pais e filhos. Por isso, \u00e9 importante realizar esfor\u00e7os e tentar encaixar alguns minutos no meio da correria do dia a dia para ler um livro para os pequenos, ou mesmo parte dele.<\/p>\n\n\n\n<p>Assim, determine um tempo, que seja de 15 ou 30 minutos, e leia alguns cap\u00edtulos de uma hist\u00f3ria, ou escolha contos infantis mais curtos. Demonstre entusiasmo e mostre \u00e0 crian\u00e7a que aquele tempo \u00e9 precioso e merece ser bem aproveitado.<\/p>\n\n\n\n<p>Com toda certeza, os benef\u00edcios compensar\u00e3o o esfor\u00e7o!<\/p>\n\n\n\n<style type=\"text\/css\" rel=\"stylesheet\">\n#prime-img-knkjk3po:hover { \ntransform: scale(1.02);\ntransition: 0.3s;\n}\n#prime-btn-knkjk3po:hover { \nfilter:saturate(150%); \/*Essa \u00e9 uma op\u00e7\u00e3o que satura a cor*\/\ntransform: scale(1.05);\ntransition: 0.3s;\n}\n<\/style>\n\n<div class=\"row\" style=\"background-color: #f9f7f3; padding: 25px 10px 20px 10px; margin: 70px 0px 70px 0px;\">\n<div class=\"col-lg-5 text-center\" style=\"text-align: center;\">\n<a title=\"Saiba mais sobre o Curso Online\" href=\"https:\/\/educativo.colegioflorenca.com.br\/matriculas-abertas\" target=\"_blank\" rel=\"noopener noreferrer\"><img decoding=\"async\" id=\"prime-img-knkjk3po\" class=\"img-fluid\" style=\"margin-bottom: 20px;\" src=\"http:\/\/www.colegioflorenca.com.br\/blog\/wp-content\/uploads\/2021\/09\/matriculas-abertas-opcao1.gif\" alt=\"A primeira inf\u00e2ncia \u00e9 a etapa mais importante da Vida - Matr\u00edculas Abertas\"><\/a>\n<\/div>\n<div class=\"col-lg-7 text-center text-md-left\">\n<h3 style=\"margin-top: 10px; font-size: 26px; color: #3d3d3d; \"><strong>\ud83d\udc76 Matr\u00edculas Abertas Col\u00e9gio Floren\u00e7a<\/strong><\/h3>\n<p style=\"margin-top: 15px; margin-bottom: 15px; font-size: 18px;\">Somos refer\u00eancia nacional em Educa\u00e7\u00e3o Infantil<\/p>\n<p style=\"font-size: 15px; line-height: 24px;\">Um trabalho t\u00e3o qualificado precisa de um alto grau de especializa\u00e7\u00e3o. \u00c9 por isso que recebemos estudiosos de todo o Brasil para conhecer e pesquisar nossa Escola. O Col\u00e9gio Floren\u00e7a desenvolve h\u00e1 15 anos uma metodologia inovadora, especializada na educa\u00e7\u00e3o de crian\u00e7as de 0 a 6 anos.<\/p>\n<p style=\"margin-top: 15px;\">\ud83d\udc49 <a id=\"prime-btn-knkjk3po\" class=\"btn\" title=\"Clique para mais detalhes\" href=\"https:\/\/educativo.colegioflorenca.com.br\/matriculas-abertas\" target=\"_blank\" rel=\"noopener noreferrer\">Saiba mais sobre o Col\u00e9gio Floren\u00e7a<\/a><\/p><\/div><\/div>\n\n\n\n<p><\/p>\n\n\n\n<div style=\"margin-left: 30px; margin-top: 50px; margin-bottom: 80px;\">\n<p class=\"h4\" style=\"margin-bottom: 30px;\">Confira tamb\u00e9m:<\/p>\n<p class=\"h5 mb-3\">\ud83d\udc49 <a title=\"Clique e confira\" href=\"https:\/\/www.colegioflorenca.com.br\/blog\/confira-8-dicas-para-aumentar-a-producao-de-leite-materno\/\" target=\"_blank\" rel=\"noopener noreferrer\">Confira 8 dicas para aumentar a produ\u00e7\u00e3o de leite materno<\/a><\/p>\n<p class=\"h5 mb-3\">\ud83d\udc49 <a title=\"Clique e confira\" href=\"https:\/\/www.colegioflorenca.com.br\/blog\/guia-completo-da-introducao-alimentar-do-bebe-por-onde-comecar\/\" target=\"_blank\" rel=\"noopener noreferrer\">Guia completo da Introdu\u00e7\u00e3o Alimentar do Beb\u00ea: por onde come\u00e7ar?<\/a><\/p>\n<p class=\"h5 mb-3\">\ud83d\udc49 <a title=\"Clique e confira\" href=\"https:\/\/www.colegioflorenca.com.br\/blog\/burnout-materno-sinais-e-consequencias-da-dupla-jornada-na-maternidade\/\" target=\"_blank\" rel=\"noopener noreferrer\">Burnout Materno: sinais e consequ\u00eancias da dupla jornada na maternidade<\/a><\/p>\n<p class=\"h5 mb-3\">\ud83d\udc49 <a title=\"Clique e confira\" href=\"https:\/\/www.colegioflorenca.com.br\/blog\/atraso-na-fala-dos-pequenos-entenda-os-sinais-e-possiveis-causas\/\" target=\"_blank\" rel=\"noopener noreferrer\">Atraso na fala dos pequenos: entenda os sinais e poss\u00edveis causas<\/a><\/p><\/div>\n","protected":false},"excerpt":{"rendered":"<p>A conta\u00e7\u00e3o de hist\u00f3rias \u00e9 uma pr\u00e1tica bastante antiga. Desde os povos ancestrais, as reuni\u00f5es de grupos em torno das hist\u00f3rias promoviam, al\u00e9m de momentos de confraterniza\u00e7\u00e3o, a troca de experi\u00eancias e saberes, que serviam para preservar os valores e a cultura dos povos.  Tamb\u00e9m muito retratada nos filmes, a conta\u00e7\u00e3o de hist\u00f3rias para as crian\u00e7as sempre foi uma ferramenta de transmiss\u00e3o de conhecimento, de est\u00edmulo da imagina\u00e7\u00e3o e do desenvolvimento da linguagem. Eis a\u00ed a import\u00e2ncia de contar hist\u00f3rias para seu beb\u00ea, afinal, quem nunca se sentiu entusiasmado ao ouvir \u201cEra uma vez\u2026\u201d, n\u00e3o \u00e9 mesmo? <\/p>\n","protected":false},"author":7,"featured_media":2025,"comment_status":"open","ping_status":"open","sticky":false,"template":"","format":"standard","meta":{"footnotes":""},"categories":[8,3,396,317],"tags":[397],"class_list":["post-2022","post","type-post","status-publish","format-standard","has-post-thumbnail","hentry","category-0-3-anos","category-3-6-anos","category-contacao-de-historias","category-materiais-educativos","tag-contar-historias-para-seu-bebe"],"yoast_head":"<!-- This site is optimized with the Yoast SEO plugin v17.1 - https:\/\/yoast.com\/wordpress\/plugins\/seo\/ -->\n<title>Contar hist\u00f3rias para seu beb\u00ea aumenta o v\u00ednculo entre voc\u00eas<\/title>\n<meta name=\"description\" content=\"Veja como contar hist\u00f3rias para seu beb\u00ea e fazer deste um momento de divers\u00e3o, aprendizado e est\u00edmulo \u00e0 criatividade. Clique para detalhes.\" \/>\n<meta name=\"robots\" content=\"index, follow, max-snippet:-1, max-image-preview:large, max-video-preview:-1\" \/>\n<link rel=\"canonical\" href=\"https:\/\/www.colegioflorenca.com.br\/blog\/contar-historias-para-seu-bebe-aumenta-o-vinculo-entre-voces-utilize-esse-recurso-na-criacao-dos-seus-filhos\/\" \/>\n<meta property=\"og:locale\" content=\"pt_BR\" \/>\n<meta property=\"og:type\" content=\"article\" \/>\n<meta property=\"og:title\" content=\"Contar hist\u00f3rias para seu beb\u00ea aumenta o v\u00ednculo entre voc\u00eas\" \/>\n<meta property=\"og:description\" content=\"Veja como contar hist\u00f3rias para seu beb\u00ea e fazer deste um momento de divers\u00e3o, aprendizado e est\u00edmulo \u00e0 criatividade. Clique para detalhes.\" \/>\n<meta property=\"og:url\" content=\"https:\/\/www.colegioflorenca.com.br\/blog\/contar-historias-para-seu-bebe-aumenta-o-vinculo-entre-voces-utilize-esse-recurso-na-criacao-dos-seus-filhos\/\" \/>\n<meta property=\"og:site_name\" content=\"Blog do Col\u00e9gio Acad\u00eamico Floren\u00e7a\" \/>\n<meta property=\"article:publisher\" content=\"https:\/\/www.facebook.com\/colegioflorenca\" \/>\n<meta property=\"article:published_time\" content=\"2021-11-16T14:06:00+00:00\" \/>\n<meta property=\"article:modified_time\" content=\"2021-11-23T14:36:17+00:00\" \/>\n<meta property=\"og:image\" content=\"http:\/\/www.colegioflorenca.com.br\/blog\/wp-content\/uploads\/2021\/11\/post-blog-contar-historias-para-seu-bebe.jpg\" \/>\n\t<meta property=\"og:image:width\" content=\"1002\" \/>\n\t<meta property=\"og:image:height\" content=\"527\" \/>\n<meta name=\"twitter:card\" content=\"summary_large_image\" \/>\n<meta name=\"twitter:label1\" content=\"Escrito por\" \/>\n\t<meta name=\"twitter:data1\" content=\"K\u00e9len Oliveira\" \/>\n\t<meta name=\"twitter:label2\" content=\"Est. tempo de leitura\" \/>\n\t<meta name=\"twitter:data2\" content=\"6 minutos\" \/>\n<script type=\"application\/ld+json\" class=\"yoast-schema-graph\">{\"@context\":\"https:\/\/schema.org\",\"@graph\":[{\"@type\":\"WebSite\",\"@id\":\"https:\/\/www.colegioflorenca.com.br\/blog\/#website\",\"url\":\"https:\/\/www.colegioflorenca.com.br\/blog\/\",\"name\":\"Col\\u00e9gio Acad\\u00eamico Floren\\u00e7a\",\"description\":\"Col\\u00e9gio Floren\\u00e7a - Escola Infantil em Florian\\u00f3polis\",\"potentialAction\":[{\"@type\":\"SearchAction\",\"target\":{\"@type\":\"EntryPoint\",\"urlTemplate\":\"https:\/\/www.colegioflorenca.com.br\/blog\/?s={search_term_string}\"},\"query-input\":\"required name=search_term_string\"}],\"inLanguage\":\"pt-BR\"},{\"@type\":\"ImageObject\",\"@id\":\"https:\/\/www.colegioflorenca.com.br\/blog\/contar-historias-para-seu-bebe-aumenta-o-vinculo-entre-voces-utilize-esse-recurso-na-criacao-dos-seus-filhos\/#primaryimage\",\"inLanguage\":\"pt-BR\",\"url\":\"https:\/\/www.colegioflorenca.com.br\/blog\/wp-content\/uploads\/2021\/11\/post-blog-contar-historias-para-seu-bebe.jpg\",\"contentUrl\":\"https:\/\/www.colegioflorenca.com.br\/blog\/wp-content\/uploads\/2021\/11\/post-blog-contar-historias-para-seu-bebe.jpg\",\"width\":1002,\"height\":527,\"caption\":\"m\\u00e3e lendo um livro para o beb\\u00ea - Contar hist\\u00f3rias para seu beb\\u00ea\"},{\"@type\":\"WebPage\",\"@id\":\"https:\/\/www.colegioflorenca.com.br\/blog\/contar-historias-para-seu-bebe-aumenta-o-vinculo-entre-voces-utilize-esse-recurso-na-criacao-dos-seus-filhos\/#webpage\",\"url\":\"https:\/\/www.colegioflorenca.com.br\/blog\/contar-historias-para-seu-bebe-aumenta-o-vinculo-entre-voces-utilize-esse-recurso-na-criacao-dos-seus-filhos\/\",\"name\":\"Contar hist\\u00f3rias para seu beb\\u00ea aumenta o v\\u00ednculo entre voc\\u00eas\",\"isPartOf\":{\"@id\":\"https:\/\/www.colegioflorenca.com.br\/blog\/#website\"},\"primaryImageOfPage\":{\"@id\":\"https:\/\/www.colegioflorenca.com.br\/blog\/contar-historias-para-seu-bebe-aumenta-o-vinculo-entre-voces-utilize-esse-recurso-na-criacao-dos-seus-filhos\/#primaryimage\"},\"datePublished\":\"2021-11-16T14:06:00+00:00\",\"dateModified\":\"2021-11-23T14:36:17+00:00\",\"author\":{\"@id\":\"https:\/\/www.colegioflorenca.com.br\/blog\/#\/schema\/person\/9610a218893e23b0005647e57c367861\"},\"description\":\"Veja como contar hist\\u00f3rias para seu beb\\u00ea e fazer deste um momento de divers\\u00e3o, aprendizado e est\\u00edmulo \\u00e0 criatividade. Clique para detalhes.\",\"breadcrumb\":{\"@id\":\"https:\/\/www.colegioflorenca.com.br\/blog\/contar-historias-para-seu-bebe-aumenta-o-vinculo-entre-voces-utilize-esse-recurso-na-criacao-dos-seus-filhos\/#breadcrumb\"},\"inLanguage\":\"pt-BR\",\"potentialAction\":[{\"@type\":\"ReadAction\",\"target\":[\"https:\/\/www.colegioflorenca.com.br\/blog\/contar-historias-para-seu-bebe-aumenta-o-vinculo-entre-voces-utilize-esse-recurso-na-criacao-dos-seus-filhos\/\"]}]},{\"@type\":\"BreadcrumbList\",\"@id\":\"https:\/\/www.colegioflorenca.com.br\/blog\/contar-historias-para-seu-bebe-aumenta-o-vinculo-entre-voces-utilize-esse-recurso-na-criacao-dos-seus-filhos\/#breadcrumb\",\"itemListElement\":[{\"@type\":\"ListItem\",\"position\":1,\"name\":\"In\\u00edcio\",\"item\":\"https:\/\/www.colegioflorenca.com.br\/blog\/\"},{\"@type\":\"ListItem\",\"position\":2,\"name\":\"Contar hist\\u00f3rias para seu beb\\u00ea aumenta o v\\u00ednculo entre voc\\u00eas: utilize esse recurso na cria\\u00e7\\u00e3o dos seus filhos\"}]},{\"@type\":\"Person\",\"@id\":\"https:\/\/www.colegioflorenca.com.br\/blog\/#\/schema\/person\/9610a218893e23b0005647e57c367861\",\"name\":\"K\\u00e9len Oliveira\",\"image\":{\"@type\":\"ImageObject\",\"@id\":\"https:\/\/www.colegioflorenca.com.br\/blog\/#personlogo\",\"inLanguage\":\"pt-BR\",\"url\":\"https:\/\/secure.gravatar.com\/avatar\/736e1d79dc3140621f9ac1b9cd5f90054a72f79e6e9c493d8a19e7c5a16413ba?s=96&d=mm&r=g\",\"contentUrl\":\"https:\/\/secure.gravatar.com\/avatar\/736e1d79dc3140621f9ac1b9cd5f90054a72f79e6e9c493d8a19e7c5a16413ba?s=96&d=mm&r=g\",\"caption\":\"K\\u00e9len Oliveira\"},\"description\":\"Ol\\u00e1! Sou K\\u00e9len Oliveira, jornalista e redatora. Trabalho na \\u00e1rea de Marketing Digital produzindo conte\\u00fados web desde 2018, com dezenas de artigos escritos sobre os mais variados temas. Espero que este material contribua para sua pesquisa e conhecimento!\"}]}<\/script>\n<!-- \/ Yoast SEO plugin. -->","yoast_head_json":{"title":"Contar hist\u00f3rias para seu beb\u00ea aumenta o v\u00ednculo entre voc\u00eas","description":"Veja como contar hist\u00f3rias para seu beb\u00ea e fazer deste um momento de divers\u00e3o, aprendizado e est\u00edmulo \u00e0 criatividade. Clique para detalhes.","robots":{"index":"index","follow":"follow","max-snippet":"max-snippet:-1","max-image-preview":"max-image-preview:large","max-video-preview":"max-video-preview:-1"},"canonical":"https:\/\/www.colegioflorenca.com.br\/blog\/contar-historias-para-seu-bebe-aumenta-o-vinculo-entre-voces-utilize-esse-recurso-na-criacao-dos-seus-filhos\/","og_locale":"pt_BR","og_type":"article","og_title":"Contar hist\u00f3rias para seu beb\u00ea aumenta o v\u00ednculo entre voc\u00eas","og_description":"Veja como contar hist\u00f3rias para seu beb\u00ea e fazer deste um momento de divers\u00e3o, aprendizado e est\u00edmulo \u00e0 criatividade. Clique para detalhes.","og_url":"https:\/\/www.colegioflorenca.com.br\/blog\/contar-historias-para-seu-bebe-aumenta-o-vinculo-entre-voces-utilize-esse-recurso-na-criacao-dos-seus-filhos\/","og_site_name":"Blog do Col\u00e9gio Acad\u00eamico Floren\u00e7a","article_publisher":"https:\/\/www.facebook.com\/colegioflorenca","article_published_time":"2021-11-16T14:06:00+00:00","article_modified_time":"2021-11-23T14:36:17+00:00","og_image":[{"width":1002,"height":527,"url":"http:\/\/www.colegioflorenca.com.br\/blog\/wp-content\/uploads\/2021\/11\/post-blog-contar-historias-para-seu-bebe.jpg","path":"\/home\/u505644395\/domains\/colegioflorenca.com.br\/public_html\/blog\/wp-content\/uploads\/2021\/11\/post-blog-contar-historias-para-seu-bebe.jpg","size":"full","id":2025,"alt":"m\u00e3e lendo um livro para o beb\u00ea - Contar hist\u00f3rias para seu beb\u00ea","pixels":528054,"type":"image\/jpeg"}],"twitter_card":"summary_large_image","twitter_misc":{"Escrito por":"K\u00e9len Oliveira","Est. tempo de leitura":"6 minutos"},"schema":{"@context":"https:\/\/schema.org","@graph":[{"@type":"WebSite","@id":"https:\/\/www.colegioflorenca.com.br\/blog\/#website","url":"https:\/\/www.colegioflorenca.com.br\/blog\/","name":"Col\u00e9gio Acad\u00eamico Floren\u00e7a","description":"Col\u00e9gio Floren\u00e7a - Escola Infantil em Florian\u00f3polis","potentialAction":[{"@type":"SearchAction","target":{"@type":"EntryPoint","urlTemplate":"https:\/\/www.colegioflorenca.com.br\/blog\/?s={search_term_string}"},"query-input":"required name=search_term_string"}],"inLanguage":"pt-BR"},{"@type":"ImageObject","@id":"https:\/\/www.colegioflorenca.com.br\/blog\/contar-historias-para-seu-bebe-aumenta-o-vinculo-entre-voces-utilize-esse-recurso-na-criacao-dos-seus-filhos\/#primaryimage","inLanguage":"pt-BR","url":"https:\/\/www.colegioflorenca.com.br\/blog\/wp-content\/uploads\/2021\/11\/post-blog-contar-historias-para-seu-bebe.jpg","contentUrl":"https:\/\/www.colegioflorenca.com.br\/blog\/wp-content\/uploads\/2021\/11\/post-blog-contar-historias-para-seu-bebe.jpg","width":1002,"height":527,"caption":"m\u00e3e lendo um livro para o beb\u00ea - Contar hist\u00f3rias para seu beb\u00ea"},{"@type":"WebPage","@id":"https:\/\/www.colegioflorenca.com.br\/blog\/contar-historias-para-seu-bebe-aumenta-o-vinculo-entre-voces-utilize-esse-recurso-na-criacao-dos-seus-filhos\/#webpage","url":"https:\/\/www.colegioflorenca.com.br\/blog\/contar-historias-para-seu-bebe-aumenta-o-vinculo-entre-voces-utilize-esse-recurso-na-criacao-dos-seus-filhos\/","name":"Contar hist\u00f3rias para seu beb\u00ea aumenta o v\u00ednculo entre voc\u00eas","isPartOf":{"@id":"https:\/\/www.colegioflorenca.com.br\/blog\/#website"},"primaryImageOfPage":{"@id":"https:\/\/www.colegioflorenca.com.br\/blog\/contar-historias-para-seu-bebe-aumenta-o-vinculo-entre-voces-utilize-esse-recurso-na-criacao-dos-seus-filhos\/#primaryimage"},"datePublished":"2021-11-16T14:06:00+00:00","dateModified":"2021-11-23T14:36:17+00:00","author":{"@id":"https:\/\/www.colegioflorenca.com.br\/blog\/#\/schema\/person\/9610a218893e23b0005647e57c367861"},"description":"Veja como contar hist\u00f3rias para seu beb\u00ea e fazer deste um momento de divers\u00e3o, aprendizado e est\u00edmulo \u00e0 criatividade. Clique para detalhes.","breadcrumb":{"@id":"https:\/\/www.colegioflorenca.com.br\/blog\/contar-historias-para-seu-bebe-aumenta-o-vinculo-entre-voces-utilize-esse-recurso-na-criacao-dos-seus-filhos\/#breadcrumb"},"inLanguage":"pt-BR","potentialAction":[{"@type":"ReadAction","target":["https:\/\/www.colegioflorenca.com.br\/blog\/contar-historias-para-seu-bebe-aumenta-o-vinculo-entre-voces-utilize-esse-recurso-na-criacao-dos-seus-filhos\/"]}]},{"@type":"BreadcrumbList","@id":"https:\/\/www.colegioflorenca.com.br\/blog\/contar-historias-para-seu-bebe-aumenta-o-vinculo-entre-voces-utilize-esse-recurso-na-criacao-dos-seus-filhos\/#breadcrumb","itemListElement":[{"@type":"ListItem","position":1,"name":"In\u00edcio","item":"https:\/\/www.colegioflorenca.com.br\/blog\/"},{"@type":"ListItem","position":2,"name":"Contar hist\u00f3rias para seu beb\u00ea aumenta o v\u00ednculo entre voc\u00eas: utilize esse recurso na cria\u00e7\u00e3o dos seus filhos"}]},{"@type":"Person","@id":"https:\/\/www.colegioflorenca.com.br\/blog\/#\/schema\/person\/9610a218893e23b0005647e57c367861","name":"K\u00e9len Oliveira","image":{"@type":"ImageObject","@id":"https:\/\/www.colegioflorenca.com.br\/blog\/#personlogo","inLanguage":"pt-BR","url":"https:\/\/secure.gravatar.com\/avatar\/736e1d79dc3140621f9ac1b9cd5f90054a72f79e6e9c493d8a19e7c5a16413ba?s=96&d=mm&r=g","contentUrl":"https:\/\/secure.gravatar.com\/avatar\/736e1d79dc3140621f9ac1b9cd5f90054a72f79e6e9c493d8a19e7c5a16413ba?s=96&d=mm&r=g","caption":"K\u00e9len Oliveira"},"description":"Ol\u00e1! Sou K\u00e9len Oliveira, jornalista e redatora. Trabalho na \u00e1rea de Marketing Digital produzindo conte\u00fados web desde 2018, com dezenas de artigos escritos sobre os mais variados temas. Espero que este material contribua para sua pesquisa e conhecimento!"}]}},"_links":{"self":[{"href":"https:\/\/www.colegioflorenca.com.br\/blog\/wp-json\/wp\/v2\/posts\/2022","targetHints":{"allow":["GET"]}}],"collection":[{"href":"https:\/\/www.colegioflorenca.com.br\/blog\/wp-json\/wp\/v2\/posts"}],"about":[{"href":"https:\/\/www.colegioflorenca.com.br\/blog\/wp-json\/wp\/v2\/types\/post"}],"author":[{"embeddable":true,"href":"https:\/\/www.colegioflorenca.com.br\/blog\/wp-json\/wp\/v2\/users\/7"}],"replies":[{"embeddable":true,"href":"https:\/\/www.colegioflorenca.com.br\/blog\/wp-json\/wp\/v2\/comments?post=2022"}],"version-history":[{"count":7,"href":"https:\/\/www.colegioflorenca.com.br\/blog\/wp-json\/wp\/v2\/posts\/2022\/revisions"}],"predecessor-version":[{"id":2041,"href":"https:\/\/www.colegioflorenca.com.br\/blog\/wp-json\/wp\/v2\/posts\/2022\/revisions\/2041"}],"wp:featuredmedia":[{"embeddable":true,"href":"https:\/\/www.colegioflorenca.com.br\/blog\/wp-json\/wp\/v2\/media\/2025"}],"wp:attachment":[{"href":"https:\/\/www.colegioflorenca.com.br\/blog\/wp-json\/wp\/v2\/media?parent=2022"}],"wp:term":[{"taxonomy":"category","embeddable":true,"href":"https:\/\/www.colegioflorenca.com.br\/blog\/wp-json\/wp\/v2\/categories?post=2022"},{"taxonomy":"post_tag","embeddable":true,"href":"https:\/\/www.colegioflorenca.com.br\/blog\/wp-json\/wp\/v2\/tags?post=2022"}],"curies":[{"name":"wp","href":"https:\/\/api.w.org\/{rel}","templated":true}]}}