{"id":2210,"date":"2022-05-31T23:05:00","date_gmt":"2022-06-01T02:05:00","guid":{"rendered":"https:\/\/www.colegioflorenca.com.br\/blog\/?p=2210"},"modified":"2022-06-02T15:07:24","modified_gmt":"2022-06-02T18:07:24","slug":"autonomia-infantil-o-que-e-e-como-desenvolve-la-desde-a-primeira-infancia","status":"publish","type":"post","link":"https:\/\/www.colegioflorenca.com.br\/blog\/autonomia-infantil-o-que-e-e-como-desenvolve-la-desde-a-primeira-infancia\/","title":{"rendered":"Autonomia Infantil: o que \u00e9 e como desenvolv\u00ea-la desde a primeira inf\u00e2ncia?"},"content":{"rendered":"\n<p><em>Veja como \u00e9 fundamental promover a autonomia infantil desde muito cedo para que a crian\u00e7a cres\u00e7a e consiga se transformar num adulto seguro e independente.<\/em><\/p>\n\n\n\n<p>Quando nascemos, somos incapazes de fazer qualquer coisa por conta pr\u00f3pria. Chegamos ao mundo sem autonomia alguma e dependemos diretamente dos adultos para desenvolv\u00ea-la a ponto de tomarmos nossas pr\u00f3prias decis\u00f5es e conseguirmos interagir com as coisas e pessoas \u00e0 nossa volta.<\/p>\n\n\n\n<p>Sem ajuda dos pais e cuidadores para se alimentar, higienizar, ter seguran\u00e7a e afeto \u00e9 imposs\u00edvel que as crian\u00e7as sobrevivam. Conforme elas crescem, desenvolvem novas habilidades para sanar suas necessidades, lidar com problemas e buscar solu\u00e7\u00f5es para tudo isso.<\/p>\n\n\n\n<p>Com toda certeza, os cuidados s\u00e3o fundamentais para a sobreviv\u00eancia e desenvolvimento dos pequeninos. No entanto, quando excessivos, podem prejudicar a autonomia infantil e causar impactos pessoais, emocionais e sociais na vida das crian\u00e7as.&nbsp;<\/p>\n\n\n\n<p>Para se formarem como pessoas aptas a conviver harmoniosamente com o mundo, \u00e9 fundamental que as crian\u00e7as tenham espa\u00e7o para se auto conhecerem e desenvolverem uma infinidade de habilidades que ser\u00e3o indispens\u00e1veis na juventude e posteriormente na maturidade.&nbsp;<\/p>\n\n\n\n<p>Promover a autonomia infantil n\u00e3o \u00e9 deixar a crian\u00e7a se virar sozinha. \u00c9 uma forma de torn\u00e1-la mais segura, independente e h\u00e1bil desde a <a href=\"https:\/\/www.colegioflorenca.com.br\/blog\/primeira-infancia-a-fase-mais-importante-do-desenvolvimento-infantil\/\" target=\"_blank\" rel=\"noreferrer noopener\">primeira inf\u00e2ncia<\/a> com o suporte adequado dos pais e demais cuidadores, na medida certa, sempre respeitando a faixa et\u00e1ria.<\/p>\n\n\n\n<p>Desde muito novas, as crian\u00e7as j\u00e1 podem ter autonomia, come\u00e7ando por levar o talher at\u00e9 a boca para comer, a pegar objetos, <a href=\"https:\/\/www.colegioflorenca.com.br\/blog\/qual-e-o-melhor-momento-para-iniciar-o-desfralde-e-como-conduzi-lo\/\" target=\"_blank\" rel=\"noreferrer noopener\">fazer as necessidades fisiol\u00f3gicas por conta pr\u00f3pria<\/a> e, mais tarde, organizando os espa\u00e7os ap\u00f3s a brincadeira, deixando em ordem o material que ser\u00e1 utilizado na escola e muitas outras rotinas sem a necessidade de um adulto.<\/p>\n\n\n\n<p>Para n\u00f3s adultos, pode at\u00e9 parecer coisas simples, mas para os pequeninos faz toda a diferen\u00e7a em seu desenvolvimento. Continue a leitura e entenda melhor o que \u00e9 a autonomia infantil e como desenvolv\u00ea-la j\u00e1 na primeira inf\u00e2ncia.\u00a0<\/p>\n\n\n\n<div class=\"row\" style=\"margin: 70px 20px 70px 20px;\">\n<div class=\"text-center\" style=\"margin: 0 auto; display: block;\"><a title=\"Saiba mais sobre o Curso Online\" href=\"https:\/\/educativo.colegioflorenca.com.br\/matriculas-abertas\" target=\"_blank\" rel=\"noopener noreferrer\"><img decoding=\"async\" id=\"prime-img-knkjk3po\" class=\"img-fluid\" src=\"http:\/\/www.colegioflorenca.com.br\/blog\/wp-content\/uploads\/2021\/09\/caf-card-horizontal4.jpg\" alt=\"A primeira inf\u00e2ncia \u00e9 a etapa mais importante da Vida - Matr\u00edculas Abertas\"><\/a><\/div>\n<\/div>\n\n\n\n<h2 style=\"margin-top: 50px; margin-bottom: 30px;\">O que \u00e9 a Autonomia Infantil?<\/h2>\n\n\n\n<p>A autonomia \u00e9 a capacidade de realizar fun\u00e7\u00f5es e a\u00e7\u00f5es para si pr\u00f3prio, ou ao pr\u00f3ximo, sem a assist\u00eancia de outros indiv\u00edduos. \u00c9 um conhecimento adquirido por pr\u00e1ticas di\u00e1rias e, tamb\u00e9m, ao observar as outras pessoas, por meio da intera\u00e7\u00e3o da crian\u00e7a consigo mesma, com terceiros, com o mundo e todos os elementos que a rodeiam.<\/p>\n\n\n\n<p>A autonomia infantil condiz com a capacidade que os pequeninos t\u00eam para desenvolver e aprimorar habilidades, a maturidade e o discernimento na hora de solucionar as situa\u00e7\u00f5es di\u00e1rias, seja em casa ou no ambiente escolar.<\/p>\n\n\n\n<p>Quando a crian\u00e7a n\u00e3o tem a oportunidade de desenvolver sua autonomia, ou seja, n\u00e3o realiza tarefas tang\u00edveis por conta pr\u00f3pria, maiores ser\u00e3o as dificuldades encontradas no conv\u00edvio social e na solu\u00e7\u00e3o de seus pr\u00f3prios problemas. Assim, sem sua maturidade, s\u00e3o grandes os riscos dela se transformar num adulto sem autonomia alguma ou que s\u00f3 consegue agir e\/ou interagir com o suporte de outras pessoas.<\/p>\n\n\n\n<p>Normalmente, a autonomia infantil est\u00e1 presente quando a crian\u00e7a consegue cuidar de si e de suas coisas, tem responsabilidade por seu bem estar, e de outras pessoas, de maneira sens\u00edvel e solid\u00e1ria, al\u00e9m de ser capaz de interagir com o outro de igual para igual, sem se anular ou diminuir a exist\u00eancia do pr\u00f3ximo.<\/p>\n\n\n\n<h2 style=\"margin-top: 50px; margin-bottom: 30px;\">Como desenvolv\u00ea-la desde a primeira inf\u00e2ncia?<\/h2>\n\n\n\n<p>Assim como qualquer outro tipo de habilidade, a autonomia infantil tamb\u00e9m \u00e9 desenvolvida a partir de est\u00edmulos e do contato direto com adultos e outras crian\u00e7as. Por isso, desde cedo ela deve ser estimulada, uma vez que n\u00e3o \u201cnasce\u201d junto com a crian\u00e7a e muito menos brota de uma hora para outra.<\/p>\n\n\n\n<p>Portanto, o est\u00edmulo dos pais e cuidadores s\u00e3o essenciais para o desenvolvimento da autonomia. Confira a seguir algumas orienta\u00e7\u00f5es para <a href=\"https:\/\/www.colegioflorenca.com.br\/blog\/quais-os-principais-marcos-do-desenvolvimento-infantil\/\" target=\"_blank\" rel=\"noreferrer noopener\">diferentes fases do desenvolvimento infantil<\/a>.<\/p>\n\n\n\n<h3 style=\"margin-top: 50px; margin-bottom: 30px;\">Estimule as atividades apropriadas para cada fase do desenvolvimento infantil<\/h3>\n\n\n\n<h4 style=\"margin-top: 50px; margin-bottom: 30px;\">Dos 2 aos 3 anos<\/h4>\n\n\n\n<p>Entre dois a tr\u00eas anos, a crian\u00e7a j\u00e1 tem a capacidade de se alimentar sozinha, sentar \u00e0 mesa, organizar seus brinquedos, colocar algumas pe\u00e7as de roupas e at\u00e9 seus sapatos (se eles n\u00e3o tiverem cadar\u00e7o).<\/p>\n\n\n\n<h4 style=\"margin-top: 50px; margin-bottom: 30px;\">Dos 3 aos 4 anos<\/h4>\n\n\n\n<p>A partir dos tr\u00eas anos, <a href=\"https:\/\/www.colegioflorenca.com.br\/blog\/qual-e-o-melhor-momento-para-iniciar-o-desfralde-e-como-conduzi-lo\/\" target=\"_blank\" rel=\"noreferrer noopener\">voc\u00ea pode estimular as idas ao banheiro sob sua supervis\u00e3o<\/a>, ensinar a arrumar a mochila da escolinha e separar as roupas sujas das limpas. Al\u00e9m disso, voc\u00ea pode come\u00e7ar a ensinar a amarrar os sapatos e a tomar banho.<\/p>\n\n\n\n<h4 style=\"margin-top: 50px; margin-bottom: 30px;\">Dos 4 aos 5 anos<\/h4>\n\n\n\n<p>Com 4 anos, os pequeninos j\u00e1 s\u00e3o capazes de realizar sua higiene pessoal, escolher e vestir suas roupas. Voc\u00ea pode tamb\u00e9m convid\u00e1-la para fazer algumas refei\u00e7\u00f5es, como colocar o leite ou suco no copo e passar geleia no p\u00e3o com um talher sem l\u00e2mina. Tamb\u00e9m \u00e9 nesta fase que a crian\u00e7a pode come\u00e7ar aprender a se comunicar bem com outras pessoas, para transmitir suas necessidades sem a presen\u00e7a dos pais para falar em seu lugar.<\/p>\n\n\n\n<h4 style=\"margin-top: 50px; margin-bottom: 30px;\">A partir dos 5 anos<\/h4>\n\n\n\n<p>Depois dos 5 anos, os pequeninos j\u00e1 conseguem fazer muitas atividades e rotinas um pouco mais complexas por conta pr\u00f3pria. \u00c9 o momento de ensinar como arrumar a cama, jogar os diferentes tipos de lixo no lugar certo, lavar lou\u00e7as leves que n\u00e3o sejam de vidro, ajudar no preparo de alguns alimentos e etc.&nbsp;<\/p>\n\n\n\n<p>Nesta faixa et\u00e1ria, as crian\u00e7as j\u00e1 t\u00eam plena capacidade de compreender o que os adultos dizem, fazem e como as coisas devem ser feitas. \u00c9 o momento de entregar est\u00edmulos para desenvolver habilidades que voc\u00ea acredita serem indispens\u00e1veis em seu lar e na realidade da sua fam\u00edlia.<\/p>\n\n\n\n<div class=\"row\" style=\"margin: 70px 20px 70px 20px;\">\n<div class=\"text-center\" style=\"margin: 0 auto; display: block;\"><a title=\"Baixe gratuitamente nosso eBook\" href=\"https:\/\/educativo.colegioflorenca.com.br\/como-trabalhar-os-limites-em-cada-etapa-da-infancia\" target=\"_blank\" rel=\"noopener noreferrer\"><img decoding=\"async\" id=\"prime-img-knkjk3po\" class=\"img-fluid\" src=\"http:\/\/www.colegioflorenca.com.br\/blog\/wp-content\/uploads\/2022\/03\/ebook-colegio-florenca-roger-hansen3.png\" alt=\"Ebook - Como trabalhar os limites em cada etapa da inf\u00e2ncia?\"><\/a><\/div>\n<\/div>\n\n\n\n<h2 style=\"margin-top: 50px; margin-bottom: 30px;\">Ensine seu filho a lidar com as frustra\u00e7\u00f5es<\/h2>\n\n\n\n<p>A aquisi\u00e7\u00e3o de autonomia est\u00e1 diretamente ligada com frustra\u00e7\u00f5es. Para aprendermos algo \u00e9 preciso de muitas tentativas que, inevitavelmente, resultar\u00e3o em erros at\u00e9 que seja dominado. \u00c9 um processo de desenvolvimento que acontece atrav\u00e9s das consequ\u00eancias positivas e negativas que vivenciamos no dia a dia.<\/p>\n\n\n\n<p>A crian\u00e7a se frustra at\u00e9 conquistar autonomia, isso \u00e9 algo totalmente natural. Apesar de ser dolorido para os pais verem seus filhos frustrados, irritados ou entristecidos, \u00e9 preciso que os pequeninos passem por isso para se formarem e conquistarem independ\u00eancia com o passar dos anos.<\/p>\n\n\n\n<p>Essas frustra\u00e7\u00f5es s\u00e3o indispens\u00e1veis para que os pequeninos se transformem em adultos gratos com o que t\u00eam, em vez de pessoas constantemente insatisfeitas. Al\u00e9m disso, constroem a resili\u00eancia, uma caracter\u00edstica imprescind\u00edvel para a autonomia infantil.<\/p>\n\n\n\n<p>Portanto, \u00e9 crucial que os pais n\u00e3o ajudem os filhos de imediato quando alguma tentativa resulta em erro. \u00c9 preciso permitir que os pequeninos errem e aprendam a lidar com as frustra\u00e7\u00f5es at\u00e9 que consigam realizar o que querem ou precisam. Mesmo que voc\u00ea saiba que algo n\u00e3o dar\u00e1 certo, n\u00e3o interrompa, deixe que a crian\u00e7a aprenda com o erro e fa\u00e7a diferente na pr\u00f3xima tentativa.&nbsp;&nbsp;<\/p>\n\n\n\n<h2 style=\"margin-top: 50px; margin-bottom: 30px;\">Incentive as escolhas e a resolu\u00e7\u00e3o de problemas<\/h2>\n\n\n\n<p>Um ponto muito importante para desenvolver a autonomia infantil \u00e9 n\u00e3o focar nos erros. Em vez disso, o correto \u00e9 incentivar novas escolhas e mostrar o caminho para a resolu\u00e7\u00e3o dos problemas, nunca entregar a solu\u00e7\u00e3o de uma vez.<\/p>\n\n\n\n<p>\u00c9 fundamental confiar na capacidade da crian\u00e7a e sempre deixar claro que, caso seja necess\u00e1rio, voc\u00ea estar\u00e1 l\u00e1 de prontid\u00e3o para ajud\u00e1-la. Quando os pequenos sabem que os pais somente os interrompem caso for solicitado ou necess\u00e1rio, eles se sentem mais confiantes para tentar e arriscar outras alternativas at\u00e9 encontrar a solu\u00e7\u00e3o.<\/p>\n\n\n\n<h2 style=\"margin-top: 50px; margin-bottom: 30px;\">Estimule a comunica\u00e7\u00e3o<\/h2>\n\n\n\n<p>A interrup\u00e7\u00e3o do fluxo de ideias e a superprote\u00e7\u00e3o s\u00e3o mal\u00e9ficas para o desenvolvimento da autonomia infantil. Essas a\u00e7\u00f5es resultam na inabilidade comunicativa e podem desencadear <a href=\"https:\/\/www.colegioflorenca.com.br\/blog\/como-ajudar-o-seu-filho-a-lidar-com-as-emocoes\/\" target=\"_blank\" rel=\"noreferrer noopener\">problemas psicossociais e emocionais, como vergonha excessiva e ansiedade<\/a>, por exemplo.<\/p>\n\n\n\n<p>\u00c9 muito comum encontrar pais que falam por seus filhos ou os poupam de qualquer impasse, situa\u00e7\u00f5es que s\u00e3o muito prejudiciais para o desenvolvimento da autonomia. As crian\u00e7as t\u00eam a capacidade de se comunicar e expressar o que sentem, sendo fundamental permitir que elas transmitam suas inten\u00e7\u00f5es e anseios.<\/p>\n\n\n\n<p>Isto porque, se comunicar sem bloqueios \u00e9 fundamental para a crian\u00e7a desenvolver sua autonomia. Trata-se de uma habilidade social indispens\u00e1vel para a sobreviv\u00eancia e conviv\u00eancia durante todas as fases da vida.&nbsp;<\/p>\n\n\n\n<p>Por isso, d\u00ea espa\u00e7o para seu\/sua pequeno(a) expor suas ideias e, sempre que identificar algum bloqueio, incentive-a a se comunicar, pois a comunica\u00e7\u00e3o \u00e9 totalmente relevante ao aprendizado e, principalmente, na constru\u00e7\u00e3o de la\u00e7os afetivos nos diferentes ambientes que ela vive.&nbsp;&nbsp;<\/p>\n\n\n\n<p>Isso n\u00e3o quer dizer que voc\u00ea deve deixar a crian\u00e7a por conta pr\u00f3pria, fazendo o que quiser sempre que achar necess\u00e1rio. Estimular a comunica\u00e7\u00e3o para desenvolver a autonomia infantil significa dar aten\u00e7\u00e3o para as necessidades da crian\u00e7a, suas respostas e, a partir disso, direcion\u00e1-la para escolhas mais adequadas.<\/p>\n\n\n\n<p>Tudo isso, deve ser feito com paci\u00eancia, equil\u00edbrio, tranquilidade e muito respeito, para que a crian\u00e7a se torne uma pessoa com emocional forte, segura de si e assertiva em suas escolhas.<br>E ent\u00e3o, gostou de aprender sobre a autonomia infantil e como estimular a crian\u00e7a a adquiri-la desde a primeira inf\u00e2ncia? Para saber muito mais sobre o desenvolvimento dos pequeninos <a href=\"https:\/\/www.colegioflorenca.com.br\/blog\/\">continue nave<\/a><a href=\"https:\/\/www.colegioflorenca.com.br\/blog\/\" target=\"_blank\" rel=\"noreferrer noopener\">g<\/a><a href=\"https:\/\/www.colegioflorenca.com.br\/blog\/\">ando aqui no blog<\/a>!<\/p>\n\n\n\n<style type=\"text\/css\" rel=\"stylesheet\">\n#prime-img-knkjk3po:hover { \ntransform: scale(1.02);\ntransition: 0.3s;\n}\n#prime-btn-knkjk3po:hover { \nfilter:saturate(150%); \/*Essa \u00e9 uma op\u00e7\u00e3o que satura a cor*\/\ntransform: scale(1.05);\ntransition: 0.3s;\n}\n<\/style>\n\n<div class=\"row\" style=\"background-color: #f9f7f3; padding: 25px 10px 20px 10px; margin: 70px 0px 70px 0px;\">\n<div class=\"col-lg-5 text-center\" style=\"text-align: center;\">\n<a title=\"Saiba mais sobre o Curso Online\" href=\"https:\/\/educativo.colegioflorenca.com.br\/matriculas-abertas\" target=\"_blank\" rel=\"noopener noreferrer\"><img decoding=\"async\" id=\"prime-img-knkjk3po\" class=\"img-fluid\" style=\"margin-bottom: 20px;\" src=\"http:\/\/www.colegioflorenca.com.br\/blog\/wp-content\/uploads\/2021\/09\/matriculas-abertas-opcao1.gif\" alt=\"A primeira inf\u00e2ncia \u00e9 a etapa mais importante da Vida - Matr\u00edculas Abertas\"><\/a>\n<\/div>\n<div class=\"col-lg-7 text-center text-md-left\">\n<h3 style=\"margin-top: 10px; font-size: 26px; color: #3d3d3d; \"><strong>\ud83d\udc76 Matr\u00edculas Abertas Col\u00e9gio Floren\u00e7a<\/strong><\/h3>\n<p style=\"margin-top: 15px; margin-bottom: 15px; font-size: 18px;\">Somos refer\u00eancia nacional em Educa\u00e7\u00e3o Infantil<\/p>\n<p style=\"font-size: 15px; line-height: 24px;\">Um trabalho t\u00e3o qualificado precisa de um alto grau de especializa\u00e7\u00e3o. \u00c9 por isso que recebemos estudiosos de todo o Brasil para conhecer e pesquisar nossa Escola. O Col\u00e9gio Floren\u00e7a desenvolve h\u00e1 15 anos uma metodologia inovadora, especializada na educa\u00e7\u00e3o de crian\u00e7as de 0 a 6 anos.<\/p>\n<p style=\"margin-top: 15px;\">\ud83d\udc49 <a id=\"prime-btn-knkjk3po\" class=\"btn\" title=\"Clique para mais detalhes\" href=\"https:\/\/educativo.colegioflorenca.com.br\/matriculas-abertas\" target=\"_blank\" rel=\"noopener noreferrer\">Saiba mais sobre o Col\u00e9gio Floren\u00e7a<\/a><\/p><\/div><\/div>\n\n\n\n<p><\/p>\n\n\n\n<div style=\"margin-left: 30px; margin-top: 50px; margin-bottom: 80px;\">\n<p class=\"h4\" style=\"margin-bottom: 30px;\">Confira tamb\u00e9m:<\/p>\n<p class=\"h5 mb-3\">\ud83d\udc49 <a title=\"Clique e confira\" href=\"https:\/\/www.colegioflorenca.com.br\/blog\/a-importancia-dos-limites-para-o-desenvolvimento-infantil\/\" target=\"_blank\" rel=\"noopener noreferrer\">A import\u00e2ncia dos limites para o desenvolvimento infantil<\/a><\/p>\n<p class=\"h5 mb-3\">\ud83d\udc49 <a title=\"Clique e confira\" href=\"https:\/\/www.colegioflorenca.com.br\/blog\/a-importancia-do-brincar-livre-na-educacao-infantil\/\" target=\"_blank\" rel=\"noopener noreferrer\">A import\u00e2ncia do brincar livre na educa\u00e7\u00e3o infantil<\/a><\/p>\n<p class=\"h5 mb-3\">\ud83d\udc49 <a title=\"Clique e confira\" href=\"https:\/\/www.colegioflorenca.com.br\/blog\/vovo-baba-ou-creche-qual-a-melhor-opcao-apos-o-termino-da-licenca-maternidade\/\" target=\"_blank\" rel=\"noopener noreferrer\">ov\u00f3, bab\u00e1 ou creche: qual a melhor op\u00e7\u00e3o ap\u00f3s o t\u00e9rmino da licen\u00e7a maternidade?<\/a><\/p>\n<p class=\"h5 mb-3\">\ud83d\udc49 <a title=\"Clique e confira\" href=\"https:\/\/www.colegioflorenca.com.br\/blog\/a-importancia-das-atividades-ludicas-na-educacao-infantil\/\" target=\"_blank\" rel=\"noopener noreferrer\">A import\u00e2ncia das atividades l\u00fadicas na Educa\u00e7\u00e3o Infantil<\/a><\/p><\/div>\n","protected":false},"excerpt":{"rendered":"<p>Assim como qualquer outro tipo de habilidade, a autonomia infantil tamb\u00e9m \u00e9 desenvolvida a partir de est\u00edmulos e do contato direto com adultos e outras crian\u00e7as. Por isso, desde cedo ela deve ser estimulada, uma vez que n\u00e3o \u201cnasce\u201d junto com a crian\u00e7a e muito menos brota de uma hora para outra.<\/p>\n","protected":false},"author":6,"featured_media":2220,"comment_status":"open","ping_status":"open","sticky":false,"template":"","format":"standard","meta":{"footnotes":""},"categories":[8,3,311],"tags":[415,358],"class_list":["post-2210","post","type-post","status-publish","format-standard","has-post-thumbnail","hentry","category-0-3-anos","category-3-6-anos","category-familia","tag-autonomia-infantil","tag-primeira-infancia"],"yoast_head":"<!-- This site is optimized with the Yoast SEO plugin v17.1 - https:\/\/yoast.com\/wordpress\/plugins\/seo\/ -->\n<title>\u00a0Autonomia Infantil: o que \u00e9 e como desenvolv\u00ea-la na primeira inf\u00e2ncia?<\/title>\n<meta name=\"description\" content=\"Veja porque \u00e9 fundamental promover a autonomia infantil desde muito cedo para que a crian\u00e7a se torne um adulto seguro e independente. Clique!\" \/>\n<meta name=\"robots\" content=\"index, follow, max-snippet:-1, max-image-preview:large, max-video-preview:-1\" \/>\n<link rel=\"canonical\" href=\"https:\/\/www.colegioflorenca.com.br\/blog\/autonomia-infantil-o-que-e-e-como-desenvolve-la-desde-a-primeira-infancia\/\" \/>\n<meta property=\"og:locale\" content=\"pt_BR\" \/>\n<meta property=\"og:type\" content=\"article\" \/>\n<meta property=\"og:title\" content=\"\u00a0Autonomia Infantil: o que \u00e9 e como desenvolv\u00ea-la na primeira inf\u00e2ncia?\" \/>\n<meta property=\"og:description\" content=\"Veja porque \u00e9 fundamental promover a autonomia infantil desde muito cedo para que a crian\u00e7a se torne um adulto seguro e independente. Clique!\" \/>\n<meta property=\"og:url\" content=\"https:\/\/www.colegioflorenca.com.br\/blog\/autonomia-infantil-o-que-e-e-como-desenvolve-la-desde-a-primeira-infancia\/\" \/>\n<meta property=\"og:site_name\" content=\"Blog do Col\u00e9gio Acad\u00eamico Floren\u00e7a\" \/>\n<meta property=\"article:publisher\" content=\"https:\/\/www.facebook.com\/colegioflorenca\" \/>\n<meta property=\"article:published_time\" content=\"2022-06-01T02:05:00+00:00\" \/>\n<meta property=\"article:modified_time\" content=\"2022-06-02T18:07:24+00:00\" \/>\n<meta property=\"og:image\" content=\"http:\/\/www.colegioflorenca.com.br\/blog\/wp-content\/uploads\/2022\/06\/post-blog-autonomia-infantil.jpg\" \/>\n\t<meta property=\"og:image:width\" content=\"1002\" \/>\n\t<meta property=\"og:image:height\" content=\"527\" \/>\n<meta name=\"twitter:card\" content=\"summary_large_image\" \/>\n<meta name=\"twitter:label1\" content=\"Escrito por\" \/>\n\t<meta name=\"twitter:data1\" content=\"Elisabete Alhadas\" \/>\n\t<meta name=\"twitter:label2\" content=\"Est. tempo de leitura\" \/>\n\t<meta name=\"twitter:data2\" content=\"7 minutos\" \/>\n<script type=\"application\/ld+json\" class=\"yoast-schema-graph\">{\"@context\":\"https:\/\/schema.org\",\"@graph\":[{\"@type\":\"WebSite\",\"@id\":\"https:\/\/www.colegioflorenca.com.br\/blog\/#website\",\"url\":\"https:\/\/www.colegioflorenca.com.br\/blog\/\",\"name\":\"Col\\u00e9gio Acad\\u00eamico Floren\\u00e7a\",\"description\":\"Col\\u00e9gio Floren\\u00e7a - Escola Infantil em Florian\\u00f3polis\",\"potentialAction\":[{\"@type\":\"SearchAction\",\"target\":{\"@type\":\"EntryPoint\",\"urlTemplate\":\"https:\/\/www.colegioflorenca.com.br\/blog\/?s={search_term_string}\"},\"query-input\":\"required name=search_term_string\"}],\"inLanguage\":\"pt-BR\"},{\"@type\":\"ImageObject\",\"@id\":\"https:\/\/www.colegioflorenca.com.br\/blog\/autonomia-infantil-o-que-e-e-como-desenvolve-la-desde-a-primeira-infancia\/#primaryimage\",\"inLanguage\":\"pt-BR\",\"url\":\"https:\/\/www.colegioflorenca.com.br\/blog\/wp-content\/uploads\/2022\/06\/post-blog-autonomia-infantil.jpg\",\"contentUrl\":\"https:\/\/www.colegioflorenca.com.br\/blog\/wp-content\/uploads\/2022\/06\/post-blog-autonomia-infantil.jpg\",\"width\":1002,\"height\":527,\"caption\":\"duas crian\\u00e7as brincando no jardim - Autonomia Infantil\"},{\"@type\":\"WebPage\",\"@id\":\"https:\/\/www.colegioflorenca.com.br\/blog\/autonomia-infantil-o-que-e-e-como-desenvolve-la-desde-a-primeira-infancia\/#webpage\",\"url\":\"https:\/\/www.colegioflorenca.com.br\/blog\/autonomia-infantil-o-que-e-e-como-desenvolve-la-desde-a-primeira-infancia\/\",\"name\":\"\\u00a0Autonomia Infantil: o que \\u00e9 e como desenvolv\\u00ea-la na primeira inf\\u00e2ncia?\",\"isPartOf\":{\"@id\":\"https:\/\/www.colegioflorenca.com.br\/blog\/#website\"},\"primaryImageOfPage\":{\"@id\":\"https:\/\/www.colegioflorenca.com.br\/blog\/autonomia-infantil-o-que-e-e-como-desenvolve-la-desde-a-primeira-infancia\/#primaryimage\"},\"datePublished\":\"2022-06-01T02:05:00+00:00\",\"dateModified\":\"2022-06-02T18:07:24+00:00\",\"author\":{\"@id\":\"https:\/\/www.colegioflorenca.com.br\/blog\/#\/schema\/person\/94de7c0c8743006b00cc3ce8d4f1960e\"},\"description\":\"Veja porque \\u00e9 fundamental promover a autonomia infantil desde muito cedo para que a crian\\u00e7a se torne um adulto seguro e independente. Clique!\",\"breadcrumb\":{\"@id\":\"https:\/\/www.colegioflorenca.com.br\/blog\/autonomia-infantil-o-que-e-e-como-desenvolve-la-desde-a-primeira-infancia\/#breadcrumb\"},\"inLanguage\":\"pt-BR\",\"potentialAction\":[{\"@type\":\"ReadAction\",\"target\":[\"https:\/\/www.colegioflorenca.com.br\/blog\/autonomia-infantil-o-que-e-e-como-desenvolve-la-desde-a-primeira-infancia\/\"]}]},{\"@type\":\"BreadcrumbList\",\"@id\":\"https:\/\/www.colegioflorenca.com.br\/blog\/autonomia-infantil-o-que-e-e-como-desenvolve-la-desde-a-primeira-infancia\/#breadcrumb\",\"itemListElement\":[{\"@type\":\"ListItem\",\"position\":1,\"name\":\"In\\u00edcio\",\"item\":\"https:\/\/www.colegioflorenca.com.br\/blog\/\"},{\"@type\":\"ListItem\",\"position\":2,\"name\":\"Autonomia Infantil: o que \\u00e9 e como desenvolv\\u00ea-la desde a primeira inf\\u00e2ncia?\"}]},{\"@type\":\"Person\",\"@id\":\"https:\/\/www.colegioflorenca.com.br\/blog\/#\/schema\/person\/94de7c0c8743006b00cc3ce8d4f1960e\",\"name\":\"Elisabete Alhadas\",\"image\":{\"@type\":\"ImageObject\",\"@id\":\"https:\/\/www.colegioflorenca.com.br\/blog\/#personlogo\",\"inLanguage\":\"pt-BR\",\"url\":\"https:\/\/secure.gravatar.com\/avatar\/b1711229ce79995d22d5979e2fe49e97b9f343c507eced700df279f2bb59bb75?s=96&d=mm&r=g\",\"contentUrl\":\"https:\/\/secure.gravatar.com\/avatar\/b1711229ce79995d22d5979e2fe49e97b9f343c507eced700df279f2bb59bb75?s=96&d=mm&r=g\",\"caption\":\"Elisabete Alhadas\"},\"description\":\"Ol\\u00e1! Eu sou a Elisabete, redatora deste post. Espero que voc\\u00ea curta esse conte\\u00fado. Boa leitura. Aproveito para deixar um convite para voc\\u00ea\\u00a0baixar alguns materiais gratuitos. ;)\"}]}<\/script>\n<!-- \/ Yoast SEO plugin. -->","yoast_head_json":{"title":"\u00a0Autonomia Infantil: o que \u00e9 e como desenvolv\u00ea-la na primeira inf\u00e2ncia?","description":"Veja porque \u00e9 fundamental promover a autonomia infantil desde muito cedo para que a crian\u00e7a se torne um adulto seguro e independente. Clique!","robots":{"index":"index","follow":"follow","max-snippet":"max-snippet:-1","max-image-preview":"max-image-preview:large","max-video-preview":"max-video-preview:-1"},"canonical":"https:\/\/www.colegioflorenca.com.br\/blog\/autonomia-infantil-o-que-e-e-como-desenvolve-la-desde-a-primeira-infancia\/","og_locale":"pt_BR","og_type":"article","og_title":"\u00a0Autonomia Infantil: o que \u00e9 e como desenvolv\u00ea-la na primeira inf\u00e2ncia?","og_description":"Veja porque \u00e9 fundamental promover a autonomia infantil desde muito cedo para que a crian\u00e7a se torne um adulto seguro e independente. Clique!","og_url":"https:\/\/www.colegioflorenca.com.br\/blog\/autonomia-infantil-o-que-e-e-como-desenvolve-la-desde-a-primeira-infancia\/","og_site_name":"Blog do Col\u00e9gio Acad\u00eamico Floren\u00e7a","article_publisher":"https:\/\/www.facebook.com\/colegioflorenca","article_published_time":"2022-06-01T02:05:00+00:00","article_modified_time":"2022-06-02T18:07:24+00:00","og_image":[{"width":1002,"height":527,"filesize":117829,"url":"http:\/\/www.colegioflorenca.com.br\/blog\/wp-content\/uploads\/2022\/06\/post-blog-autonomia-infantil.jpg","path":"\/home\/u505644395\/domains\/colegioflorenca.com.br\/public_html\/blog\/wp-content\/uploads\/2022\/06\/post-blog-autonomia-infantil.jpg","size":"full","id":2220,"alt":"duas crian\u00e7as brincando no jardim - Autonomia Infantil","pixels":528054,"type":"image\/jpeg"}],"twitter_card":"summary_large_image","twitter_misc":{"Escrito por":"Elisabete Alhadas","Est. tempo de leitura":"7 minutos"},"schema":{"@context":"https:\/\/schema.org","@graph":[{"@type":"WebSite","@id":"https:\/\/www.colegioflorenca.com.br\/blog\/#website","url":"https:\/\/www.colegioflorenca.com.br\/blog\/","name":"Col\u00e9gio Acad\u00eamico Floren\u00e7a","description":"Col\u00e9gio Floren\u00e7a - Escola Infantil em Florian\u00f3polis","potentialAction":[{"@type":"SearchAction","target":{"@type":"EntryPoint","urlTemplate":"https:\/\/www.colegioflorenca.com.br\/blog\/?s={search_term_string}"},"query-input":"required name=search_term_string"}],"inLanguage":"pt-BR"},{"@type":"ImageObject","@id":"https:\/\/www.colegioflorenca.com.br\/blog\/autonomia-infantil-o-que-e-e-como-desenvolve-la-desde-a-primeira-infancia\/#primaryimage","inLanguage":"pt-BR","url":"https:\/\/www.colegioflorenca.com.br\/blog\/wp-content\/uploads\/2022\/06\/post-blog-autonomia-infantil.jpg","contentUrl":"https:\/\/www.colegioflorenca.com.br\/blog\/wp-content\/uploads\/2022\/06\/post-blog-autonomia-infantil.jpg","width":1002,"height":527,"caption":"duas crian\u00e7as brincando no jardim - Autonomia Infantil"},{"@type":"WebPage","@id":"https:\/\/www.colegioflorenca.com.br\/blog\/autonomia-infantil-o-que-e-e-como-desenvolve-la-desde-a-primeira-infancia\/#webpage","url":"https:\/\/www.colegioflorenca.com.br\/blog\/autonomia-infantil-o-que-e-e-como-desenvolve-la-desde-a-primeira-infancia\/","name":"\u00a0Autonomia Infantil: o que \u00e9 e como desenvolv\u00ea-la na primeira inf\u00e2ncia?","isPartOf":{"@id":"https:\/\/www.colegioflorenca.com.br\/blog\/#website"},"primaryImageOfPage":{"@id":"https:\/\/www.colegioflorenca.com.br\/blog\/autonomia-infantil-o-que-e-e-como-desenvolve-la-desde-a-primeira-infancia\/#primaryimage"},"datePublished":"2022-06-01T02:05:00+00:00","dateModified":"2022-06-02T18:07:24+00:00","author":{"@id":"https:\/\/www.colegioflorenca.com.br\/blog\/#\/schema\/person\/94de7c0c8743006b00cc3ce8d4f1960e"},"description":"Veja porque \u00e9 fundamental promover a autonomia infantil desde muito cedo para que a crian\u00e7a se torne um adulto seguro e independente. Clique!","breadcrumb":{"@id":"https:\/\/www.colegioflorenca.com.br\/blog\/autonomia-infantil-o-que-e-e-como-desenvolve-la-desde-a-primeira-infancia\/#breadcrumb"},"inLanguage":"pt-BR","potentialAction":[{"@type":"ReadAction","target":["https:\/\/www.colegioflorenca.com.br\/blog\/autonomia-infantil-o-que-e-e-como-desenvolve-la-desde-a-primeira-infancia\/"]}]},{"@type":"BreadcrumbList","@id":"https:\/\/www.colegioflorenca.com.br\/blog\/autonomia-infantil-o-que-e-e-como-desenvolve-la-desde-a-primeira-infancia\/#breadcrumb","itemListElement":[{"@type":"ListItem","position":1,"name":"In\u00edcio","item":"https:\/\/www.colegioflorenca.com.br\/blog\/"},{"@type":"ListItem","position":2,"name":"Autonomia Infantil: o que \u00e9 e como desenvolv\u00ea-la desde a primeira inf\u00e2ncia?"}]},{"@type":"Person","@id":"https:\/\/www.colegioflorenca.com.br\/blog\/#\/schema\/person\/94de7c0c8743006b00cc3ce8d4f1960e","name":"Elisabete Alhadas","image":{"@type":"ImageObject","@id":"https:\/\/www.colegioflorenca.com.br\/blog\/#personlogo","inLanguage":"pt-BR","url":"https:\/\/secure.gravatar.com\/avatar\/b1711229ce79995d22d5979e2fe49e97b9f343c507eced700df279f2bb59bb75?s=96&d=mm&r=g","contentUrl":"https:\/\/secure.gravatar.com\/avatar\/b1711229ce79995d22d5979e2fe49e97b9f343c507eced700df279f2bb59bb75?s=96&d=mm&r=g","caption":"Elisabete Alhadas"},"description":"Ol\u00e1! Eu sou a Elisabete, redatora deste post. Espero que voc\u00ea curta esse conte\u00fado. Boa leitura. Aproveito para deixar um convite para voc\u00ea\u00a0baixar alguns materiais gratuitos. ;)"}]}},"_links":{"self":[{"href":"https:\/\/www.colegioflorenca.com.br\/blog\/wp-json\/wp\/v2\/posts\/2210","targetHints":{"allow":["GET"]}}],"collection":[{"href":"https:\/\/www.colegioflorenca.com.br\/blog\/wp-json\/wp\/v2\/posts"}],"about":[{"href":"https:\/\/www.colegioflorenca.com.br\/blog\/wp-json\/wp\/v2\/types\/post"}],"author":[{"embeddable":true,"href":"https:\/\/www.colegioflorenca.com.br\/blog\/wp-json\/wp\/v2\/users\/6"}],"replies":[{"embeddable":true,"href":"https:\/\/www.colegioflorenca.com.br\/blog\/wp-json\/wp\/v2\/comments?post=2210"}],"version-history":[{"count":5,"href":"https:\/\/www.colegioflorenca.com.br\/blog\/wp-json\/wp\/v2\/posts\/2210\/revisions"}],"predecessor-version":[{"id":2222,"href":"https:\/\/www.colegioflorenca.com.br\/blog\/wp-json\/wp\/v2\/posts\/2210\/revisions\/2222"}],"wp:featuredmedia":[{"embeddable":true,"href":"https:\/\/www.colegioflorenca.com.br\/blog\/wp-json\/wp\/v2\/media\/2220"}],"wp:attachment":[{"href":"https:\/\/www.colegioflorenca.com.br\/blog\/wp-json\/wp\/v2\/media?parent=2210"}],"wp:term":[{"taxonomy":"category","embeddable":true,"href":"https:\/\/www.colegioflorenca.com.br\/blog\/wp-json\/wp\/v2\/categories?post=2210"},{"taxonomy":"post_tag","embeddable":true,"href":"https:\/\/www.colegioflorenca.com.br\/blog\/wp-json\/wp\/v2\/tags?post=2210"}],"curies":[{"name":"wp","href":"https:\/\/api.w.org\/{rel}","templated":true}]}}