{"id":2271,"date":"2022-07-19T14:09:00","date_gmt":"2022-07-19T17:09:00","guid":{"rendered":"https:\/\/www.colegioflorenca.com.br\/blog\/?p=2271"},"modified":"2022-08-05T15:35:20","modified_gmt":"2022-08-05T18:35:20","slug":"o-que-seu-filho-precisa-para-ter-um-desenvolvimento-positivo","status":"publish","type":"post","link":"https:\/\/www.colegioflorenca.com.br\/blog\/o-que-seu-filho-precisa-para-ter-um-desenvolvimento-positivo\/","title":{"rendered":"O que seu filho precisa para ter um desenvolvimento positivo?"},"content":{"rendered":"\n<h4 style=\"margin-top: 50px; margin-bottom: 30px;\">Entenda o que \u00e9 o desenvolvimento positivo, quais s\u00e3o os pontos essenciais para ele acontecer e veja 8 dicas para desenvolver bem sua crian\u00e7a em todos os aspectos.<\/h4>\n\n\n\n<p>Quando nascemos, nosso c\u00e9rebro \u00e9 como uma esponja que absorve todas as experi\u00eancias vividas para que possamos nos desenvolver e ter autonomia. Desta forma, o comportamento dos pais, as diferentes sensa\u00e7\u00f5es, ambientes e rotinas do cotidiano causam impactos que ressoar\u00e3o at\u00e9 a vida adulta da crian\u00e7a.<\/p>\n\n\n\n<p>Tudo que \u00e9 vivido pelos pequeninos \u00e9 armazenado no c\u00e9rebro, sejam as experi\u00eancias boas ou ruins, a fim de os preparar para os diferentes est\u00e1gios e desafios da vida. Portanto, \u00e9 importante que os pais tenham ci\u00eancia de que todos os est\u00edmulos que entregam \u00e0 crian\u00e7a podem atrapalhar ou colaborar com seu desenvolvimento.<\/p>\n\n\n\n<p>Por isso \u00e9 t\u00e3o importante focar em a\u00e7\u00f5es que promovam o desenvolvimento positivo das crian\u00e7as, afinal, tudo o que sentem e aprendem durante a inf\u00e2ncia vai acompanh\u00e1-las at\u00e9 seu \u00faltimo dia de vida.<\/p>\n\n\n\n<p>Mas o que seria o desenvolvimento positivo de uma crian\u00e7a? Quais pontos s\u00e3o essenciais para promov\u00ea-lo? Voc\u00ea sabe?<\/p>\n\n\n\n<p>Continue a leitura e aprenda tudo isso. No final voc\u00ea confere 8 dicas para garantir que o desenvolvimento de seu\/sua filha seja positivo!<\/p>\n\n\n\n<p>Vamos l\u00e1?<\/p>\n\n\n\n<div class=\"row\" style=\"margin: 70px 20px 70px 20px;\">\n<div class=\"text-center\" style=\"margin: 0 auto; display: block;\"><a title=\"Saiba mais sobre o Curso Online\" href=\"https:\/\/educativo.colegioflorenca.com.br\/matriculas-abertas\" target=\"_blank\" rel=\"noopener noreferrer\"><img decoding=\"async\" id=\"prime-img-knkjk3po\" class=\"img-fluid\" src=\"http:\/\/www.colegioflorenca.com.br\/blog\/wp-content\/uploads\/2021\/09\/caf-card-horizontal3.jpg\" alt=\"A primeira inf\u00e2ncia \u00e9 a etapa mais importante da Vida - Matr\u00edculas Abertas\"><\/a><\/div>\n<\/div>\n\n\n\n<h2 style=\"margin-top: 50px; margin-bottom: 30px;\">Quais pontos essenciais para um desenvolvimento positivo?<\/h2>\n\n\n\n<p>\u00c9 normal que pais de \u201cprimeira viagem\u201d foquem toda sua aten\u00e7\u00e3o na sa\u00fade dos filhos. De maneira alguma essa postura \u00e9 incorreta. \u00c9 indispens\u00e1vel acompanhar o crescimento, o ganho de peso, a alimenta\u00e7\u00e3o e quaisquer sinais que sejam incomuns para <a href=\"https:\/\/www.colegioflorenca.com.br\/blog\/como-desenvolver-habitos-saudaveis-nas-criancas\/\" target=\"_blank\" rel=\"noreferrer noopener\">garantir que a crian\u00e7a est\u00e1 saud\u00e1vel<\/a>.<\/p>\n\n\n\n<p>No entanto, o desenvolvimento positivo n\u00e3o se resume apenas a uma crian\u00e7a grande e fofinha. \u00c9 preciso focar tamb\u00e9m em outros pontos essenciais para que ela se desenvolva de forma saud\u00e1vel e harmoniosa, levando em considera\u00e7\u00e3o seus aspectos f\u00edsicos, cognitivos e sociais.<\/p>\n\n\n\n<p>Entenda porque esses aspectos s\u00e3o t\u00e3o essenciais no desenvolvimento positivo.<\/p>\n\n\n\n<h3 style=\"margin-top: 50px; margin-bottom: 30px;\">F\u00edsico<\/h3>\n\n\n\n<p>Quase tudo o que fazemos depende da nossa coordena\u00e7\u00e3o motora, seja para comer, andar, se expressar, carregar algo, dirigir, tomar banho ou trocar de roupas. Ela \u00e9 uma pe\u00e7a chave para nossa autonomia.<\/p>\n\n\n\n<p>Quando falamos dos aspectos f\u00edsicos no desenvolvimento positivo da crian\u00e7a, n\u00e3o estamos mencionando sua apar\u00eancia f\u00edsica, mas sim suas capacidades f\u00edsicas e motoras para que ela <a href=\"https:\/\/www.colegioflorenca.com.br\/blog\/autonomia-infantil-o-que-e-e-como-desenvolve-la-desde-a-primeira-infancia\/\" target=\"_blank\" rel=\"noreferrer noopener\">conquiste sua autonomia<\/a> e consiga se sentir segura na hora de fazer as coisas por conta pr\u00f3pria.<\/p>\n\n\n\n<p>Por isso \u00e9 t\u00e3o importante que os pequeninos tenham suas capacidades motoras estimuladas quando beb\u00eas e pratiquem atividades f\u00edsicas ou esportes quando maiores, para explorar seu f\u00edsico, adquirir novas habilidades, superar seus limites e alcan\u00e7ar seus objetivos que dependem do corpo para serem alcan\u00e7ados.<\/p>\n\n\n\n<p>Estimular o desenvolvimento motor da crian\u00e7a, al\u00e9m de colaborar com seu desenvolvimento positivo, tamb\u00e9m garante que ela n\u00e3o tenha dificuldades em realizar movimentos mais delicados com as m\u00e3os, coordena\u00e7\u00e3o para se equilibrar em uma <a href=\"https:\/\/www.colegioflorenca.com.br\/blog\/a-importancia-do-brincar-livre-na-educacao-infantil\/\" target=\"_blank\" rel=\"noreferrer noopener\">brincadeira ao ar livre<\/a>, ou at\u00e9 mesmo sofra problemas relacionados com o \u00f3cio, como obesidade e sedentarismo, por exemplo.&nbsp;<\/p>\n\n\n\n<h3 style=\"margin-top: 50px; margin-bottom: 30px;\">Cognitivo<\/h3>\n\n\n\n<p>Para promover o desenvolvimento positivo da crian\u00e7a \u00e9 essencial estimular suas habilidades cognitivas, pois s\u00e3o elas que far\u00e3o a crian\u00e7a experienciar todo o mundo a sua volta, entend\u00ea-lo e aprender como as coisas e pessoas \u201cfuncionam\u201d para poder interagir.<\/p>\n\n\n\n<p>\u00c9 o cognitivo que permite que a crian\u00e7a absorva as centenas e at\u00e9 milhares de informa\u00e7\u00f5es que recebe todos os dias e, a partir disso, aprenda sobre tudo a sua volta e, principalmente, v\u00e1 se auto descobrindo.<\/p>\n\n\n\n<p>Ou seja, s\u00e3o as habilidades cognitivas que auxiliam a crian\u00e7a no seu processo de aprendizagem, ajudam a solucionar problemas, a utilizar sua imagina\u00e7\u00e3o e a despertar compet\u00eancias importantes tanto na inf\u00e2ncia quanto na vida adulta.<\/p>\n\n\n\n<p>Quando o cognitivo da crian\u00e7a \u00e9 estimulado, sua coordena\u00e7\u00e3o motora tamb\u00e9m \u00e9 aprimorada. Al\u00e9m disso, tamb\u00e9m \u00e9 fundamental para que os pequeninos compreendam a rela\u00e7\u00e3o entre causa e efeito, a\u00e7\u00f5es e rea\u00e7\u00f5es, e <a href=\"https:\/\/www.colegioflorenca.com.br\/blog\/o-desenvolvimento-da-fala-entenda-como-seu-bebe-se-comunica-nos-primeiros-meses-de-vida\/\" target=\"_blank\" rel=\"noreferrer noopener\">desenvolvam sua linguagem<\/a>. Isso tamb\u00e9m impacta na capacidade de concentra\u00e7\u00e3o, qualidade da mem\u00f3ria, imagina\u00e7\u00e3o, criatividade e velocidade do racioc\u00ednio.<\/p>\n\n\n\n<h3 style=\"margin-top: 50px; margin-bottom: 30px;\">Social<\/h3>\n\n\n\n<p>Para a crian\u00e7a ter um desenvolvimento positivo, tamb\u00e9m \u00e9 necess\u00e1rio trabalhar a parte social. Isto porque, somos seres soci\u00e1veis. Vivemos em sociedade e precisamos, indispensavelmente, interagir com outros indiv\u00edduos para exercer nossas escolhas, seja em casa, na escola, no trabalho ou nos momentos de divers\u00e3o.<\/p>\n\n\n\n<p>Desenvolver as habilidades sociais dos pequeninos \u00e9 fundamental para que aprendam com mais facilidade e tenham um desempenho escolar satisfat\u00f3rio, pois assim conseguem interagir melhor no coletivo, tirar suas d\u00favidas com os professores e outros colegas, al\u00e9m de entenderem a import\u00e2ncia de trabalhar em equipe.<\/p>\n\n\n\n<p>Fora da escola, ou seja, na vida social, as crian\u00e7as que tiveram suas habilidades sociais estimuladas sabem como se comunicar melhor, t\u00eam empatia com os outros, fortalecem sua intelig\u00eancia emocional, desenvolvem senso cr\u00edtico mais apurado e exploram mais sua criatividade.&nbsp;<\/p>\n\n\n\n<div class=\"row\" style=\"margin: 70px 20px 70px 20px;\">\n<div class=\"text-center\" style=\"margin: 0 auto; display: block;\"><a title=\"Baixe gratuitamente nosso eBook\" href=\"https:\/\/educativo.colegioflorenca.com.br\/como-trabalhar-os-limites-em-cada-etapa-da-infancia\" target=\"_blank\" rel=\"noopener noreferrer\"><img decoding=\"async\" id=\"prime-img-knkjk3po\" class=\"img-fluid\" src=\"http:\/\/www.colegioflorenca.com.br\/blog\/wp-content\/uploads\/2022\/03\/ebook-colegio-florenca-roger-hansen3.png\" alt=\"Ebook - Como trabalhar os limites em cada etapa da inf\u00e2ncia?\"><\/a><\/div>\n<\/div>\n\n\n\n<h2 style=\"margin-top: 50px; margin-bottom: 30px;\">7 Dicas para voc\u00ea promover o desenvolvimento positivo do seu filho(a)<\/h2>\n\n\n\n<p>Agora que voc\u00ea conhece os pontos necess\u00e1rios para um desenvolvimento positivo, vamos te mostrar oito dicas para trabalh\u00e1-los adequadamente e garantir que seu\/sua filho(a) cres\u00e7a bem em todos os aspectos.<\/p>\n\n\n\n<h3 style=\"margin-top: 50px; margin-bottom: 30px;\">Alimenta\u00e7\u00e3o saud\u00e1vel<\/h3>\n\n\n\n<p><a href=\"https:\/\/www.colegioflorenca.com.br\/blog\/confira-8-dicas-para-aumentar-a-producao-de-leite-materno\/\" target=\"_blank\" rel=\"noreferrer noopener\">Estimular o aleitamento materno<\/a> pelo menos durante o primeiro ano de vida. Depois que a <a href=\"https:\/\/www.colegioflorenca.com.br\/blog\/guia-completo-da-introducao-alimentar-do-bebe-por-onde-comecar\/\" target=\"_blank\" rel=\"noreferrer noopener\">introdu\u00e7\u00e3o alimentar<\/a> se iniciar \u00e9 preciso focar somente nos alimentos saud\u00e1veis, como frutas, vegetais e prote\u00edna animal cozida ou assada, de prefer\u00eancia pouco gordurosa. Come\u00e7ar pelo pastoso, seguir para o s\u00f3lido em pequenos peda\u00e7os e finalizar a introdu\u00e7\u00e3o com os alimentos inteiros e separados no prato.&nbsp;<\/p>\n\n\n\n<p>Ap\u00f3s os 2 anos de idade, per\u00edodo em que as crian\u00e7as s\u00e3o apresentadas ao mundo das \u201cguloseimas\u201d, \u00e9 preciso ter muito cuidado e regular os alimentos ricos em a\u00e7\u00facar.<\/p>\n\n\n\n<p>Aqui o foco \u00e9 entregar os nutrientes necess\u00e1rios para ganho de peso adequado, desenvolvimento f\u00edsico e do c\u00e9rebro.&nbsp;&nbsp;<\/p>\n\n\n\n<h3 style=\"margin-top: 50px; margin-bottom: 30px;\">Amor, carinho, abra\u00e7o<\/h3>\n\n\n\n<p>Um dos aspectos essenciais para o desenvolvimento saud\u00e1vel da crian\u00e7a \u00e9 criar conex\u00f5es positivas, transmitir seguran\u00e7a e a sensa\u00e7\u00e3o de conforto. Portanto, \u00e9 fundamental oferecer carinho, acolher a crian\u00e7a com um abra\u00e7o, toc\u00e1-la enquando conversa com ela para transmitir afeto. Tenha em mente que a crian\u00e7a precisa do seu afeto para se desenvolver bem.&nbsp;<\/p>\n\n\n\n<h3 style=\"margin-top: 50px; margin-bottom: 30px;\">Seguran\u00e7a e prote\u00e7\u00e3o<\/h3>\n\n\n\n<p>\u00c9 preciso estabelecer uma rela\u00e7\u00e3o de seguran\u00e7a e prote\u00e7\u00e3o, que deixa a crian\u00e7a certa de que tem seus pais e outros entes pr\u00f3ximos na retaguarda. Assim, a crian\u00e7a consegue manter seu c\u00e9rebro livre de preocupa\u00e7\u00f5es e aberta para se desenvolver.<\/p>\n\n\n\n<h3 style=\"margin-top: 50px; margin-bottom: 30px;\">Elogios e est\u00edmulos<\/h3>\n\n\n\n<p>Os erros devem ser advertidos e os acertos elogiados. Sempre que seu\/sua filha(a) fizer algo do jeito certo ou se comportar de maneira adequada, ressalte a import\u00e2ncia dessas atitudes e fa\u00e7a elogios. Assim, ele\/ela sempre se esfor\u00e7ar\u00e1 para fazer o melhor.&nbsp;<\/p>\n\n\n\n<h3 style=\"margin-top: 50px; margin-bottom: 30px;\">Aten\u00e7\u00e3o e paci\u00eancia<\/h3>\n\n\n\n<p>Lembre-se: sua crian\u00e7a est\u00e1 num per\u00edodo de intenso desenvolvimento, com aprendizado constante, em tempo integral. Por isso \u00e9 t\u00e3o comum os pequeninos fazerem muitas perguntas ao longo do dia ou cometerem os mesmos erros repetidamente, at\u00e9 conseguirem fazer algo da maneira correta.<\/p>\n\n\n\n<p>Portanto, aten\u00e7\u00e3o e paci\u00eancia s\u00e3o indispens\u00e1veis para a crian\u00e7a. Responda todas as perguntas e, quando algo der errado, aponte o erro e mostre o caminho para o acerto. Tamb\u00e9m \u00e9 muito importante n\u00e3o fazer as coisas no lugar dela. Deixe-a explorar sua criatividade at\u00e9 conseguir e interfira somente quando sua ajuda for indispens\u00e1vel.<\/p>\n\n\n\n<h3 style=\"margin-top: 50px; margin-bottom: 30px;\">Conversar e serem ouvidas<\/h3>\n\n\n\n<p>Ao mesmo tempo que perguntam sem parar, faz parte do desenvolvimento positivo as crian\u00e7as expressarem seus pensamentos, desejos e vis\u00f5es de mundo. Nunca interrompa essa comunica\u00e7\u00e3o. No processo de aprendizagem, elas precisam interagir e serem ouvidas.<\/p>\n\n\n\n<p>Todo dia, escolha um assunto interessante ou importante e explore o conhecimento do seu\/sua filho(a). Escute o que ele\/ela pensa e no que acredita. A partir disso, construa um di\u00e1logo e deixe sempre espa\u00e7o para a crian\u00e7a falar.<\/p>\n\n\n\n<p>Ao conversar e dar espa\u00e7o para a crian\u00e7a ser ouvida, voc\u00ea ensina que ao mesmo tempo que todos t\u00eam o direito de falar, tamb\u00e9m t\u00eam o direito de serem ouvidos, um ponto essencial para o conv\u00edvio em sociedade.<\/p>\n\n\n\n<h3 style=\"margin-top: 50px; margin-bottom: 30px;\">Aprender coisas novas<\/h3>\n\n\n\n<p>Ajude seu\/sua filho(a) a explorar o mundo. Voc\u00ea n\u00e3o precisa de aparatos tecnol\u00f3gicos ou brinquedos car\u00edssimos para isso. Invista nos passeios e os fa\u00e7a com frequ\u00eancia.&nbsp;<\/p>\n\n\n\n<p>Uma simples volta no quarteir\u00e3o pode revelar muitas coisas desconhecidas. Por isso, toda vez que sair para passear com a crian\u00e7a mostre tudo, explique o que for necess\u00e1rio e responda todas as perguntas.<\/p>\n\n\n\n<h3 style=\"margin-top: 50px; margin-bottom: 30px;\">Tempo<\/h3>\n\n\n\n<p>Voc\u00ea precisa ter tempo de qualidade com a crian\u00e7a, tanto para ela se desenvolver harmoniosamente em todos os aspectos, quanto para concretizar a presen\u00e7a positiva dos pais.<\/p>\n\n\n\n<p>Todos os dias, reserve um tempo, ao menos uma hora, para interagir com seu\/sua filho(a). Al\u00e9m de promover o desenvolvimento positivo da crian\u00e7a, voc\u00ea tamb\u00e9m constr\u00f3i la\u00e7os e consegue educ\u00e1-lo melhor.&nbsp;<\/p>\n\n\n\n<p>Assim, voc\u00ea tornar\u00e1 a crian\u00e7a numa pessoa mais autoconfiante, segura e pronta para enfrentar os desafios da vida social, escolar e futuramente profissional.<\/p>\n\n\n\n<h2 style=\"margin-top: 50px; margin-bottom: 30px;\">O que o desenvolvimento positivo pode refletir na fase adulta?<\/h2>\n\n\n\n<p>Como voc\u00ea viu logo no in\u00edcio deste conte\u00fado, o c\u00e9rebro das crian\u00e7as absorve todas as experi\u00eancias que elas vivem, sejam tate\u00e1veis, olfativas, visuais ou auditivas. Por isso, nossos primeiros anos t\u00eam grande influ\u00eancia na vida adulta. Ali\u00e1s, \u00e9 muito comum dizer que os adultos de hoje s\u00e3o uma extens\u00e3o da crian\u00e7a que foram no passado.<\/p>\n\n\n\n<p>A interfer\u00eancia da inf\u00e2ncia na vida adulta \u00e9 intensa. Por isso \u00e9 t\u00e3o importante promover o desenvolvimento positivo para garantir que a crian\u00e7a n\u00e3o passe por experi\u00eancias ruins que se transformar\u00e3o em cicatrizes profundas na maturidade. \u00c9 uma forma de reduzir as chances dos pequeninos se transformarem em adultos inseguros, ansiosos, com dificuldade de aprender, se comunicar e principalmente socializar.<\/p>\n\n\n\n<p>E ent\u00e3o, gostou conhecer o que contempla o desenvolvimento positivo, os pontos essenciais para ser promovido e as dicas para coloc\u00e1-lo em pr\u00e1tica?&nbsp;<br>Para aprender muito mais sobre o desenvolvimento das crian\u00e7as <a href=\"https:\/\/www.colegioflorenca.com.br\/blog\/\" target=\"_blank\" rel=\"noreferrer noopener\">continue explorando o nosso blog<\/a>.<\/p>\n\n\n\n<style type=\"text\/css\" rel=\"stylesheet\">\n#prime-img-knkjk3po:hover { \ntransform: scale(1.02);\ntransition: 0.3s;\n}\n#prime-btn-knkjk3po:hover { \nfilter:saturate(150%); \/*Essa \u00e9 uma op\u00e7\u00e3o que satura a cor*\/\ntransform: scale(1.05);\ntransition: 0.3s;\n}\n<\/style>\n\n<div class=\"row\" style=\"background-color: #f9f7f3; padding: 25px 10px 20px 10px; margin: 70px 0px 70px 0px;\">\n<div class=\"col-lg-5 text-center\" style=\"text-align: center;\">\n<a title=\"Saiba mais sobre o Curso Online\" href=\"https:\/\/educativo.colegioflorenca.com.br\/matriculas-abertas\" target=\"_blank\" rel=\"noopener noreferrer\"><img decoding=\"async\" id=\"prime-img-knkjk3po\" class=\"img-fluid\" style=\"margin-bottom: 20px;\" src=\"http:\/\/www.colegioflorenca.com.br\/blog\/wp-content\/uploads\/2021\/09\/matriculas-abertas-opcao1.gif\" alt=\"A primeira inf\u00e2ncia \u00e9 a etapa mais importante da Vida - Matr\u00edculas Abertas\"><\/a>\n<\/div>\n<div class=\"col-lg-7 text-center text-md-left\">\n<h3 style=\"margin-top: 10px; font-size: 26px; color: #3d3d3d; \"><strong>\ud83d\udc76 Matr\u00edculas Abertas Col\u00e9gio Floren\u00e7a<\/strong><\/h3>\n<p style=\"margin-top: 15px; margin-bottom: 15px; font-size: 18px;\">Somos refer\u00eancia nacional em Educa\u00e7\u00e3o Infantil<\/p>\n<p style=\"font-size: 15px; line-height: 24px;\">Um trabalho t\u00e3o qualificado precisa de um alto grau de especializa\u00e7\u00e3o. \u00c9 por isso que recebemos estudiosos de todo o Brasil para conhecer e pesquisar nossa Escola. O Col\u00e9gio Floren\u00e7a desenvolve h\u00e1 15 anos uma metodologia inovadora, especializada na educa\u00e7\u00e3o de crian\u00e7as de 0 a 6 anos.<\/p>\n<p style=\"margin-top: 15px;\">\ud83d\udc49 <a id=\"prime-btn-knkjk3po\" class=\"btn\" title=\"Clique para mais detalhes\" href=\"https:\/\/educativo.colegioflorenca.com.br\/matriculas-abertas\" target=\"_blank\" rel=\"noopener noreferrer\">Saiba mais sobre o Col\u00e9gio Floren\u00e7a<\/a><\/p><\/div><\/div>\n\n\n\n<p><\/p>\n\n\n\n<div style=\"margin-left: 30px; margin-top: 50px; margin-bottom: 80px;\">\n<p class=\"h4\" style=\"margin-bottom: 30px;\">Confira tamb\u00e9m:<\/p>\n<p class=\"h5 mb-3\">\ud83d\udc49 <a title=\"Clique e confira\" href=\"https:\/\/www.colegioflorenca.com.br\/blog\/aprender-a-esperar-a-importancia-de-desenvolver-a-paciencia-nas-criancas\/\" target=\"_blank\" rel=\"noopener noreferrer\">Aprender a Esperar: a Import\u00e2ncia de Desenvolver a Paci\u00eancia nas Crian\u00e7as<\/a><\/p>\n<p class=\"h5 mb-3\">\ud83d\udc49 <a title=\"Clique e confira\" href=\"https:\/\/www.colegioflorenca.com.br\/blog\/periodo-integral-na-educacao-infantil-conheca-as-vantagens-para-o-desenvolvimento-da-crianca\/\" target=\"_blank\" rel=\"noopener noreferrer\">Per\u00edodo Integral na Educa\u00e7\u00e3o Infantil: conhe\u00e7a as vantagens para o desenvolvimento da crian\u00e7a<\/a><\/p>\n<p class=\"h5 mb-3\">\ud83d\udc49 <a title=\"Clique e confira\" href=\"https:\/\/www.colegioflorenca.com.br\/blog\/a-importancia-das-atividades-ludicas-na-educacao-infantil\/\" target=\"_blank\" rel=\"noopener noreferrer\">A import\u00e2ncia das atividades l\u00fadicas na Educa\u00e7\u00e3o Infantil<\/a><\/p>\n<p class=\"h5 mb-3\">\ud83d\udc49 <a title=\"Clique e confira\" href=\"https:\/\/www.colegioflorenca.com.br\/blog\/vovo-baba-ou-creche-qual-a-melhor-opcao-apos-o-termino-da-licenca-maternidade\/\" target=\"_blank\" rel=\"noopener noreferrer\">Vov\u00f3, bab\u00e1 ou creche: qual a melhor op\u00e7\u00e3o ap\u00f3s o t\u00e9rmino da licen\u00e7a maternidade?<\/a><\/p><\/div>\n","protected":false},"excerpt":{"rendered":"<p>O desenvolvimento positivo n\u00e3o se resume apenas a uma crian\u00e7a grande e fofinha. \u00c9 preciso focar tamb\u00e9m em outros pontos essenciais para que ela se desenvolva de forma saud\u00e1vel e harmoniosa, levando em considera\u00e7\u00e3o seus aspectos f\u00edsicos, cognitivos e sociais. Neste post, entenda porque esses aspectos s\u00e3o t\u00e3o essenciais no desenvolvimento positivo.<\/p>\n","protected":false},"author":6,"featured_media":2278,"comment_status":"open","ping_status":"open","sticky":false,"template":"","format":"standard","meta":{"footnotes":""},"categories":[8,3,1],"tags":[418],"class_list":["post-2271","post","type-post","status-publish","format-standard","has-post-thumbnail","hentry","category-0-3-anos","category-3-6-anos","category-dicas","tag-desenvolvimento-positivo"],"yoast_head":"<!-- This site is optimized with the Yoast SEO plugin v17.1 - https:\/\/yoast.com\/wordpress\/plugins\/seo\/ -->\n<title>O que seu filho precisa para ter um desenvolvimento positivo?<\/title>\n<meta name=\"description\" content=\"Entenda o que \u00e9 o desenvolvimento positivo e veja 8 dicas para desenvolver bem sua crian\u00e7a em todos os aspectos. Clique e confira!\" \/>\n<meta name=\"robots\" content=\"index, follow, max-snippet:-1, max-image-preview:large, max-video-preview:-1\" \/>\n<link rel=\"canonical\" href=\"https:\/\/www.colegioflorenca.com.br\/blog\/o-que-seu-filho-precisa-para-ter-um-desenvolvimento-positivo\/\" \/>\n<meta property=\"og:locale\" content=\"pt_BR\" \/>\n<meta property=\"og:type\" content=\"article\" \/>\n<meta property=\"og:title\" content=\"O que seu filho precisa para ter um desenvolvimento positivo?\" \/>\n<meta property=\"og:description\" content=\"Entenda o que \u00e9 o desenvolvimento positivo e veja 8 dicas para desenvolver bem sua crian\u00e7a em todos os aspectos. Clique e confira!\" \/>\n<meta property=\"og:url\" content=\"https:\/\/www.colegioflorenca.com.br\/blog\/o-que-seu-filho-precisa-para-ter-um-desenvolvimento-positivo\/\" \/>\n<meta property=\"og:site_name\" content=\"Blog do Col\u00e9gio Acad\u00eamico Floren\u00e7a\" \/>\n<meta property=\"article:publisher\" content=\"https:\/\/www.facebook.com\/colegioflorenca\" \/>\n<meta property=\"article:published_time\" content=\"2022-07-19T17:09:00+00:00\" \/>\n<meta property=\"article:modified_time\" content=\"2022-08-05T18:35:20+00:00\" \/>\n<meta property=\"og:image\" content=\"http:\/\/www.colegioflorenca.com.br\/blog\/wp-content\/uploads\/2022\/08\/post-blog-desenvolvimento-positivo.jpg\" \/>\n\t<meta property=\"og:image:width\" content=\"1002\" \/>\n\t<meta property=\"og:image:height\" content=\"527\" \/>\n<meta name=\"twitter:card\" content=\"summary_large_image\" \/>\n<meta name=\"twitter:label1\" content=\"Escrito por\" \/>\n\t<meta name=\"twitter:data1\" content=\"Elisabete Alhadas\" \/>\n\t<meta name=\"twitter:label2\" content=\"Est. tempo de leitura\" \/>\n\t<meta name=\"twitter:data2\" content=\"8 minutos\" \/>\n<script type=\"application\/ld+json\" class=\"yoast-schema-graph\">{\"@context\":\"https:\/\/schema.org\",\"@graph\":[{\"@type\":\"WebSite\",\"@id\":\"https:\/\/www.colegioflorenca.com.br\/blog\/#website\",\"url\":\"https:\/\/www.colegioflorenca.com.br\/blog\/\",\"name\":\"Col\\u00e9gio Acad\\u00eamico Floren\\u00e7a\",\"description\":\"Col\\u00e9gio Floren\\u00e7a - Escola Infantil em Florian\\u00f3polis\",\"potentialAction\":[{\"@type\":\"SearchAction\",\"target\":{\"@type\":\"EntryPoint\",\"urlTemplate\":\"https:\/\/www.colegioflorenca.com.br\/blog\/?s={search_term_string}\"},\"query-input\":\"required name=search_term_string\"}],\"inLanguage\":\"pt-BR\"},{\"@type\":\"ImageObject\",\"@id\":\"https:\/\/www.colegioflorenca.com.br\/blog\/o-que-seu-filho-precisa-para-ter-um-desenvolvimento-positivo\/#primaryimage\",\"inLanguage\":\"pt-BR\",\"url\":\"https:\/\/www.colegioflorenca.com.br\/blog\/wp-content\/uploads\/2022\/08\/post-blog-desenvolvimento-positivo.jpg\",\"contentUrl\":\"https:\/\/www.colegioflorenca.com.br\/blog\/wp-content\/uploads\/2022\/08\/post-blog-desenvolvimento-positivo.jpg\",\"width\":1002,\"height\":527,\"caption\":\"Crian\\u00e7a brincando em meio a natureza - O que seu filho precisa para ter um desenvolvimento positivo?\"},{\"@type\":\"WebPage\",\"@id\":\"https:\/\/www.colegioflorenca.com.br\/blog\/o-que-seu-filho-precisa-para-ter-um-desenvolvimento-positivo\/#webpage\",\"url\":\"https:\/\/www.colegioflorenca.com.br\/blog\/o-que-seu-filho-precisa-para-ter-um-desenvolvimento-positivo\/\",\"name\":\"O que seu filho precisa para ter um desenvolvimento positivo?\",\"isPartOf\":{\"@id\":\"https:\/\/www.colegioflorenca.com.br\/blog\/#website\"},\"primaryImageOfPage\":{\"@id\":\"https:\/\/www.colegioflorenca.com.br\/blog\/o-que-seu-filho-precisa-para-ter-um-desenvolvimento-positivo\/#primaryimage\"},\"datePublished\":\"2022-07-19T17:09:00+00:00\",\"dateModified\":\"2022-08-05T18:35:20+00:00\",\"author\":{\"@id\":\"https:\/\/www.colegioflorenca.com.br\/blog\/#\/schema\/person\/94de7c0c8743006b00cc3ce8d4f1960e\"},\"description\":\"Entenda o que \\u00e9 o desenvolvimento positivo e veja 8 dicas para desenvolver bem sua crian\\u00e7a em todos os aspectos. Clique e confira!\",\"breadcrumb\":{\"@id\":\"https:\/\/www.colegioflorenca.com.br\/blog\/o-que-seu-filho-precisa-para-ter-um-desenvolvimento-positivo\/#breadcrumb\"},\"inLanguage\":\"pt-BR\",\"potentialAction\":[{\"@type\":\"ReadAction\",\"target\":[\"https:\/\/www.colegioflorenca.com.br\/blog\/o-que-seu-filho-precisa-para-ter-um-desenvolvimento-positivo\/\"]}]},{\"@type\":\"BreadcrumbList\",\"@id\":\"https:\/\/www.colegioflorenca.com.br\/blog\/o-que-seu-filho-precisa-para-ter-um-desenvolvimento-positivo\/#breadcrumb\",\"itemListElement\":[{\"@type\":\"ListItem\",\"position\":1,\"name\":\"In\\u00edcio\",\"item\":\"https:\/\/www.colegioflorenca.com.br\/blog\/\"},{\"@type\":\"ListItem\",\"position\":2,\"name\":\"O que seu filho precisa para ter um desenvolvimento positivo?\"}]},{\"@type\":\"Person\",\"@id\":\"https:\/\/www.colegioflorenca.com.br\/blog\/#\/schema\/person\/94de7c0c8743006b00cc3ce8d4f1960e\",\"name\":\"Elisabete Alhadas\",\"image\":{\"@type\":\"ImageObject\",\"@id\":\"https:\/\/www.colegioflorenca.com.br\/blog\/#personlogo\",\"inLanguage\":\"pt-BR\",\"url\":\"https:\/\/secure.gravatar.com\/avatar\/b1711229ce79995d22d5979e2fe49e97b9f343c507eced700df279f2bb59bb75?s=96&d=mm&r=g\",\"contentUrl\":\"https:\/\/secure.gravatar.com\/avatar\/b1711229ce79995d22d5979e2fe49e97b9f343c507eced700df279f2bb59bb75?s=96&d=mm&r=g\",\"caption\":\"Elisabete Alhadas\"},\"description\":\"Ol\\u00e1! Eu sou a Elisabete, redatora deste post. Espero que voc\\u00ea curta esse conte\\u00fado. Boa leitura. Aproveito para deixar um convite para voc\\u00ea\\u00a0baixar alguns materiais gratuitos. ;)\"}]}<\/script>\n<!-- \/ Yoast SEO plugin. -->","yoast_head_json":{"title":"O que seu filho precisa para ter um desenvolvimento positivo?","description":"Entenda o que \u00e9 o desenvolvimento positivo e veja 8 dicas para desenvolver bem sua crian\u00e7a em todos os aspectos. Clique e confira!","robots":{"index":"index","follow":"follow","max-snippet":"max-snippet:-1","max-image-preview":"max-image-preview:large","max-video-preview":"max-video-preview:-1"},"canonical":"https:\/\/www.colegioflorenca.com.br\/blog\/o-que-seu-filho-precisa-para-ter-um-desenvolvimento-positivo\/","og_locale":"pt_BR","og_type":"article","og_title":"O que seu filho precisa para ter um desenvolvimento positivo?","og_description":"Entenda o que \u00e9 o desenvolvimento positivo e veja 8 dicas para desenvolver bem sua crian\u00e7a em todos os aspectos. Clique e confira!","og_url":"https:\/\/www.colegioflorenca.com.br\/blog\/o-que-seu-filho-precisa-para-ter-um-desenvolvimento-positivo\/","og_site_name":"Blog do Col\u00e9gio Acad\u00eamico Floren\u00e7a","article_publisher":"https:\/\/www.facebook.com\/colegioflorenca","article_published_time":"2022-07-19T17:09:00+00:00","article_modified_time":"2022-08-05T18:35:20+00:00","og_image":[{"width":1002,"height":527,"filesize":96297,"url":"http:\/\/www.colegioflorenca.com.br\/blog\/wp-content\/uploads\/2022\/08\/post-blog-desenvolvimento-positivo.jpg","path":"\/home\/u505644395\/domains\/colegioflorenca.com.br\/public_html\/blog\/wp-content\/uploads\/2022\/08\/post-blog-desenvolvimento-positivo.jpg","size":"full","id":2278,"alt":"Crian\u00e7a brincando em meio a natureza - O que seu filho precisa para ter um desenvolvimento positivo?","pixels":528054,"type":"image\/jpeg"}],"twitter_card":"summary_large_image","twitter_misc":{"Escrito por":"Elisabete Alhadas","Est. tempo de leitura":"8 minutos"},"schema":{"@context":"https:\/\/schema.org","@graph":[{"@type":"WebSite","@id":"https:\/\/www.colegioflorenca.com.br\/blog\/#website","url":"https:\/\/www.colegioflorenca.com.br\/blog\/","name":"Col\u00e9gio Acad\u00eamico Floren\u00e7a","description":"Col\u00e9gio Floren\u00e7a - Escola Infantil em Florian\u00f3polis","potentialAction":[{"@type":"SearchAction","target":{"@type":"EntryPoint","urlTemplate":"https:\/\/www.colegioflorenca.com.br\/blog\/?s={search_term_string}"},"query-input":"required name=search_term_string"}],"inLanguage":"pt-BR"},{"@type":"ImageObject","@id":"https:\/\/www.colegioflorenca.com.br\/blog\/o-que-seu-filho-precisa-para-ter-um-desenvolvimento-positivo\/#primaryimage","inLanguage":"pt-BR","url":"https:\/\/www.colegioflorenca.com.br\/blog\/wp-content\/uploads\/2022\/08\/post-blog-desenvolvimento-positivo.jpg","contentUrl":"https:\/\/www.colegioflorenca.com.br\/blog\/wp-content\/uploads\/2022\/08\/post-blog-desenvolvimento-positivo.jpg","width":1002,"height":527,"caption":"Crian\u00e7a brincando em meio a natureza - O que seu filho precisa para ter um desenvolvimento positivo?"},{"@type":"WebPage","@id":"https:\/\/www.colegioflorenca.com.br\/blog\/o-que-seu-filho-precisa-para-ter-um-desenvolvimento-positivo\/#webpage","url":"https:\/\/www.colegioflorenca.com.br\/blog\/o-que-seu-filho-precisa-para-ter-um-desenvolvimento-positivo\/","name":"O que seu filho precisa para ter um desenvolvimento positivo?","isPartOf":{"@id":"https:\/\/www.colegioflorenca.com.br\/blog\/#website"},"primaryImageOfPage":{"@id":"https:\/\/www.colegioflorenca.com.br\/blog\/o-que-seu-filho-precisa-para-ter-um-desenvolvimento-positivo\/#primaryimage"},"datePublished":"2022-07-19T17:09:00+00:00","dateModified":"2022-08-05T18:35:20+00:00","author":{"@id":"https:\/\/www.colegioflorenca.com.br\/blog\/#\/schema\/person\/94de7c0c8743006b00cc3ce8d4f1960e"},"description":"Entenda o que \u00e9 o desenvolvimento positivo e veja 8 dicas para desenvolver bem sua crian\u00e7a em todos os aspectos. Clique e confira!","breadcrumb":{"@id":"https:\/\/www.colegioflorenca.com.br\/blog\/o-que-seu-filho-precisa-para-ter-um-desenvolvimento-positivo\/#breadcrumb"},"inLanguage":"pt-BR","potentialAction":[{"@type":"ReadAction","target":["https:\/\/www.colegioflorenca.com.br\/blog\/o-que-seu-filho-precisa-para-ter-um-desenvolvimento-positivo\/"]}]},{"@type":"BreadcrumbList","@id":"https:\/\/www.colegioflorenca.com.br\/blog\/o-que-seu-filho-precisa-para-ter-um-desenvolvimento-positivo\/#breadcrumb","itemListElement":[{"@type":"ListItem","position":1,"name":"In\u00edcio","item":"https:\/\/www.colegioflorenca.com.br\/blog\/"},{"@type":"ListItem","position":2,"name":"O que seu filho precisa para ter um desenvolvimento positivo?"}]},{"@type":"Person","@id":"https:\/\/www.colegioflorenca.com.br\/blog\/#\/schema\/person\/94de7c0c8743006b00cc3ce8d4f1960e","name":"Elisabete Alhadas","image":{"@type":"ImageObject","@id":"https:\/\/www.colegioflorenca.com.br\/blog\/#personlogo","inLanguage":"pt-BR","url":"https:\/\/secure.gravatar.com\/avatar\/b1711229ce79995d22d5979e2fe49e97b9f343c507eced700df279f2bb59bb75?s=96&d=mm&r=g","contentUrl":"https:\/\/secure.gravatar.com\/avatar\/b1711229ce79995d22d5979e2fe49e97b9f343c507eced700df279f2bb59bb75?s=96&d=mm&r=g","caption":"Elisabete Alhadas"},"description":"Ol\u00e1! Eu sou a Elisabete, redatora deste post. Espero que voc\u00ea curta esse conte\u00fado. Boa leitura. Aproveito para deixar um convite para voc\u00ea\u00a0baixar alguns materiais gratuitos. ;)"}]}},"_links":{"self":[{"href":"https:\/\/www.colegioflorenca.com.br\/blog\/wp-json\/wp\/v2\/posts\/2271","targetHints":{"allow":["GET"]}}],"collection":[{"href":"https:\/\/www.colegioflorenca.com.br\/blog\/wp-json\/wp\/v2\/posts"}],"about":[{"href":"https:\/\/www.colegioflorenca.com.br\/blog\/wp-json\/wp\/v2\/types\/post"}],"author":[{"embeddable":true,"href":"https:\/\/www.colegioflorenca.com.br\/blog\/wp-json\/wp\/v2\/users\/6"}],"replies":[{"embeddable":true,"href":"https:\/\/www.colegioflorenca.com.br\/blog\/wp-json\/wp\/v2\/comments?post=2271"}],"version-history":[{"count":4,"href":"https:\/\/www.colegioflorenca.com.br\/blog\/wp-json\/wp\/v2\/posts\/2271\/revisions"}],"predecessor-version":[{"id":2281,"href":"https:\/\/www.colegioflorenca.com.br\/blog\/wp-json\/wp\/v2\/posts\/2271\/revisions\/2281"}],"wp:featuredmedia":[{"embeddable":true,"href":"https:\/\/www.colegioflorenca.com.br\/blog\/wp-json\/wp\/v2\/media\/2278"}],"wp:attachment":[{"href":"https:\/\/www.colegioflorenca.com.br\/blog\/wp-json\/wp\/v2\/media?parent=2271"}],"wp:term":[{"taxonomy":"category","embeddable":true,"href":"https:\/\/www.colegioflorenca.com.br\/blog\/wp-json\/wp\/v2\/categories?post=2271"},{"taxonomy":"post_tag","embeddable":true,"href":"https:\/\/www.colegioflorenca.com.br\/blog\/wp-json\/wp\/v2\/tags?post=2271"}],"curies":[{"name":"wp","href":"https:\/\/api.w.org\/{rel}","templated":true}]}}