{"id":2299,"date":"2022-08-12T16:23:00","date_gmt":"2022-08-12T19:23:00","guid":{"rendered":"https:\/\/www.colegioflorenca.com.br\/blog\/?p=2299"},"modified":"2022-08-31T16:55:54","modified_gmt":"2022-08-31T19:55:54","slug":"como-tornar-sua-casa-segura-para-o-bebe","status":"publish","type":"post","link":"https:\/\/www.colegioflorenca.com.br\/blog\/como-tornar-sua-casa-segura-para-o-bebe\/","title":{"rendered":"Como Tornar sua Casa Segura para o Beb\u00ea?"},"content":{"rendered":"\n<h4 style=\"margin-top: 50px; margin-bottom: 30px;\">Quando as crian\u00e7as come\u00e7am a se movimentar, exploram o lar da cabe\u00e7a aos p\u00e9s, sem saber dos in\u00fameros perigos presentes. Veja como tornar sua casa segura para o beb\u00ea.<\/h4>\n\n\n\n<p>Os beb\u00eas s\u00e3o muito curiosos por natureza. Para eles, tudo \u00e9 novidade, chama aten\u00e7\u00e3o e gera uma rea\u00e7\u00e3o, seja ela boa ou ruim. Quando come\u00e7am a se movimentar por conta pr\u00f3pria, exploram toda a casa, deixando tudo de pernas para o ar e os pais doidos atr\u00e1s da crian\u00e7a o tempo todo. Isso faz parte do <a href=\"https:\/\/www.colegioflorenca.com.br\/blog\/o-que-seu-filho-precisa-para-ter-um-desenvolvimento-positivo\/\" target=\"_blank\" rel=\"noreferrer noopener\">desenvolvimento dos pequeninos<\/a>.&nbsp;<\/p>\n\n\n\n<p>Durante esse per\u00edodo de intenso desenvolvimento e descobrimento do mundo, os pais precisam redobrar a aten\u00e7\u00e3o, pois os beb\u00eas s\u00e3o fr\u00e1geis e n\u00e3o fazem ideia dos diferentes perigos que as coisas podem oferecer.<\/p>\n\n\n\n<p>Num piscar de olhos um acidente pode acontecer. S\u00e3o quinas, objetos cortantes, degraus, miudezas que podem ser engolidas, fios, tomadas e mais uma infinidade de coisas que oferecem perigo aos beb\u00eas.<\/p>\n\n\n\n<p>Por isso, melhor do que correr para a emerg\u00eancia com a crian\u00e7a chorando \u00e9 manter a casa segura para o beb\u00ea, afinal, \u00e9 imposs\u00edvel vigiar a crian\u00e7a 24 horas por dia e, mesmo quando ela est\u00e1 sob supervis\u00e3o, um segundo \u00e9 suficiente para uma \u201carte\u201d ser feita.&nbsp;<\/p>\n\n\n\n<p>Confira nosso guia pr\u00e1tico de como deixar sua casa segura para o beb\u00ea e ter a tranquilidade de saber que, se algo acontecer, a crian\u00e7a est\u00e1 protegida e os danos ser\u00e3o minimizados.<\/p>\n\n\n\n<p>Boa leitura!<\/p>\n\n\n\n<div class=\"row\" style=\"margin: 70px 20px 70px 20px;\">\n<div class=\"text-center\" style=\"margin: 0 auto; display: block;\"><a title=\"Saiba mais sobre o Curso Online\" href=\"https:\/\/educativo.colegioflorenca.com.br\/matriculas-abertas\" target=\"_blank\" rel=\"noopener noreferrer\"><img decoding=\"async\" id=\"prime-img-knkjk3po\" class=\"img-fluid\" src=\"http:\/\/www.colegioflorenca.com.br\/blog\/wp-content\/uploads\/2021\/09\/caf-card-horizontal1.jpg\" alt=\"A primeira inf\u00e2ncia \u00e9 a etapa mais importante da Vida - Matr\u00edculas Abertas\"><\/a><\/div>\n<\/div>\n\n\n\n<h2 style=\"margin-top: 50px; margin-bottom: 30px;\">Como Tornar sua Casa Segura para o Beb\u00ea?<\/h2>\n\n\n\n<p>Na hora de tornar uma casa segura para o beb\u00ea \u00e9 preciso levar em considera\u00e7\u00e3o TODOS os ambiente, pois cada um oferece perigos diferentes e a crian\u00e7a n\u00e3o se limita, vai engatinhar pela casa inteira, subir nas coisas, abrir gavetas, portas e se enfiar em qualquer canto que couber.<\/p>\n\n\n\n<p>N\u00e3o h\u00e1 nada de errado neste \u201cexcesso\u201d de curiosidade. Essa necessidade de explorar tudo faz parte do <a href=\"https:\/\/www.colegioflorenca.com.br\/blog\/quais-os-principais-marcos-do-desenvolvimento-infantil\/\" target=\"_blank\" rel=\"noreferrer noopener\">desenvolvimento da crian\u00e7a<\/a> e \u00e9 totalmente decisiva na forma\u00e7\u00e3o das habilidades intelectuais, cognitivas, motoras e <a href=\"https:\/\/www.colegioflorenca.com.br\/blog\/como-ajudar-o-seu-filho-a-lidar-com-as-emocoes\/\" target=\"_blank\" rel=\"noreferrer noopener\">emocionais<\/a>.<\/p>\n\n\n\n<p>Portanto, n\u00e3o h\u00e1 escapat\u00f3ria. Seu\/sua pequenino(a) vai explorar o lar de cima at\u00e9 embaixo e a \u00fanica alternativa \u00e9 deixar sua casa segura para o beb\u00ea.<\/p>\n\n\n\n<p>Veja como fazer isso nos diferentes c\u00f4modos de sua casa.<\/p>\n\n\n\n<h3 style=\"margin-top: 50px; margin-bottom: 30px;\">Quarto do beb\u00ea<\/h3>\n\n\n\n<p>O quarto \u00e9 o lugar em que o beb\u00ea passa mais tempo sozinho, pois \u00e9 l\u00e1 que ele dorme e n\u00e3o \u00e9 poss\u00edvel ficar vigiando o sono, s\u00f3 aquela conferida para saber se est\u00e1 tudo em ordem. Nesse meio tempo, existe uma janela de possibilidades para um acidente acontecer.<\/p>\n\n\n\n<p>As crian\u00e7as costumam acordar e sair da cama logo em seguida, por isso \u00e9 importante optar por camas mais baixas ou ber\u00e7o com aberturas para que elas consigam subir ou descer sem nenhum risco.<\/p>\n\n\n\n<p>As tomadas precisam de isolamento (aquelas tampinhas de pl\u00e1stico que encaixam nos furos) e as quinas devem ter um revestimento macio para evitar acidentes. Existem cantoneiras de silicone ou borracha exatamente para isso. Assim, se a crian\u00e7a bater a cabe\u00e7a os danos s\u00e3o minimizados e n\u00e3o passar\u00e1 de um susto.<\/p>\n\n\n\n<p>Tamb\u00e9m \u00e9 importante prestar aten\u00e7\u00e3o nos brinquedos. Evite tudo que caiba na boca e possa ser engolido. Tenha somente o que \u00e9 adequado para a idade do seu\/sua filho(a). No caso dos objetos de decora\u00e7\u00e3o, opte somente por aqueles que podem ser fixados na parede e fiquem fora do alcance.<\/p>\n\n\n\n<p>J\u00e1 as pel\u00facias, kit de ber\u00e7o e travesseiros, apesar de fofinhos, n\u00e3o s\u00e3o seguros para momentos em que a crian\u00e7a fica sozinha no quarto, pois existe o risco de sufocamento. Em rela\u00e7\u00e3o ao cobertor, evite excessos, deixe somente o necess\u00e1rio para o(a) pequeno(a) manter-se aquecido(a).&nbsp;<\/p>\n\n\n\n<h3 style=\"margin-top: 50px; margin-bottom: 30px;\">Sala de estar<\/h3>\n\n\n\n<p>A sala de estar \u00e9 um campo minado, cheia de m\u00f3veis, utens\u00edlios e itens de decora\u00e7\u00e3o. Tanto a crian\u00e7a quanto a sala est\u00e3o em risco, pois como sabemos, os beb\u00eas n\u00e3o tem limites, sobem e mexem em tudo.&nbsp;<\/p>\n\n\n\n<p>A crian\u00e7a transforma esse ambiente num verdadeiro parque de divers\u00f5es e \u00e9 preciso deixar espa\u00e7o livre e seguro para ela se movimentar.<\/p>\n\n\n\n<p>Para garantir a seguran\u00e7a na sala de estar, todos os m\u00f3veis precisam ter suas quinas cobertas com protetores emborrachados. Se voc\u00ea usa tapetes na decora\u00e7\u00e3o, \u00e9 interessante optar por modelos que n\u00e3o deslizam para garantir que tanto a crian\u00e7a quanto os adultos que a carregam n\u00e3o escorreguem e levem um tombo.<\/p>\n\n\n\n<p>Quando a crian\u00e7a estiver neste c\u00f4modo, tamb\u00e9m \u00e9 fundamental tirar os eletr\u00f4nicos das tomadas e isolar todas elas.<\/p>\n\n\n\n<h3 style=\"margin-top: 50px; margin-bottom: 30px;\">Banheiros<\/h3>\n\n\n\n<p>Apesar de pequenos, os banheiros s\u00e3o um dos ambientes mais perigosos para os pequeninos. Mas, com alguns cuidados, voc\u00ea consegue evitar todos eles. Observe:<\/p>\n\n\n\n<ul class=\"wp-block-list\"><li>Crian\u00e7a no banheiro, adulto por perto, sempre;<\/li><li>A tampa do vaso deve estar sempre fechada;<\/li><li>Todos os produtos e objetos, principalmente os cortantes, devem ficar guardados num arm\u00e1rio fechado, longe do alcance da crian\u00e7a;<\/li><li>Se o beb\u00ea estiver na fase de desfralde, coloque um banquinho ou escadinha para ela subir no vaso e sempre use o adaptador de assento; e<\/li><li>Nunca deixe a crian\u00e7a tomar banho sozinha, muito menos na banheira brincando sem sua supervis\u00e3o.<\/li><\/ul>\n\n\n\n<h3 style=\"margin-top: 50px; margin-bottom: 30px;\">Cozinha<\/h3>\n\n\n\n<p>A cozinha \u00e9 a campe\u00e3 de acidentes. S\u00e3o diversos utens\u00edlios, eletrodom\u00e9sticos, objetos cortantes, copos e pratos de vidro e mais uma s\u00e9rie de coisas que podem quebrar e ferir os pequeninos. Tudo isso deve ser mantido em seu devido lugar, nada para fora, muito menos no alcance da crian\u00e7a.<\/p>\n\n\n\n<p>Nunca deixe a crian\u00e7a pr\u00f3xima do fog\u00e3o ou eletrodom\u00e9sticos ligados. Mantenha tudo fora da tomada enquanto o beb\u00ea estiver na \u00e1rea.&nbsp;<\/p>\n\n\n\n<p>N\u00e3o se esque\u00e7a tamb\u00e9m de que todos os talheres de metal oferecem perigo, at\u00e9 mesmo as colheres. Se for deixar a crian\u00e7a brincar com algo, que sejam os talheres sem pontas e em silicone ou madeira.&nbsp;<\/p>\n\n\n\n<p>As sacolas de pl\u00e1stico tamb\u00e9m s\u00e3o muito perigosas, n\u00e3o deixe nenhuma por cima. Use um \u201cpuxa saco\u201d no alto para reserv\u00e1-las.<\/p>\n\n\n\n<p>Tome muito cuidado tamb\u00e9m com os produtos aliment\u00edcios e de limpeza. Guarde os alimentos no alto e os produtos de limpeza fora da cozinha, de prefer\u00eancia em arm\u00e1rios que possuam algum tipo de tranca.<\/p>\n\n\n\n<div class=\"row\" style=\"margin: 70px 20px 70px 20px;\">\n<div class=\"text-center\" style=\"margin: 0 auto; display: block;\"><a title=\"Baixe gratuitamente nosso eBook\" href=\"https:\/\/educativo.colegioflorenca.com.br\/papeis-pai-mae\" target=\"_blank\" rel=\"noopener noreferrer\"><img decoding=\"async\" id=\"prime-img-knkjk3po\" class=\"img-fluid\" src=\"http:\/\/www.colegioflorenca.com.br\/blog\/wp-content\/uploads\/2022\/03\/ebook-colegio-florenca-roger-hansen2.png\" alt=\"Ebook - Os Papeis do Pai e da M\u00e3e na Educa\u00e7\u00e3o da Crian\u00e7a\"><\/a><\/div>\n<\/div>\n\n\n\n<p><\/p>\n\n\n\n<h3 style=\"margin-top: 50px; margin-bottom: 30px;\">\u00c1rea externa<\/h3>\n\n\n\n<p>Quando se trata de uma casa segura para o beb\u00ea, n\u00e3o s\u00e3o somente os ambientes internos que devem ser levados em considera\u00e7\u00e3o.&nbsp;<\/p>\n\n\n\n<p>Na \u00e1rea externa da casa, os cuidados para a prote\u00e7\u00e3o da crian\u00e7a podem variar de acordo com os aspectos do ambiente. Se tiver piscina, coloque um grade em volta para isolar o espa\u00e7o e garantir que a crian\u00e7a n\u00e3o entre na \u00e1gua sozinha, em hip\u00f3tese alguma. Os pequeninos s\u00f3 podem nadar com a supervis\u00e3o de um adulto!<\/p>\n\n\n\n<p>Caso o quintal tenha torneiras baixas, use modelos em pl\u00e1stico com pegador redondo, nunca em cruz ou com hastes. Como em qualquer outro ambiente, quando a crian\u00e7a estiver na \u00e1rea externa, tire todos os objetos. N\u00e3o tente determinar quais oferecem risco e quais s\u00e3o seguros, pois os acidentes podem ocorrer com objetos que voc\u00ea menos espera.<\/p>\n\n\n\n<p>Tamb\u00e9m \u00e9 fundamental lembrar que a garagem n\u00e3o \u00e9 lugar para a crian\u00e7a brincar, principalmente se tiver ve\u00edculos guardados nela. Os pequeninos entram embaixo de tudo e podem se enroscar em algum v\u00e3o ou pe\u00e7a do carro\/moto.<\/p>\n\n\n\n<h2 style=\"margin-top: 50px; margin-bottom: 30px;\">Outros cuidados indispens\u00e1veis<\/h2>\n\n\n\n<p>Como cada casa tem suas pr\u00f3prias caracter\u00edsticas e a organiza\u00e7\u00e3o de cada fam\u00edlia \u00e9 diferente, resolvemos separar alguns cuidados extras que s\u00e3o indispens\u00e1veis nos diferentes ambientes.<\/p>\n\n\n\n<p>Confira:<\/p>\n\n\n\n<ul class=\"wp-block-list\"><li>As janelas, varandas e terra\u00e7os precisam ter seus v\u00e3os bloqueados com rede para que a crian\u00e7a n\u00e3o passe o corpo e\/ou cabe\u00e7a;<\/li><li>Se tiver escada, use uma grade ou port\u00e3ozinho para impedir o acesso;<\/li><li>Use correntes ou cord\u00f5es nas janelas basculantes para que elas n\u00e3o se abram mais do que 10 cm;<\/li><li>Tudo que for utilizado pela crian\u00e7a deve ser conferido antes para garantir que n\u00e3o haja pontas, farpas, parafusos ou quaisquer outras pecinhas que possam se desencaixar ou descolar;<\/li><li>Se tiver como, trave todas as gavetas da casa;<\/li><li>Nunca d\u00ea brinquedos ou objetos que caibam inteiros na boca da crian\u00e7a;<\/li><li>Deixe sempre os brinquedos e outros itens que o(a) pequeno(a) usa diariamente longe de tomadas, quinas, m\u00f3veis, ventiladores, aquecedores e quaisquer eletr\u00f4nicos. Escolha sempre lugares de f\u00e1cil acesso para o beb\u00ea.<\/li><\/ul>\n\n\n\n<p>Pronto!! Agora voc\u00ea sabe como tornar sua casa segura para o beb\u00ea. Al\u00e9m desses cuidados, \u00e9 indispens\u00e1vel que a crian\u00e7a tenha sempre um adulto supervisionando a explora\u00e7\u00e3o dos ambientes. Se algum acidente acontecer ou o(a) pequenino(a) engolir algo, n\u00e3o pense duas vezes, v\u00e1 direto ao pronto atendimento m\u00e9dico.<\/p>\n\n\n\n<p>Para aprender muito mais sobre o desenvolvimento dos pequeninos e como promover experi\u00eancias seguras e positivas para seu\/sua filho(a), <a href=\"https:\/\/www.colegioflorenca.com.br\/blog\" target=\"_blank\" rel=\"noreferrer noopener\">continue navegando em nosso blog<\/a>!<\/p>\n\n\n\n<style type=\"text\/css\" rel=\"stylesheet\">\n#prime-img-knkjk3po:hover { \ntransform: scale(1.02);\ntransition: 0.3s;\n}\n#prime-btn-knkjk3po:hover { \nfilter:saturate(150%); \/*Essa \u00e9 uma op\u00e7\u00e3o que satura a cor*\/\ntransform: scale(1.05);\ntransition: 0.3s;\n}\n<\/style>\n\n<div class=\"row\" style=\"background-color: #f9f7f3; padding: 25px 10px 20px 10px; margin: 70px 0px 70px 0px;\">\n<div class=\"col-lg-5 text-center\" style=\"text-align: center;\">\n<a title=\"Saiba mais sobre o Curso Online\" href=\"https:\/\/educativo.colegioflorenca.com.br\/matriculas-abertas\" target=\"_blank\" rel=\"noopener noreferrer\"><img decoding=\"async\" id=\"prime-img-knkjk3po\" class=\"img-fluid\" style=\"margin-bottom: 20px;\" src=\"http:\/\/www.colegioflorenca.com.br\/blog\/wp-content\/uploads\/2021\/09\/matriculas-abertas-opcao2.gif\" alt=\"A primeira inf\u00e2ncia \u00e9 a etapa mais importante da Vida - Matr\u00edculas Abertas\"><\/a>\n<\/div>\n<div class=\"col-lg-7 text-center text-md-left\">\n<h3 style=\"margin-top: 10px; font-size: 26px; color: #3d3d3d; \"><strong>\ud83d\udc76 Matr\u00edculas Abertas Col\u00e9gio Floren\u00e7a<\/strong><\/h3>\n<p style=\"margin-top: 15px; margin-bottom: 15px; font-size: 18px;\">Somos refer\u00eancia nacional em Educa\u00e7\u00e3o Infantil<\/p>\n<p style=\"font-size: 15px; line-height: 24px;\">Um trabalho t\u00e3o qualificado precisa de um alto grau de especializa\u00e7\u00e3o. \u00c9 por isso que recebemos estudiosos de todo o Brasil para conhecer e pesquisar nossa Escola. O Col\u00e9gio Floren\u00e7a desenvolve h\u00e1 15 anos uma metodologia inovadora, especializada na educa\u00e7\u00e3o de crian\u00e7as de 0 a 6 anos.<\/p>\n<p style=\"margin-top: 15px;\">\ud83d\udc49 <a id=\"prime-btn-knkjk3po\" class=\"btn\" title=\"Clique para mais detalhes\" href=\"https:\/\/educativo.colegioflorenca.com.br\/matriculas-abertas\" target=\"_blank\" rel=\"noopener noreferrer\">Saiba mais sobre o Col\u00e9gio Floren\u00e7a<\/a><\/p><\/div><\/div>\n\n\n\n<div style=\"margin-left: 30px; margin-top: 50px; margin-bottom: 80px;\">\n<p class=\"h4\" style=\"margin-bottom: 30px;\">Confira tamb\u00e9m:<\/p>\n<p class=\"h5 mb-3\">\ud83d\udc49 <a title=\"Clique e confira\" href=\"https:\/\/www.colegioflorenca.com.br\/blog\/7-dicas-para-fortalecer-o-vinculo-familiar\/\" target=\"_blank\" rel=\"noopener noreferrer\">7 Dicas para Fortalecer o V\u00ednculo Familiar<\/a><\/p>\n<p class=\"h5 mb-3\">\ud83d\udc49 <a title=\"Clique e confira\" href=\"https:\/\/www.colegioflorenca.com.br\/blog\/o-que-voce-precisa-saber-sobre-terror-noturno-e-pesadelos\/\" target=\"_blank\" rel=\"noopener noreferrer\">O que Voc\u00ea Precisa Saber sobre Terror Noturno e Pesadelos?<\/a><\/p>\n<p class=\"h5 mb-3\">\ud83d\udc49 <a title=\"Clique e confira\" href=\"https:\/\/www.colegioflorenca.com.br\/blog\/aprender-a-esperar-a-importancia-de-desenvolver-a-paciencia-nas-criancas\/\" target=\"_blank\" rel=\"noopener noreferrer\">Aprender a Esperar: a Import\u00e2ncia de Desenvolver a Paci\u00eancia nas Crian\u00e7as<\/a><\/p>\n<p class=\"h5 mb-3\">\ud83d\udc49 <a title=\"Clique e confira\" href=\"https:\/\/www.colegioflorenca.com.br\/blog\/autonomia-infantil-o-que-e-e-como-desenvolve-la-desde-a-primeira-infancia\/\" target=\"_blank\" rel=\"noopener noreferrer\">Autonomia Infantil: o que \u00e9 e como desenvolv\u00ea-la desde a primeira inf\u00e2ncia?<\/a><\/p><\/div>\n","protected":false},"excerpt":{"rendered":"<p>Na hora de tornar uma casa segura para o beb\u00ea \u00e9 preciso levar em considera\u00e7\u00e3o TODOS os ambiente, pois cada um oferece perigos diferentes e a crian\u00e7a n\u00e3o se limita, vai engatinhar pela casa inteira, subir nas coisas, abrir gavetas, portas e se enfiar em qualquer canto que couber. N\u00e3o h\u00e1 nada de errado neste \u201cexcesso\u201d de curiosidade. Essa necessidade de explorar tudo faz parte do desenvolvimento da crian\u00e7a e \u00e9 totalmente decisiva na forma\u00e7\u00e3o das habilidades intelectuais, cognitivas, motoras e emocionais.<\/p>\n","protected":false},"author":6,"featured_media":2305,"comment_status":"open","ping_status":"open","sticky":false,"template":"","format":"standard","meta":{"footnotes":""},"categories":[8,303,1],"tags":[421],"class_list":["post-2299","post","type-post","status-publish","format-standard","has-post-thumbnail","hentry","category-0-3-anos","category-bebes","category-dicas","tag-casa-segura-para-o-bebe"],"yoast_head":"<!-- This site is optimized with the Yoast SEO plugin v17.1 - https:\/\/yoast.com\/wordpress\/plugins\/seo\/ -->\n<title>Como Tornar sua Casa Segura para o Beb\u00ea?<\/title>\n<meta name=\"description\" content=\"Quando as crian\u00e7as come\u00e7am a se movimentar, exploram o lar sem saber dos in\u00fameros perigos. Confira como tornar sua casa segura para o beb\u00ea.\" \/>\n<meta name=\"robots\" content=\"index, follow, max-snippet:-1, max-image-preview:large, max-video-preview:-1\" \/>\n<link rel=\"canonical\" href=\"https:\/\/www.colegioflorenca.com.br\/blog\/como-tornar-sua-casa-segura-para-o-bebe\/\" \/>\n<meta property=\"og:locale\" content=\"pt_BR\" \/>\n<meta property=\"og:type\" content=\"article\" \/>\n<meta property=\"og:title\" content=\"Como Tornar sua Casa Segura para o Beb\u00ea?\" \/>\n<meta property=\"og:description\" content=\"Quando as crian\u00e7as come\u00e7am a se movimentar, exploram o lar sem saber dos in\u00fameros perigos. Confira como tornar sua casa segura para o beb\u00ea.\" \/>\n<meta property=\"og:url\" content=\"https:\/\/www.colegioflorenca.com.br\/blog\/como-tornar-sua-casa-segura-para-o-bebe\/\" \/>\n<meta property=\"og:site_name\" content=\"Blog do Col\u00e9gio Acad\u00eamico Floren\u00e7a\" \/>\n<meta property=\"article:publisher\" content=\"https:\/\/www.facebook.com\/colegioflorenca\" \/>\n<meta property=\"article:published_time\" content=\"2022-08-12T19:23:00+00:00\" \/>\n<meta property=\"article:modified_time\" content=\"2022-08-31T19:55:54+00:00\" \/>\n<meta property=\"og:image\" content=\"http:\/\/www.colegioflorenca.com.br\/blog\/wp-content\/uploads\/2022\/08\/post-blog-tornar-casa-segura-para-o-bebe.jpg\" \/>\n\t<meta property=\"og:image:width\" content=\"1002\" \/>\n\t<meta property=\"og:image:height\" content=\"527\" \/>\n<meta name=\"twitter:card\" content=\"summary_large_image\" \/>\n<meta name=\"twitter:label1\" content=\"Escrito por\" \/>\n\t<meta name=\"twitter:data1\" content=\"Elisabete Alhadas\" \/>\n\t<meta name=\"twitter:label2\" content=\"Est. tempo de leitura\" \/>\n\t<meta name=\"twitter:data2\" content=\"7 minutos\" \/>\n<script type=\"application\/ld+json\" class=\"yoast-schema-graph\">{\"@context\":\"https:\/\/schema.org\",\"@graph\":[{\"@type\":\"WebSite\",\"@id\":\"https:\/\/www.colegioflorenca.com.br\/blog\/#website\",\"url\":\"https:\/\/www.colegioflorenca.com.br\/blog\/\",\"name\":\"Col\\u00e9gio Acad\\u00eamico Floren\\u00e7a\",\"description\":\"Col\\u00e9gio Floren\\u00e7a - Escola Infantil em Florian\\u00f3polis\",\"potentialAction\":[{\"@type\":\"SearchAction\",\"target\":{\"@type\":\"EntryPoint\",\"urlTemplate\":\"https:\/\/www.colegioflorenca.com.br\/blog\/?s={search_term_string}\"},\"query-input\":\"required name=search_term_string\"}],\"inLanguage\":\"pt-BR\"},{\"@type\":\"ImageObject\",\"@id\":\"https:\/\/www.colegioflorenca.com.br\/blog\/como-tornar-sua-casa-segura-para-o-bebe\/#primaryimage\",\"inLanguage\":\"pt-BR\",\"url\":\"https:\/\/www.colegioflorenca.com.br\/blog\/wp-content\/uploads\/2022\/08\/post-blog-tornar-casa-segura-para-o-bebe.jpg\",\"contentUrl\":\"https:\/\/www.colegioflorenca.com.br\/blog\/wp-content\/uploads\/2022\/08\/post-blog-tornar-casa-segura-para-o-bebe.jpg\",\"width\":1002,\"height\":527,\"caption\":\"Tornar sua Casa Segura para o Beb\\u00ea\"},{\"@type\":\"WebPage\",\"@id\":\"https:\/\/www.colegioflorenca.com.br\/blog\/como-tornar-sua-casa-segura-para-o-bebe\/#webpage\",\"url\":\"https:\/\/www.colegioflorenca.com.br\/blog\/como-tornar-sua-casa-segura-para-o-bebe\/\",\"name\":\"Como Tornar sua Casa Segura para o Beb\\u00ea?\",\"isPartOf\":{\"@id\":\"https:\/\/www.colegioflorenca.com.br\/blog\/#website\"},\"primaryImageOfPage\":{\"@id\":\"https:\/\/www.colegioflorenca.com.br\/blog\/como-tornar-sua-casa-segura-para-o-bebe\/#primaryimage\"},\"datePublished\":\"2022-08-12T19:23:00+00:00\",\"dateModified\":\"2022-08-31T19:55:54+00:00\",\"author\":{\"@id\":\"https:\/\/www.colegioflorenca.com.br\/blog\/#\/schema\/person\/94de7c0c8743006b00cc3ce8d4f1960e\"},\"description\":\"Quando as crian\\u00e7as come\\u00e7am a se movimentar, exploram o lar sem saber dos in\\u00fameros perigos. Confira como tornar sua casa segura para o beb\\u00ea.\",\"breadcrumb\":{\"@id\":\"https:\/\/www.colegioflorenca.com.br\/blog\/como-tornar-sua-casa-segura-para-o-bebe\/#breadcrumb\"},\"inLanguage\":\"pt-BR\",\"potentialAction\":[{\"@type\":\"ReadAction\",\"target\":[\"https:\/\/www.colegioflorenca.com.br\/blog\/como-tornar-sua-casa-segura-para-o-bebe\/\"]}]},{\"@type\":\"BreadcrumbList\",\"@id\":\"https:\/\/www.colegioflorenca.com.br\/blog\/como-tornar-sua-casa-segura-para-o-bebe\/#breadcrumb\",\"itemListElement\":[{\"@type\":\"ListItem\",\"position\":1,\"name\":\"In\\u00edcio\",\"item\":\"https:\/\/www.colegioflorenca.com.br\/blog\/\"},{\"@type\":\"ListItem\",\"position\":2,\"name\":\"Como Tornar sua Casa Segura para o Beb\\u00ea?\"}]},{\"@type\":\"Person\",\"@id\":\"https:\/\/www.colegioflorenca.com.br\/blog\/#\/schema\/person\/94de7c0c8743006b00cc3ce8d4f1960e\",\"name\":\"Elisabete Alhadas\",\"image\":{\"@type\":\"ImageObject\",\"@id\":\"https:\/\/www.colegioflorenca.com.br\/blog\/#personlogo\",\"inLanguage\":\"pt-BR\",\"url\":\"https:\/\/secure.gravatar.com\/avatar\/b1711229ce79995d22d5979e2fe49e97b9f343c507eced700df279f2bb59bb75?s=96&d=mm&r=g\",\"contentUrl\":\"https:\/\/secure.gravatar.com\/avatar\/b1711229ce79995d22d5979e2fe49e97b9f343c507eced700df279f2bb59bb75?s=96&d=mm&r=g\",\"caption\":\"Elisabete Alhadas\"},\"description\":\"Ol\\u00e1! Eu sou a Elisabete, redatora deste post. Espero que voc\\u00ea curta esse conte\\u00fado. Boa leitura. Aproveito para deixar um convite para voc\\u00ea\\u00a0baixar alguns materiais gratuitos. ;)\"}]}<\/script>\n<!-- \/ Yoast SEO plugin. -->","yoast_head_json":{"title":"Como Tornar sua Casa Segura para o Beb\u00ea?","description":"Quando as crian\u00e7as come\u00e7am a se movimentar, exploram o lar sem saber dos in\u00fameros perigos. Confira como tornar sua casa segura para o beb\u00ea.","robots":{"index":"index","follow":"follow","max-snippet":"max-snippet:-1","max-image-preview":"max-image-preview:large","max-video-preview":"max-video-preview:-1"},"canonical":"https:\/\/www.colegioflorenca.com.br\/blog\/como-tornar-sua-casa-segura-para-o-bebe\/","og_locale":"pt_BR","og_type":"article","og_title":"Como Tornar sua Casa Segura para o Beb\u00ea?","og_description":"Quando as crian\u00e7as come\u00e7am a se movimentar, exploram o lar sem saber dos in\u00fameros perigos. Confira como tornar sua casa segura para o beb\u00ea.","og_url":"https:\/\/www.colegioflorenca.com.br\/blog\/como-tornar-sua-casa-segura-para-o-bebe\/","og_site_name":"Blog do Col\u00e9gio Acad\u00eamico Floren\u00e7a","article_publisher":"https:\/\/www.facebook.com\/colegioflorenca","article_published_time":"2022-08-12T19:23:00+00:00","article_modified_time":"2022-08-31T19:55:54+00:00","og_image":[{"width":1002,"height":527,"filesize":47047,"url":"http:\/\/www.colegioflorenca.com.br\/blog\/wp-content\/uploads\/2022\/08\/post-blog-tornar-casa-segura-para-o-bebe.jpg","path":"\/home\/u505644395\/domains\/colegioflorenca.com.br\/public_html\/blog\/wp-content\/uploads\/2022\/08\/post-blog-tornar-casa-segura-para-o-bebe.jpg","size":"full","id":2305,"alt":"Tornar sua Casa Segura para o Beb\u00ea","pixels":528054,"type":"image\/jpeg"}],"twitter_card":"summary_large_image","twitter_misc":{"Escrito por":"Elisabete Alhadas","Est. tempo de leitura":"7 minutos"},"schema":{"@context":"https:\/\/schema.org","@graph":[{"@type":"WebSite","@id":"https:\/\/www.colegioflorenca.com.br\/blog\/#website","url":"https:\/\/www.colegioflorenca.com.br\/blog\/","name":"Col\u00e9gio Acad\u00eamico Floren\u00e7a","description":"Col\u00e9gio Floren\u00e7a - Escola Infantil em Florian\u00f3polis","potentialAction":[{"@type":"SearchAction","target":{"@type":"EntryPoint","urlTemplate":"https:\/\/www.colegioflorenca.com.br\/blog\/?s={search_term_string}"},"query-input":"required name=search_term_string"}],"inLanguage":"pt-BR"},{"@type":"ImageObject","@id":"https:\/\/www.colegioflorenca.com.br\/blog\/como-tornar-sua-casa-segura-para-o-bebe\/#primaryimage","inLanguage":"pt-BR","url":"https:\/\/www.colegioflorenca.com.br\/blog\/wp-content\/uploads\/2022\/08\/post-blog-tornar-casa-segura-para-o-bebe.jpg","contentUrl":"https:\/\/www.colegioflorenca.com.br\/blog\/wp-content\/uploads\/2022\/08\/post-blog-tornar-casa-segura-para-o-bebe.jpg","width":1002,"height":527,"caption":"Tornar sua Casa Segura para o Beb\u00ea"},{"@type":"WebPage","@id":"https:\/\/www.colegioflorenca.com.br\/blog\/como-tornar-sua-casa-segura-para-o-bebe\/#webpage","url":"https:\/\/www.colegioflorenca.com.br\/blog\/como-tornar-sua-casa-segura-para-o-bebe\/","name":"Como Tornar sua Casa Segura para o Beb\u00ea?","isPartOf":{"@id":"https:\/\/www.colegioflorenca.com.br\/blog\/#website"},"primaryImageOfPage":{"@id":"https:\/\/www.colegioflorenca.com.br\/blog\/como-tornar-sua-casa-segura-para-o-bebe\/#primaryimage"},"datePublished":"2022-08-12T19:23:00+00:00","dateModified":"2022-08-31T19:55:54+00:00","author":{"@id":"https:\/\/www.colegioflorenca.com.br\/blog\/#\/schema\/person\/94de7c0c8743006b00cc3ce8d4f1960e"},"description":"Quando as crian\u00e7as come\u00e7am a se movimentar, exploram o lar sem saber dos in\u00fameros perigos. Confira como tornar sua casa segura para o beb\u00ea.","breadcrumb":{"@id":"https:\/\/www.colegioflorenca.com.br\/blog\/como-tornar-sua-casa-segura-para-o-bebe\/#breadcrumb"},"inLanguage":"pt-BR","potentialAction":[{"@type":"ReadAction","target":["https:\/\/www.colegioflorenca.com.br\/blog\/como-tornar-sua-casa-segura-para-o-bebe\/"]}]},{"@type":"BreadcrumbList","@id":"https:\/\/www.colegioflorenca.com.br\/blog\/como-tornar-sua-casa-segura-para-o-bebe\/#breadcrumb","itemListElement":[{"@type":"ListItem","position":1,"name":"In\u00edcio","item":"https:\/\/www.colegioflorenca.com.br\/blog\/"},{"@type":"ListItem","position":2,"name":"Como Tornar sua Casa Segura para o Beb\u00ea?"}]},{"@type":"Person","@id":"https:\/\/www.colegioflorenca.com.br\/blog\/#\/schema\/person\/94de7c0c8743006b00cc3ce8d4f1960e","name":"Elisabete Alhadas","image":{"@type":"ImageObject","@id":"https:\/\/www.colegioflorenca.com.br\/blog\/#personlogo","inLanguage":"pt-BR","url":"https:\/\/secure.gravatar.com\/avatar\/b1711229ce79995d22d5979e2fe49e97b9f343c507eced700df279f2bb59bb75?s=96&d=mm&r=g","contentUrl":"https:\/\/secure.gravatar.com\/avatar\/b1711229ce79995d22d5979e2fe49e97b9f343c507eced700df279f2bb59bb75?s=96&d=mm&r=g","caption":"Elisabete Alhadas"},"description":"Ol\u00e1! Eu sou a Elisabete, redatora deste post. Espero que voc\u00ea curta esse conte\u00fado. Boa leitura. Aproveito para deixar um convite para voc\u00ea\u00a0baixar alguns materiais gratuitos. ;)"}]}},"_links":{"self":[{"href":"https:\/\/www.colegioflorenca.com.br\/blog\/wp-json\/wp\/v2\/posts\/2299","targetHints":{"allow":["GET"]}}],"collection":[{"href":"https:\/\/www.colegioflorenca.com.br\/blog\/wp-json\/wp\/v2\/posts"}],"about":[{"href":"https:\/\/www.colegioflorenca.com.br\/blog\/wp-json\/wp\/v2\/types\/post"}],"author":[{"embeddable":true,"href":"https:\/\/www.colegioflorenca.com.br\/blog\/wp-json\/wp\/v2\/users\/6"}],"replies":[{"embeddable":true,"href":"https:\/\/www.colegioflorenca.com.br\/blog\/wp-json\/wp\/v2\/comments?post=2299"}],"version-history":[{"count":3,"href":"https:\/\/www.colegioflorenca.com.br\/blog\/wp-json\/wp\/v2\/posts\/2299\/revisions"}],"predecessor-version":[{"id":2313,"href":"https:\/\/www.colegioflorenca.com.br\/blog\/wp-json\/wp\/v2\/posts\/2299\/revisions\/2313"}],"wp:featuredmedia":[{"embeddable":true,"href":"https:\/\/www.colegioflorenca.com.br\/blog\/wp-json\/wp\/v2\/media\/2305"}],"wp:attachment":[{"href":"https:\/\/www.colegioflorenca.com.br\/blog\/wp-json\/wp\/v2\/media?parent=2299"}],"wp:term":[{"taxonomy":"category","embeddable":true,"href":"https:\/\/www.colegioflorenca.com.br\/blog\/wp-json\/wp\/v2\/categories?post=2299"},{"taxonomy":"post_tag","embeddable":true,"href":"https:\/\/www.colegioflorenca.com.br\/blog\/wp-json\/wp\/v2\/tags?post=2299"}],"curies":[{"name":"wp","href":"https:\/\/api.w.org\/{rel}","templated":true}]}}